{"id":4409,"date":"2025-03-04T23:29:58","date_gmt":"2025-03-04T23:29:58","guid":{"rendered":"https:\/\/www.ssaver.gob.mx\/ccs\/?p=4409"},"modified":"2025-05-26T15:54:19","modified_gmt":"2025-05-26T21:54:19","slug":"encuesta-la-voz-de-las-y-los-avales-ciudadanos-periodo-2024-2025","status":"publish","type":"post","link":"https:\/\/www.ssaver.gob.mx\/ccs\/2025\/03\/04\/encuesta-la-voz-de-las-y-los-avales-ciudadanos-periodo-2024-2025\/","title":{"rendered":"ENCUESTA LA VOZ DE LAS Y LOS AVALES CIUDADANOS PERIODO 2024 &#8211; 2025."},"content":{"rendered":"\n<p><strong>COORDINACI\u00d3N DE CALIDAD EN SALUD.<\/strong><\/p>\n\n\n\n<p>01 de marzo de 2025<\/p>\n\n\n\n<figure class=\"wp-block-image alignwide size-large is-style-default\"><img loading=\"lazy\" decoding=\"async\" width=\"455\" height=\"1024\" src=\"https:\/\/www.ssaver.gob.mx\/ccs\/wp-content\/uploads\/sites\/35\/2025\/03\/180x80_cm_Banner-Aval-Ciudadano-2-pdf-455x1024.jpg\" alt=\"\" class=\"wp-image-4410\" \/><\/figure>\n\n\n\n<p class=\"has-text-align-right\">Gracias por su dedicaci\u00f3n y esfuerzo<\/p>\n\n\n\n<p class=\"has-text-align-right\">Coordinaci\u00f3n de Calidad en Salud.<\/p>\n\n\n\n<p><\/p>\n\n\n\n<blockquote class=\"wp-block-quote is-layout-flow wp-block-quote-is-layout-flow\" style=\"font-style:normal;font-weight:300\">\n<p><\/p>\n<\/blockquote>\n\n\n\n<p><\/p>\n","protected":false},"excerpt":{"rendered":"<p>COORDINACI\u00d3N DE CALIDAD EN SALUD. 01 de marzo de 2025 Gracias por su dedicaci\u00f3n y esfuerzo Coordinaci\u00f3n de Calidad en<\/p>\n","protected":false},"author":51,"featured_media":4642,"comment_status":"closed","ping_status":"closed","sticky":false,"template":"","format":"image","meta":{"colormag_page_container_layout":"default_layout","colormag_page_sidebar_layout":"default_layout","footnotes":""},"categories":[6],"tags":[],"class_list":["post-4409","post","type-post","status-publish","format-image","has-post-thumbnail","hentry","category-avisos","post_format-post-format-image"],"_links":{"self":[{"href":"https:\/\/www.ssaver.gob.mx\/ccs\/wp-json\/wp\/v2\/posts\/4409","targetHints":{"allow":["GET"]}}],"collection":[{"href":"https:\/\/www.ssaver.gob.mx\/ccs\/wp-json\/wp\/v2\/posts"}],"about":[{"href":"https:\/\/www.ssaver.gob.mx\/ccs\/wp-json\/wp\/v2\/types\/post"}],"author":[{"embeddable":true,"href":"https:\/\/www.ssaver.gob.mx\/ccs\/wp-json\/wp\/v2\/users\/51"}],"replies":[{"embeddable":true,"href":"https:\/\/www.ssaver.gob.mx\/ccs\/wp-json\/wp\/v2\/comments?post=4409"}],"version-history":[{"count":6,"href":"https:\/\/www.ssaver.gob.mx\/ccs\/wp-json\/wp\/v2\/posts\/4409\/revisions"}],"predecessor-version":[{"id":4418,"href":"https:\/\/www.ssaver.gob.mx\/ccs\/wp-json\/wp\/v2\/posts\/4409\/revisions\/4418"}],"wp:featuredmedia":[{"embeddable":true,"href":"https:\/\/www.ssaver.gob.mx\/ccs\/wp-json\/wp\/v2\/media\/4642"}],"wp:attachment":[{"href":"https:\/\/www.ssaver.gob.mx\/ccs\/wp-json\/wp\/v2\/media?parent=4409"}],"wp:term":[{"taxonomy":"category","embeddable":true,"href":"https:\/\/www.ssaver.gob.mx\/ccs\/wp-json\/wp\/v2\/categories?post=4409"},{"taxonomy":"post_tag","embeddable":true,"href":"https:\/\/www.ssaver.gob.mx\/ccs\/wp-json\/wp\/v2\/tags?post=4409"}],"curies":[{"name":"wp","href":"https:\/\/api.w.org\/{rel}","templated":true}]}}