{"id":4692,"date":"2025-06-24T12:35:13","date_gmt":"2025-06-24T18:35:13","guid":{"rendered":"https:\/\/www.ssaver.gob.mx\/ccs\/?p=4692"},"modified":"2026-04-14T14:39:56","modified_gmt":"2026-04-14T20:39:56","slug":"ganadores-del-concurso-de-higiene-de-manos-2025","status":"publish","type":"post","link":"https:\/\/www.ssaver.gob.mx\/ccs\/2025\/06\/24\/ganadores-del-concurso-de-higiene-de-manos-2025\/","title":{"rendered":"GANADORES DEL CONCURSO DE HIGIENE DE MANOS 2025."},"content":{"rendered":"\n<p class=\"has-medium-font-size\"><strong>COORDINACI\u00d3N DE CALIDAD EN SALUD.<\/strong><\/p>\n\n\n\n<p><strong>El 05 de mayo, se celebr\u00f3 el D\u00eda Mundial de Higiene de Manos, esto con el objetivo de que la pr\u00e1ctica del correcto lavado y desinfecci\u00f3n de manos contribuya a disminuir la resistencia bacteriana.<\/strong><\/p>\n\n\n\n<p class=\"has-medium-font-size\"><strong>Ganadores de la Categor\u00eda de Cartel 2025.<\/strong><\/p>\n\n\n\n<figure class=\"wp-block-image size-large\"><img loading=\"lazy\" decoding=\"async\" width=\"1024\" height=\"576\" src=\"https:\/\/www.ssaver.gob.mx\/ccs\/wp-content\/uploads\/sites\/35\/2025\/06\/GANADORES-CARTEL-1024x576.jpg\" alt=\"\" class=\"wp-image-4708\" srcset=\"https:\/\/www.ssaver.gob.mx\/ccs\/wp-content\/uploads\/sites\/35\/2025\/06\/GANADORES-CARTEL-1024x576.jpg 1024w, https:\/\/www.ssaver.gob.mx\/ccs\/wp-content\/uploads\/sites\/35\/2025\/06\/GANADORES-CARTEL-300x169.jpg 300w, https:\/\/www.ssaver.gob.mx\/ccs\/wp-content\/uploads\/sites\/35\/2025\/06\/GANADORES-CARTEL-768x432.jpg 768w, https:\/\/www.ssaver.gob.mx\/ccs\/wp-content\/uploads\/sites\/35\/2025\/06\/GANADORES-CARTEL-1536x864.jpg 1536w, https:\/\/www.ssaver.gob.mx\/ccs\/wp-content\/uploads\/sites\/35\/2025\/06\/GANADORES-CARTEL-2048x1153.jpg 2048w\" sizes=\"auto, (max-width: 1024px) 100vw, 1024px\" \/><\/figure>\n\n\n\n<p><strong>Primer lugar<\/strong>: <a href=\"https:\/\/www.ssaver.gob.mx\/ccs\/wp-content\/uploads\/sites\/35\/2025\/06\/CARTEL_PRIMER-LUGAR.pdf\" target=\"_blank\" rel=\"noreferrer noopener\">Jennifer Xerani Zea Salas de la Cadena  (Hospital General Cosoleacaque).<\/a><\/p>\n\n\n\n<p><strong>Segundo lugar:<\/strong> <a href=\"https:\/\/www.ssaver.gob.mx\/ccs\/wp-content\/uploads\/sites\/35\/2025\/06\/CARTEL_SEGUNDO-LUGAR.pdf\" target=\"_blank\" rel=\"noreferrer noopener\">Monserrat Hern\u00e1ndez Ronz\u00f3n, Mar\u00eda Fernanda V\u00e1zquez Quintero y Beatr\u00edz Garc\u00eda Castellanos (Hospital \u00c1ngeles Xalapa).<\/a><\/p>\n\n\n\n<p><strong>Tercer lugar:<\/strong> <a href=\"https:\/\/www.ssaver.gob.mx\/ccs\/wp-content\/uploads\/sites\/35\/2025\/06\/CARTEL_TERCER-LUGAR.png\" target=\"_blank\" rel=\"noreferrer noopener\">Alexandra V\u00e1zquez Pelayo,  Augurio Condado Avenda\u00f1o y Jes\u00fas Alberto Canseco Garc\u00eda (Hospital General Tarimoya).<\/a><\/p>\n\n\n\n<p><a href=\"https:\/\/drive.google.com\/drive\/u\/2\/folders\/1Nw9xDiSK2Y8V8TmbwPBtL7s7whn9v3qs\" target=\"_blank\" rel=\"noreferrer noopener\">Carteles Participantes.<\/a><\/p>\n\n\n\n<p class=\"has-medium-font-size\"><strong>Ganadores de la Categor\u00eda de Infograf\u00eda 2025.<\/strong><\/p>\n\n\n\n<figure class=\"wp-block-image size-large\"><img loading=\"lazy\" decoding=\"async\" width=\"1024\" height=\"576\" src=\"https:\/\/www.ssaver.gob.mx\/ccs\/wp-content\/uploads\/sites\/35\/2025\/06\/GANADORES-INFOGRAFIA-1024x576.jpg\" alt=\"\" class=\"wp-image-4709\" srcset=\"https:\/\/www.ssaver.gob.mx\/ccs\/wp-content\/uploads\/sites\/35\/2025\/06\/GANADORES-INFOGRAFIA-1024x576.jpg 1024w, https:\/\/www.ssaver.gob.mx\/ccs\/wp-content\/uploads\/sites\/35\/2025\/06\/GANADORES-INFOGRAFIA-300x169.jpg 300w, https:\/\/www.ssaver.gob.mx\/ccs\/wp-content\/uploads\/sites\/35\/2025\/06\/GANADORES-INFOGRAFIA-768x432.jpg 768w, https:\/\/www.ssaver.gob.mx\/ccs\/wp-content\/uploads\/sites\/35\/2025\/06\/GANADORES-INFOGRAFIA-1536x864.jpg 1536w, https:\/\/www.ssaver.gob.mx\/ccs\/wp-content\/uploads\/sites\/35\/2025\/06\/GANADORES-INFOGRAFIA-2048x1153.jpg 2048w\" sizes=\"auto, (max-width: 1024px) 100vw, 1024px\" \/><\/figure>\n\n\n\n<p><strong>Primer lugar:<\/strong> <a href=\"https:\/\/www.ssaver.gob.mx\/ccs\/wp-content\/uploads\/sites\/35\/2025\/06\/INFOGRAFIA_PRIMER-LUGAR.pdf\" target=\"_blank\" rel=\"noreferrer noopener\">Gerda Irene Guzm\u00e1n Beer y Ariadna Reyes Indoval (Instituto Veracruzano de Salud Mental \u00abDr. Rafael Velasco Fern\u00e1ndez\u00bb).<\/a><\/p>\n\n\n\n<p><strong>Segundo lugar:<\/strong> I<a href=\"https:\/\/www.ssaver.gob.mx\/ccs\/wp-content\/uploads\/sites\/35\/2025\/06\/INFOGRAFIA_SEGUNDO-LUGAR.pdf\" target=\"_blank\" rel=\"noreferrer noopener\">tzel Alejandra Rebolledo Ayala (Hospital General Cosoleacaque).<\/a><\/p>\n\n\n\n<p><strong>Tercer lugar:<\/strong> <a href=\"https:\/\/www.ssaver.gob.mx\/ccs\/wp-content\/uploads\/sites\/35\/2025\/06\/INFOGRAFIA_TERCER-LUGAR.pdf\" target=\"_blank\" rel=\"noreferrer noopener\">Yessica Parissi Poumian e Ivette Morales Vel\u00e1zquez (Sistema de Atenci\u00f3n Integral a la Salud Universidad Veracruzana \u00abSAISUV\u00bb)<\/a><\/p>\n\n\n\n<p><a href=\"https:\/\/drive.google.com\/drive\/u\/2\/folders\/1zNcB_PEOBsLwqLWFggA3YmccEHY9f9u6\" target=\"_blank\" rel=\"noreferrer noopener\">Infograf\u00edas participantes.<\/a><\/p>\n\n\n\n<p class=\"has-medium-font-size\"><strong>Ganadores de la Categor\u00eda de Video 2025.<\/strong><\/p>\n\n\n\n<figure class=\"wp-block-image size-large\"><img loading=\"lazy\" decoding=\"async\" width=\"1024\" height=\"576\" src=\"https:\/\/www.ssaver.gob.mx\/ccs\/wp-content\/uploads\/sites\/35\/2025\/06\/GANADORES-VIDEO-1024x576.jpg\" alt=\"\" class=\"wp-image-4711\" srcset=\"https:\/\/www.ssaver.gob.mx\/ccs\/wp-content\/uploads\/sites\/35\/2025\/06\/GANADORES-VIDEO-1024x576.jpg 1024w, https:\/\/www.ssaver.gob.mx\/ccs\/wp-content\/uploads\/sites\/35\/2025\/06\/GANADORES-VIDEO-300x169.jpg 300w, https:\/\/www.ssaver.gob.mx\/ccs\/wp-content\/uploads\/sites\/35\/2025\/06\/GANADORES-VIDEO-768x432.jpg 768w, https:\/\/www.ssaver.gob.mx\/ccs\/wp-content\/uploads\/sites\/35\/2025\/06\/GANADORES-VIDEO-1536x864.jpg 1536w, https:\/\/www.ssaver.gob.mx\/ccs\/wp-content\/uploads\/sites\/35\/2025\/06\/GANADORES-VIDEO-2048x1153.jpg 2048w\" sizes=\"auto, (max-width: 1024px) 100vw, 1024px\" \/><\/figure>\n\n\n\n<p><strong>Primer lugar:<\/strong> <a href=\"https:\/\/drive.google.com\/drive\/u\/2\/folders\/1pffdWiIQP18G9I8xsj0PetGwcyrN-Vm_\" target=\"_blank\" rel=\"noreferrer noopener\">Saudy Denisse Cruz Yool, Mar\u00eda Fernanda M\u00e9ndez Messinna y Carlos Javier Yeo Camarillo (Hospital General Regional De Orizaba (Hospital General Regional De Orizaba IMSS).<\/a><\/p>\n\n\n\n<p><strong>Segundo lugar:<\/strong> <a href=\"https:\/\/www.ssaver.gob.mx\/ccs\/wp-content\/uploads\/sites\/35\/2025\/06\/VIDEO_SEGUNDO-LUGAR.mp4\" target=\"_blank\" rel=\"noreferrer noopener\">Marlen Rivera S\u00e1nchez, Erendy Hern\u00e1ndez S\u00e1nchez y Kukeme Victoriano Mogica (UNEME Plat\u00f3n S\u00e1nchez).<\/a><\/p>\n\n\n\n<p><strong>Tercer lugar:<\/strong> <a href=\"https:\/\/www.ssaver.gob.mx\/ccs\/wp-content\/uploads\/sites\/35\/2025\/06\/VIDEO_TERCER-LUGAR.mp4\" target=\"_blank\" rel=\"noreferrer noopener\">Adri\u00e1n Fernando Bautista V\u00e1zquez, Gerardo Castillo L\u00f3pez, Gael Morales Hern\u00e1ndez y  Rodrigo Sosa Balderas (Centro de Alta Especialidad \u201cDr. Rafael Lucio\u201d)<\/a><\/p>\n\n\n\n<p><a href=\"https:\/\/drive.google.com\/drive\/u\/2\/folders\/1PdXo-S442n4Nniyovq66jQ8cSw15ih9v\" target=\"_blank\" rel=\"noreferrer noopener\">Videos participantes.<\/a><\/p>\n\n\n\n<p class=\"has-text-align-center has-large-font-size\"><strong> \u00a1Felicidades a todas y todos las ganadoras y ganadores!<\/strong><\/p>\n\n\n\n<p><br><\/p>\n","protected":false},"excerpt":{"rendered":"<p>COORDINACI\u00d3N DE CALIDAD EN SALUD. El 05 de mayo, se celebr\u00f3 el D\u00eda Mundial de Higiene de Manos, esto con<\/p>\n","protected":false},"author":51,"featured_media":5353,"comment_status":"closed","ping_status":"closed","sticky":false,"template":"","format":"status","meta":{"colormag_page_container_layout":"default_layout","colormag_page_sidebar_layout":"default_layout","footnotes":""},"categories":[6],"tags":[],"class_list":["post-4692","post","type-post","status-publish","format-status","has-post-thumbnail","hentry","category-avisos","post_format-post-format-status"],"_links":{"self":[{"href":"https:\/\/www.ssaver.gob.mx\/ccs\/wp-json\/wp\/v2\/posts\/4692","targetHints":{"allow":["GET"]}}],"collection":[{"href":"https:\/\/www.ssaver.gob.mx\/ccs\/wp-json\/wp\/v2\/posts"}],"about":[{"href":"https:\/\/www.ssaver.gob.mx\/ccs\/wp-json\/wp\/v2\/types\/post"}],"author":[{"embeddable":true,"href":"https:\/\/www.ssaver.gob.mx\/ccs\/wp-json\/wp\/v2\/users\/51"}],"replies":[{"embeddable":true,"href":"https:\/\/www.ssaver.gob.mx\/ccs\/wp-json\/wp\/v2\/comments?post=4692"}],"version-history":[{"count":19,"href":"https:\/\/www.ssaver.gob.mx\/ccs\/wp-json\/wp\/v2\/posts\/4692\/revisions"}],"predecessor-version":[{"id":4725,"href":"https:\/\/www.ssaver.gob.mx\/ccs\/wp-json\/wp\/v2\/posts\/4692\/revisions\/4725"}],"wp:featuredmedia":[{"embeddable":true,"href":"https:\/\/www.ssaver.gob.mx\/ccs\/wp-json\/wp\/v2\/media\/5353"}],"wp:attachment":[{"href":"https:\/\/www.ssaver.gob.mx\/ccs\/wp-json\/wp\/v2\/media?parent=4692"}],"wp:term":[{"taxonomy":"category","embeddable":true,"href":"https:\/\/www.ssaver.gob.mx\/ccs\/wp-json\/wp\/v2\/categories?post=4692"},{"taxonomy":"post_tag","embeddable":true,"href":"https:\/\/www.ssaver.gob.mx\/ccs\/wp-json\/wp\/v2\/tags?post=4692"}],"curies":[{"name":"wp","href":"https:\/\/api.w.org\/{rel}","templated":true}]}}