{"id":4785,"date":"2025-08-07T17:35:45","date_gmt":"2025-08-07T23:35:45","guid":{"rendered":"https:\/\/www.ssaver.gob.mx\/ccs\/?p=4785"},"modified":"2026-04-14T14:40:09","modified_gmt":"2026-04-14T20:40:09","slug":"visita-diagnostico-a-la-clinica-hospital-xalapa-issste-de-los-programas-de-calidad-en-salud","status":"publish","type":"post","link":"https:\/\/www.ssaver.gob.mx\/ccs\/2025\/08\/07\/visita-diagnostico-a-la-clinica-hospital-xalapa-issste-de-los-programas-de-calidad-en-salud\/","title":{"rendered":"Visita Diagn\u00f3stico a la Cl\u00ednica Hospital Xalapa (ISSSTE) de los Programas de Calidad en Salud."},"content":{"rendered":"\n<p><\/p>\n\n\n\n<p class=\"has-medium-font-size\"><\/p>\n\n\n\n<p class=\"has-roboto-font-family has-medium-font-size\"><strong><em>El d\u00eda 07 de agosto de 2025, se llev\u00f3 a cabo la visita a la Cl\u00ednica Hospital Xalapa (ISSSTE) por parte del equipo de la Coordinaci\u00f3n de Calidad en Salud, teniendo como objetivo: conocer los M\u00e9todos de trabajo desempe\u00f1ados en la Instituci\u00f3n sobre los Programas de Calidad de la Direcci\u00f3n General de Calidad y Educaci\u00f3n en Salud (DGCES), as\u00ed como asesor\u00eda al personal destinado a la implementaci\u00f3n de los mismos.<\/em><\/strong><\/p>\n\n\n\n<p class=\"has-medium-font-size\"><\/p>\n\n\n\n<figure class=\"wp-block-image size-large\"><img loading=\"lazy\" decoding=\"async\" width=\"1024\" height=\"576\" src=\"https:\/\/www.ssaver.gob.mx\/ccs\/wp-content\/uploads\/sites\/35\/2025\/09\/IMAGEN-1-1024x576.jpeg\" alt=\"\" class=\"wp-image-4787\" srcset=\"https:\/\/www.ssaver.gob.mx\/ccs\/wp-content\/uploads\/sites\/35\/2025\/09\/IMAGEN-1-1024x576.jpeg 1024w, https:\/\/www.ssaver.gob.mx\/ccs\/wp-content\/uploads\/sites\/35\/2025\/09\/IMAGEN-1-300x169.jpeg 300w, https:\/\/www.ssaver.gob.mx\/ccs\/wp-content\/uploads\/sites\/35\/2025\/09\/IMAGEN-1-768x432.jpeg 768w, https:\/\/www.ssaver.gob.mx\/ccs\/wp-content\/uploads\/sites\/35\/2025\/09\/IMAGEN-1.jpeg 1280w\" sizes=\"auto, (max-width: 1024px) 100vw, 1024px\" \/><\/figure>\n\n\n\n<p><\/p>\n\n\n\n<figure class=\"wp-block-image size-large\"><img loading=\"lazy\" decoding=\"async\" width=\"1024\" height=\"472\" src=\"https:\/\/www.ssaver.gob.mx\/ccs\/wp-content\/uploads\/sites\/35\/2025\/09\/IMAGEN-2-1024x472.jpeg\" alt=\"\" class=\"wp-image-4788\" srcset=\"https:\/\/www.ssaver.gob.mx\/ccs\/wp-content\/uploads\/sites\/35\/2025\/09\/IMAGEN-2-1024x472.jpeg 1024w, https:\/\/www.ssaver.gob.mx\/ccs\/wp-content\/uploads\/sites\/35\/2025\/09\/IMAGEN-2-300x138.jpeg 300w, https:\/\/www.ssaver.gob.mx\/ccs\/wp-content\/uploads\/sites\/35\/2025\/09\/IMAGEN-2-768x354.jpeg 768w, https:\/\/www.ssaver.gob.mx\/ccs\/wp-content\/uploads\/sites\/35\/2025\/09\/IMAGEN-2-1536x708.jpeg 1536w, https:\/\/www.ssaver.gob.mx\/ccs\/wp-content\/uploads\/sites\/35\/2025\/09\/IMAGEN-2.jpeg 1600w\" sizes=\"auto, (max-width: 1024px) 100vw, 1024px\" \/><\/figure>\n\n\n\n<p><\/p>\n\n\n\n<p class=\"has-text-align-center has-large-font-size\">#<strong>CalidadSomosTodos<\/strong><\/p>\n\n\n\n<p><br><\/p>\n","protected":false},"excerpt":{"rendered":"<p>El d\u00eda 07 de agosto de 2025, se llev\u00f3 a cabo la visita a la Cl\u00ednica Hospital Xalapa (ISSSTE) por<\/p>\n","protected":false},"author":51,"featured_media":5352,"comment_status":"closed","ping_status":"closed","sticky":false,"template":"","format":"status","meta":{"colormag_page_container_layout":"default_layout","colormag_page_sidebar_layout":"default_layout","footnotes":""},"categories":[6],"tags":[],"class_list":["post-4785","post","type-post","status-publish","format-status","has-post-thumbnail","hentry","category-avisos","post_format-post-format-status"],"_links":{"self":[{"href":"https:\/\/www.ssaver.gob.mx\/ccs\/wp-json\/wp\/v2\/posts\/4785","targetHints":{"allow":["GET"]}}],"collection":[{"href":"https:\/\/www.ssaver.gob.mx\/ccs\/wp-json\/wp\/v2\/posts"}],"about":[{"href":"https:\/\/www.ssaver.gob.mx\/ccs\/wp-json\/wp\/v2\/types\/post"}],"author":[{"embeddable":true,"href":"https:\/\/www.ssaver.gob.mx\/ccs\/wp-json\/wp\/v2\/users\/51"}],"replies":[{"embeddable":true,"href":"https:\/\/www.ssaver.gob.mx\/ccs\/wp-json\/wp\/v2\/comments?post=4785"}],"version-history":[{"count":2,"href":"https:\/\/www.ssaver.gob.mx\/ccs\/wp-json\/wp\/v2\/posts\/4785\/revisions"}],"predecessor-version":[{"id":4789,"href":"https:\/\/www.ssaver.gob.mx\/ccs\/wp-json\/wp\/v2\/posts\/4785\/revisions\/4789"}],"wp:featuredmedia":[{"embeddable":true,"href":"https:\/\/www.ssaver.gob.mx\/ccs\/wp-json\/wp\/v2\/media\/5352"}],"wp:attachment":[{"href":"https:\/\/www.ssaver.gob.mx\/ccs\/wp-json\/wp\/v2\/media?parent=4785"}],"wp:term":[{"taxonomy":"category","embeddable":true,"href":"https:\/\/www.ssaver.gob.mx\/ccs\/wp-json\/wp\/v2\/categories?post=4785"},{"taxonomy":"post_tag","embeddable":true,"href":"https:\/\/www.ssaver.gob.mx\/ccs\/wp-json\/wp\/v2\/tags?post=4785"}],"curies":[{"name":"wp","href":"https:\/\/api.w.org\/{rel}","templated":true}]}}