{"id":4818,"date":"2025-06-19T12:33:30","date_gmt":"2025-06-19T18:33:30","guid":{"rendered":"https:\/\/www.ssaver.gob.mx\/ccs\/?p=4818"},"modified":"2026-04-14T14:39:41","modified_gmt":"2026-04-14T20:39:41","slug":"primer-encuentro-estatal-de-avales-ciudadanos-2025-empoderar-a-la-poblacion-en-construir-ciudadania-en-salud","status":"publish","type":"post","link":"https:\/\/www.ssaver.gob.mx\/ccs\/2025\/06\/19\/primer-encuentro-estatal-de-avales-ciudadanos-2025-empoderar-a-la-poblacion-en-construir-ciudadania-en-salud\/","title":{"rendered":"Primer Encuentro Estatal de Avales Ciudadanos 2025: \u00abEmpoderar a la Poblaci\u00f3n en Construir Ciudadan\u00eda en Salud\u00bb"},"content":{"rendered":"\n<p class=\"has-medium-font-size\"><strong>19 de junio de 2025<\/strong><\/p>\n\n\n\n<figure class=\"wp-block-image size-large\"><img loading=\"lazy\" decoding=\"async\" width=\"1024\" height=\"591\" src=\"https:\/\/www.ssaver.gob.mx\/ccs\/wp-content\/uploads\/sites\/35\/2025\/09\/Portada-convertido-a-2600x1500-1-1024x591.jpeg\" alt=\"\" class=\"wp-image-4834\" srcset=\"https:\/\/www.ssaver.gob.mx\/ccs\/wp-content\/uploads\/sites\/35\/2025\/09\/Portada-convertido-a-2600x1500-1-1024x591.jpeg 1024w, https:\/\/www.ssaver.gob.mx\/ccs\/wp-content\/uploads\/sites\/35\/2025\/09\/Portada-convertido-a-2600x1500-1-300x173.jpeg 300w, https:\/\/www.ssaver.gob.mx\/ccs\/wp-content\/uploads\/sites\/35\/2025\/09\/Portada-convertido-a-2600x1500-1-768x443.jpeg 768w, https:\/\/www.ssaver.gob.mx\/ccs\/wp-content\/uploads\/sites\/35\/2025\/09\/Portada-convertido-a-2600x1500-1-1536x886.jpeg 1536w, https:\/\/www.ssaver.gob.mx\/ccs\/wp-content\/uploads\/sites\/35\/2025\/09\/Portada-convertido-a-2600x1500-1-2048x1182.jpeg 2048w\" sizes=\"auto, (max-width: 1024px) 100vw, 1024px\" \/><\/figure>\n\n\n\n<p class=\"has-medium-font-size\">El 19 de junio de 2025, se llev\u00f3 a cabo el <strong>Primer Encuentro Estatal de Avales Ciudadanos 2025 \u201c Empoderar a la Poblaci\u00f3n en Construir Ciudadan\u00eda en Salud\u201d<\/strong>, cuyo objetivo es fortalecer las acciones de las Personas y Organizaciones que colaboran como Aval Ciudadano en los Establecimientos de Salud de las Instituciones del Sector Salud de la Entidad Federativa. Dirigido a los Responsables Estatales e Instituciones de Calidad y Personas, Asociaciones o Instituciones Acad\u00e9micas con funciones de Aval Ciudadano en los Establecimientos de Atenci\u00f3n M\u00e9dica de la Entidad Federativa.<\/p>\n\n\n\n<p class=\"has-medium-font-size\">Destacando la valiosa participaci\u00f3n como ponentes a:<\/p>\n\n\n\n<p class=\"has-medium-font-size\">*<strong>Dr. Arturo Aguilar Ye.<\/strong> Director General del \u00c1rea Acad\u00e9mica de Ciencias de la Salud de la Universidad Veracruzana.<\/p>\n\n\n\n<p class=\"has-medium-font-size\">*<strong>Lic. Juan Carlos Utrera Garc\u00eda<\/strong>, Jefe del Departamento de Conciliaci\u00f3n de la Comisi\u00f3n de Arbitraje M\u00e9dico del Estado de Veracruz. CODAMEVER<\/p>\n\n\n\n<p class=\"has-medium-font-size\">As\u00ed mismo se cont\u00f3 con la excelente participaci\u00f3n de las y los Avales Ciudadanos compartiendonos sus experiencias en sus Unidades M\u00e9dicas, y respaldados de las y los Gestores (as)\/Responsables de Calidad en Salud de las diferentes Instituciones del Sector:<\/p>\n\n\n\n<p class=\"has-medium-font-size\">*<strong>L.N. Claud\u00eda Hern\u00e1ndez Portela<\/strong>, Gestora de Calidad en Salud  de la Jurisdicci\u00f3n Sanitaria No. VII \u2013 Orizaba.<\/p>\n\n\n\n<p class=\"has-medium-font-size\">*<strong>C. Abund\u00eda Barojas Xochicale<\/strong>, Aval Ciudadano del C.S.R. Potrerillo de la<\/p>\n\n\n\n<p class=\"has-medium-font-size\">*<strong>Teniente de Nav\u00edo SSN. LEN. M\u00f3nica Alacio V\u00e1zquez<\/strong>, Jefa del Departamento de Mejora Continua de la Atenci\u00f3n del Hospital Naval de Especialidades de Veracruz.<\/p>\n\n\n\n<p class=\"has-medium-font-size\">*<strong>Lic. Griselda Olivia Garc\u00eda Gonz\u00e1lez<\/strong>, Aval Ciudadano \u00abUniversidad del Valle de M\u00e9xico\u00bb.<\/p>\n\n\n\n<p class=\"has-medium-font-size\">*<strong>Lic. Mar\u00eda Teresa Franco Deschamps.<\/strong> Apoyo de Calidad en Salud de la Jurisdicci\u00f3n Sanitaria No. VIII \u2013 Veracruz.<\/p>\n\n\n\n<p class=\"has-medium-font-size\">*<strong>C. Luz Mar\u00eda Delgado Osorio<\/strong>, Aval Ciudadano del C.S. Veracruz Col. Ru\u00edz Cortines de la Jurisdicci\u00f3n Sanitaria No. VIII \u2013 Veracruz.<\/p>\n\n\n\n<p class=\"has-medium-font-size\">*<strong>C. Beatr\u00edz Bustos Molina<\/strong>, Aval Ciudadano del C.S. Tlalixcoyan de la Jurisdicci\u00f3n Sanitaria No. VIII \u2013 Veracruz.<\/p>\n\n\n\n<p class=\"has-medium-font-size\"><strong>*MASS. Jose de Jes\u00fas V\u00e1zquez S\u00e1nchez<\/strong>, Coordinador Estatal de Calidad de la Delegaci\u00f3n del Instituto de Seguridad y Servicios Sociales de los Trabajadores del Estado. ( ISSSTE)<\/p>\n\n\n\n<p class=\"has-medium-font-size\">*<strong>Mtro. Carlos Germ\u00e1n B\u00e1ez Olmos<\/strong>, Aval Ciudadano de la Cl\u00ednica Hospital ISSSTE Xalapa.<\/p>\n\n\n\n<p class=\"has-medium-font-size\">*<strong>LTS. Sof\u00eda Tenorio Vel\u00e1zquez<\/strong>, Gestora de Calidad en Salud del Hospital General de Tarimoya.<\/p>\n\n\n\n<p class=\"has-medium-font-size\">*<strong>Dra. Gloria L\u00f3pez Mora<\/strong>, Aval Ciudadano del Hospital General de Tarimoya.<\/p>\n\n\n\n<p class=\"has-medium-font-size\">*<strong>Teniente de Nav\u00edo SSN Yamileth Mu\u00f1iz Dom\u00ednguez<\/strong>, Responsable Accidental del Departamento de Calidad del Hospital Naval de Coatzacoalcos.<\/p>\n\n\n\n<p class=\"has-medium-font-size\">*<strong>C. Favio Sergio G\u00f3mez Figueroa<\/strong>, Aval Ciudadano del Hospital Naval de Coatzacoalcos.<\/p>\n\n\n\n<p class=\"has-text-align-center has-large-font-size\"><strong>Agradeciendo a todas y todos su participaci\u00f3n en este memorable evento en su primera edici\u00f3n.<\/strong><\/p>\n\n\n\n<p class=\"has-text-align-center has-large-font-size\"><strong>\u00a1Muchas Felicidades!<\/strong><\/p>\n\n\n\n<hr class=\"wp-block-separator has-alpha-channel-opacity\" \/>\n\n\n\n<h2 class=\"wp-block-heading\">Participantes del Encuentro Estatal de Avales Ciudadanos.<\/h2>\n\n\n\n<figure class=\"wp-block-image size-large is-resized\"><img loading=\"lazy\" decoding=\"async\" width=\"1024\" height=\"576\" src=\"https:\/\/www.ssaver.gob.mx\/ccs\/wp-content\/uploads\/sites\/35\/2025\/09\/cuerpo-1024x576.png\" alt=\"\" class=\"wp-image-4825\" style=\"width:1140px;height:auto\" srcset=\"https:\/\/www.ssaver.gob.mx\/ccs\/wp-content\/uploads\/sites\/35\/2025\/09\/cuerpo-1024x576.png 1024w, https:\/\/www.ssaver.gob.mx\/ccs\/wp-content\/uploads\/sites\/35\/2025\/09\/cuerpo-300x169.png 300w, https:\/\/www.ssaver.gob.mx\/ccs\/wp-content\/uploads\/sites\/35\/2025\/09\/cuerpo-768x432.png 768w, https:\/\/www.ssaver.gob.mx\/ccs\/wp-content\/uploads\/sites\/35\/2025\/09\/cuerpo-1536x863.png 1536w\" sizes=\"auto, (max-width: 1024px) 100vw, 1024px\" \/><\/figure>\n\n\n\n<hr class=\"wp-block-separator has-alpha-channel-opacity\" \/>\n\n\n\n<h2 class=\"wp-block-heading\">Participantes del Encuentro de Avales Ciudadanos<\/h2>\n\n\n\n<figure class=\"wp-block-image size-large\"><img loading=\"lazy\" decoding=\"async\" width=\"1024\" height=\"591\" src=\"https:\/\/www.ssaver.gob.mx\/ccs\/wp-content\/uploads\/sites\/35\/2025\/09\/Captura-de-pantalla-2025-06-19-a-las-2.15.13-p.m.-convertido-a-2600x1500-1-1024x591.jpeg\" alt=\"\" class=\"wp-image-4837\" srcset=\"https:\/\/www.ssaver.gob.mx\/ccs\/wp-content\/uploads\/sites\/35\/2025\/09\/Captura-de-pantalla-2025-06-19-a-las-2.15.13-p.m.-convertido-a-2600x1500-1-1024x591.jpeg 1024w, https:\/\/www.ssaver.gob.mx\/ccs\/wp-content\/uploads\/sites\/35\/2025\/09\/Captura-de-pantalla-2025-06-19-a-las-2.15.13-p.m.-convertido-a-2600x1500-1-300x173.jpeg 300w, https:\/\/www.ssaver.gob.mx\/ccs\/wp-content\/uploads\/sites\/35\/2025\/09\/Captura-de-pantalla-2025-06-19-a-las-2.15.13-p.m.-convertido-a-2600x1500-1-768x443.jpeg 768w, https:\/\/www.ssaver.gob.mx\/ccs\/wp-content\/uploads\/sites\/35\/2025\/09\/Captura-de-pantalla-2025-06-19-a-las-2.15.13-p.m.-convertido-a-2600x1500-1-1536x886.jpeg 1536w, https:\/\/www.ssaver.gob.mx\/ccs\/wp-content\/uploads\/sites\/35\/2025\/09\/Captura-de-pantalla-2025-06-19-a-las-2.15.13-p.m.-convertido-a-2600x1500-1-2048x1182.jpeg 2048w\" sizes=\"auto, (max-width: 1024px) 100vw, 1024px\" \/><\/figure>\n\n\n\n<hr class=\"wp-block-separator has-alpha-channel-opacity\" \/>\n\n\n\n<h2 class=\"wp-block-heading\">Participaci\u00f3n del Hospital Naval de Especialidades de Veracruz.<\/h2>\n\n\n\n<figure class=\"wp-block-image size-full\"><img decoding=\"async\" src=\"https:\/\/www.ssaver.gob.mx\/ccs\/wp-content\/uploads\/sites\/35\/2025\/09\/Captura-de-pantalla-2025-06-19-a-las-12.56.20-p.m.png\" alt=\"\" class=\"wp-image-4822\" \/><\/figure>\n\n\n\n<hr class=\"wp-block-separator has-alpha-channel-opacity\" \/>\n\n\n\n<h2 class=\"wp-block-heading\">Hospital de la Comunidad de Tlapacoyan.<\/h2>\n\n\n\n<hr class=\"wp-block-separator has-alpha-channel-opacity\" \/>\n\n\n\n<figure class=\"wp-block-image size-large\"><img loading=\"lazy\" decoding=\"async\" width=\"1024\" height=\"768\" src=\"https:\/\/www.ssaver.gob.mx\/ccs\/wp-content\/uploads\/sites\/35\/2025\/09\/1000545206-1024x768.jpg\" alt=\"\" class=\"wp-image-4829\" srcset=\"https:\/\/www.ssaver.gob.mx\/ccs\/wp-content\/uploads\/sites\/35\/2025\/09\/1000545206-1024x768.jpg 1024w, https:\/\/www.ssaver.gob.mx\/ccs\/wp-content\/uploads\/sites\/35\/2025\/09\/1000545206-300x225.jpg 300w, https:\/\/www.ssaver.gob.mx\/ccs\/wp-content\/uploads\/sites\/35\/2025\/09\/1000545206-768x576.jpg 768w, https:\/\/www.ssaver.gob.mx\/ccs\/wp-content\/uploads\/sites\/35\/2025\/09\/1000545206-1536x1152.jpg 1536w, https:\/\/www.ssaver.gob.mx\/ccs\/wp-content\/uploads\/sites\/35\/2025\/09\/1000545206.jpg 1600w\" sizes=\"auto, (max-width: 1024px) 100vw, 1024px\" \/><\/figure>\n\n\n\n<hr class=\"wp-block-separator has-alpha-channel-opacity\" \/>\n\n\n\n<h2 class=\"wp-block-heading\">Hospital General de Oluta -Acayucan.<\/h2>\n\n\n\n<figure class=\"wp-block-image size-large\"><img loading=\"lazy\" decoding=\"async\" width=\"1024\" height=\"771\" src=\"https:\/\/www.ssaver.gob.mx\/ccs\/wp-content\/uploads\/sites\/35\/2025\/09\/IMG_20250619_143426752-1024x771.jpg\" alt=\"\" class=\"wp-image-4830\" srcset=\"https:\/\/www.ssaver.gob.mx\/ccs\/wp-content\/uploads\/sites\/35\/2025\/09\/IMG_20250619_143426752-1024x771.jpg 1024w, https:\/\/www.ssaver.gob.mx\/ccs\/wp-content\/uploads\/sites\/35\/2025\/09\/IMG_20250619_143426752-300x226.jpg 300w, https:\/\/www.ssaver.gob.mx\/ccs\/wp-content\/uploads\/sites\/35\/2025\/09\/IMG_20250619_143426752-768x578.jpg 768w, https:\/\/www.ssaver.gob.mx\/ccs\/wp-content\/uploads\/sites\/35\/2025\/09\/IMG_20250619_143426752-1536x1157.jpg 1536w, https:\/\/www.ssaver.gob.mx\/ccs\/wp-content\/uploads\/sites\/35\/2025\/09\/IMG_20250619_143426752-2048x1542.jpg 2048w\" sizes=\"auto, (max-width: 1024px) 100vw, 1024px\" \/><\/figure>\n\n\n\n<hr class=\"wp-block-separator has-alpha-channel-opacity\" \/>\n\n\n\n<h2 class=\"wp-block-heading\">Jurisdicci\u00f3n Sanitaria No. VIII -Veracruz.<\/h2>\n\n\n\n<figure class=\"wp-block-image size-large is-resized\"><img loading=\"lazy\" decoding=\"async\" width=\"1024\" height=\"558\" src=\"https:\/\/www.ssaver.gob.mx\/ccs\/wp-content\/uploads\/sites\/35\/2025\/09\/Copia-de-WhatsApp-Image-2025-06-19-at-15.57.34-1024x558.jpeg\" alt=\"\" class=\"wp-image-4823\" style=\"width:1022px;height:auto\" srcset=\"https:\/\/www.ssaver.gob.mx\/ccs\/wp-content\/uploads\/sites\/35\/2025\/09\/Copia-de-WhatsApp-Image-2025-06-19-at-15.57.34-1024x558.jpeg 1024w, https:\/\/www.ssaver.gob.mx\/ccs\/wp-content\/uploads\/sites\/35\/2025\/09\/Copia-de-WhatsApp-Image-2025-06-19-at-15.57.34-300x164.jpeg 300w, https:\/\/www.ssaver.gob.mx\/ccs\/wp-content\/uploads\/sites\/35\/2025\/09\/Copia-de-WhatsApp-Image-2025-06-19-at-15.57.34-768x419.jpeg 768w, https:\/\/www.ssaver.gob.mx\/ccs\/wp-content\/uploads\/sites\/35\/2025\/09\/Copia-de-WhatsApp-Image-2025-06-19-at-15.57.34.jpeg 1280w\" sizes=\"auto, (max-width: 1024px) 100vw, 1024px\" \/><\/figure>\n\n\n\n<hr class=\"wp-block-separator has-alpha-channel-opacity\" \/>\n\n\n\n<h2 class=\"wp-block-heading\">Jurisdicci\u00f3n Sanitaria No. IV Mart\u00ednez de la Torre.<\/h2>\n\n\n\n<figure class=\"wp-block-image size-large\"><img loading=\"lazy\" decoding=\"async\" width=\"1024\" height=\"576\" src=\"https:\/\/www.ssaver.gob.mx\/ccs\/wp-content\/uploads\/sites\/35\/2025\/09\/1000064390-1024x576.jpg\" alt=\"\" class=\"wp-image-4831\" srcset=\"https:\/\/www.ssaver.gob.mx\/ccs\/wp-content\/uploads\/sites\/35\/2025\/09\/1000064390-1024x576.jpg 1024w, https:\/\/www.ssaver.gob.mx\/ccs\/wp-content\/uploads\/sites\/35\/2025\/09\/1000064390-300x169.jpg 300w, https:\/\/www.ssaver.gob.mx\/ccs\/wp-content\/uploads\/sites\/35\/2025\/09\/1000064390-768x432.jpg 768w, https:\/\/www.ssaver.gob.mx\/ccs\/wp-content\/uploads\/sites\/35\/2025\/09\/1000064390-1536x864.jpg 1536w, https:\/\/www.ssaver.gob.mx\/ccs\/wp-content\/uploads\/sites\/35\/2025\/09\/1000064390.jpg 1600w\" sizes=\"auto, (max-width: 1024px) 100vw, 1024px\" \/><\/figure>\n\n\n\n<hr class=\"wp-block-separator has-alpha-channel-opacity\" \/>\n\n\n\n<h2 class=\"wp-block-heading\">Jurisdicci\u00f3n Sanitaria No. XI &#8211; Coatzacoalcos.<\/h2>\n\n\n\n<figure class=\"wp-block-image size-large\"><img loading=\"lazy\" decoding=\"async\" width=\"576\" height=\"1024\" src=\"https:\/\/www.ssaver.gob.mx\/ccs\/wp-content\/uploads\/sites\/35\/2025\/09\/Cosoleacaque-576x1024.jpg\" alt=\"\" class=\"wp-image-4832\" srcset=\"https:\/\/www.ssaver.gob.mx\/ccs\/wp-content\/uploads\/sites\/35\/2025\/09\/Cosoleacaque-576x1024.jpg 576w, https:\/\/www.ssaver.gob.mx\/ccs\/wp-content\/uploads\/sites\/35\/2025\/09\/Cosoleacaque-169x300.jpg 169w, https:\/\/www.ssaver.gob.mx\/ccs\/wp-content\/uploads\/sites\/35\/2025\/09\/Cosoleacaque.jpg 720w\" sizes=\"auto, (max-width: 576px) 100vw, 576px\" \/><\/figure>\n\n\n\n<figure class=\"wp-block-image size-large\"><img loading=\"lazy\" decoding=\"async\" width=\"767\" height=\"1024\" src=\"https:\/\/www.ssaver.gob.mx\/ccs\/wp-content\/uploads\/sites\/35\/2025\/09\/Javier-Rojo-Gomez-767x1024.jpg\" alt=\"\" class=\"wp-image-4833\" srcset=\"https:\/\/www.ssaver.gob.mx\/ccs\/wp-content\/uploads\/sites\/35\/2025\/09\/Javier-Rojo-Gomez-767x1024.jpg 767w, https:\/\/www.ssaver.gob.mx\/ccs\/wp-content\/uploads\/sites\/35\/2025\/09\/Javier-Rojo-Gomez-225x300.jpg 225w, https:\/\/www.ssaver.gob.mx\/ccs\/wp-content\/uploads\/sites\/35\/2025\/09\/Javier-Rojo-Gomez-768x1026.jpg 768w, https:\/\/www.ssaver.gob.mx\/ccs\/wp-content\/uploads\/sites\/35\/2025\/09\/Javier-Rojo-Gomez-1150x1536.jpg 1150w, https:\/\/www.ssaver.gob.mx\/ccs\/wp-content\/uploads\/sites\/35\/2025\/09\/Javier-Rojo-Gomez.jpg 1198w\" sizes=\"auto, (max-width: 767px) 100vw, 767px\" \/><\/figure>\n\n\n\n<hr class=\"wp-block-separator has-alpha-channel-opacity\" \/>\n\n\n\n<h2 class=\"wp-block-heading\">Hospital de la Comunidad de Guti\u00e9rrez Zamora.<\/h2>\n\n\n\n<figure class=\"wp-block-image size-large\"><img loading=\"lazy\" decoding=\"async\" width=\"1024\" height=\"473\" src=\"https:\/\/www.ssaver.gob.mx\/ccs\/wp-content\/uploads\/sites\/35\/2025\/09\/2025-06-19-at-12.52.55-1024x473.jpeg\" alt=\"\" class=\"wp-image-4826\" srcset=\"https:\/\/www.ssaver.gob.mx\/ccs\/wp-content\/uploads\/sites\/35\/2025\/09\/2025-06-19-at-12.52.55-1024x473.jpeg 1024w, https:\/\/www.ssaver.gob.mx\/ccs\/wp-content\/uploads\/sites\/35\/2025\/09\/2025-06-19-at-12.52.55-300x139.jpeg 300w, https:\/\/www.ssaver.gob.mx\/ccs\/wp-content\/uploads\/sites\/35\/2025\/09\/2025-06-19-at-12.52.55-768x355.jpeg 768w, https:\/\/www.ssaver.gob.mx\/ccs\/wp-content\/uploads\/sites\/35\/2025\/09\/2025-06-19-at-12.52.55.jpeg 1280w\" sizes=\"auto, (max-width: 1024px) 100vw, 1024px\" \/><\/figure>\n\n\n\n<hr class=\"wp-block-separator has-alpha-channel-opacity\" \/>\n\n\n\n<h2 class=\"wp-block-heading\">Aval del Hospital General de Huatusco.<\/h2>\n\n\n\n<figure class=\"wp-block-image size-large\"><img loading=\"lazy\" decoding=\"async\" width=\"576\" height=\"1024\" src=\"https:\/\/www.ssaver.gob.mx\/ccs\/wp-content\/uploads\/sites\/35\/2025\/09\/image0-5-576x1024.jpeg\" alt=\"\" class=\"wp-image-4843\" srcset=\"https:\/\/www.ssaver.gob.mx\/ccs\/wp-content\/uploads\/sites\/35\/2025\/09\/image0-5-576x1024.jpeg 576w, https:\/\/www.ssaver.gob.mx\/ccs\/wp-content\/uploads\/sites\/35\/2025\/09\/image0-5-169x300.jpeg 169w, https:\/\/www.ssaver.gob.mx\/ccs\/wp-content\/uploads\/sites\/35\/2025\/09\/image0-5-768x1366.jpeg 768w, https:\/\/www.ssaver.gob.mx\/ccs\/wp-content\/uploads\/sites\/35\/2025\/09\/image0-5-864x1536.jpeg 864w, https:\/\/www.ssaver.gob.mx\/ccs\/wp-content\/uploads\/sites\/35\/2025\/09\/image0-5.jpeg 899w\" sizes=\"auto, (max-width: 576px) 100vw, 576px\" \/><\/figure>\n","protected":false},"excerpt":{"rendered":"<p>19 de junio de 2025 El 19 de junio de 2025, se llev\u00f3 a cabo el Primer Encuentro Estatal de<\/p>\n","protected":false},"author":51,"featured_media":5354,"comment_status":"closed","ping_status":"closed","sticky":false,"template":"","format":"status","meta":{"colormag_page_container_layout":"default_layout","colormag_page_sidebar_layout":"default_layout","footnotes":""},"categories":[6],"tags":[],"class_list":["post-4818","post","type-post","status-publish","format-status","has-post-thumbnail","hentry","category-avisos","post_format-post-format-status"],"_links":{"self":[{"href":"https:\/\/www.ssaver.gob.mx\/ccs\/wp-json\/wp\/v2\/posts\/4818","targetHints":{"allow":["GET"]}}],"collection":[{"href":"https:\/\/www.ssaver.gob.mx\/ccs\/wp-json\/wp\/v2\/posts"}],"about":[{"href":"https:\/\/www.ssaver.gob.mx\/ccs\/wp-json\/wp\/v2\/types\/post"}],"author":[{"embeddable":true,"href":"https:\/\/www.ssaver.gob.mx\/ccs\/wp-json\/wp\/v2\/users\/51"}],"replies":[{"embeddable":true,"href":"https:\/\/www.ssaver.gob.mx\/ccs\/wp-json\/wp\/v2\/comments?post=4818"}],"version-history":[{"count":12,"href":"https:\/\/www.ssaver.gob.mx\/ccs\/wp-json\/wp\/v2\/posts\/4818\/revisions"}],"predecessor-version":[{"id":4850,"href":"https:\/\/www.ssaver.gob.mx\/ccs\/wp-json\/wp\/v2\/posts\/4818\/revisions\/4850"}],"wp:featuredmedia":[{"embeddable":true,"href":"https:\/\/www.ssaver.gob.mx\/ccs\/wp-json\/wp\/v2\/media\/5354"}],"wp:attachment":[{"href":"https:\/\/www.ssaver.gob.mx\/ccs\/wp-json\/wp\/v2\/media?parent=4818"}],"wp:term":[{"taxonomy":"category","embeddable":true,"href":"https:\/\/www.ssaver.gob.mx\/ccs\/wp-json\/wp\/v2\/categories?post=4818"},{"taxonomy":"post_tag","embeddable":true,"href":"https:\/\/www.ssaver.gob.mx\/ccs\/wp-json\/wp\/v2\/tags?post=4818"}],"curies":[{"name":"wp","href":"https:\/\/api.w.org\/{rel}","templated":true}]}}