{"id":1641,"date":"2025-07-08T13:34:53","date_gmt":"2025-07-08T18:34:53","guid":{"rendered":"https:\/\/www.ssaver.gob.mx\/ceca\/?p=1641"},"modified":"2025-09-09T10:28:13","modified_gmt":"2025-09-09T15:28:13","slug":"en-el-marco-del-dia-internacional-de-la-lucha-contra-el-uso-indebido-y-trafico-ilicito-de-drogas","status":"publish","type":"post","link":"https:\/\/www.ssaver.gob.mx\/ceca\/2025\/07\/08\/en-el-marco-del-dia-internacional-de-la-lucha-contra-el-uso-indebido-y-trafico-ilicito-de-drogas\/","title":{"rendered":"10 DE SEPTIEMBRE D\u00cdA MUNDIAL PARA LA PREVENCI\u00d3N DEL SUICIDIO"},"content":{"rendered":"\n<p class=\"has-medium-font-size\">Veracruz unido por la cultura, cambiando la narrativa sobre el suicidio.<\/p>\n\n\n\n<p><img loading=\"lazy\" decoding=\"async\" height=\"16\" width=\"16\" alt=\"\ud83e\udde0\" src=\"https:\/\/static.xx.fbcdn.net\/images\/emoji.php\/v9\/t1b\/2\/16\/1f9e0.png\"> Este 10 de septiembre conmemoramos el D\u00eda Mundial para la Prevenci\u00f3n del Suicidio.<\/p>\n\n\n\n<p>Te <a><\/a>invitamos a sumarte a las actividades en el Auditorio IMAC de Xalapa, de 10:00 a 13:00 hrs, donde hablaremos sobre la importancia de cambiar la forma en que entendemos y conversamos sobre la salud mental.<\/p>\n\n\n\n<p>Habr\u00e1 m\u00f3dulos informativos de distintas instituciones y organizaciones que trabajan d\u00eda a d\u00eda en la prevenci\u00f3n y el acompa\u00f1amiento.<\/p>\n\n\n\n<p>Contaremos con m\u00f3dulos informativos del Centro de Integraci\u00f3n Juvenil, Alcoh\u00f3licos An\u00f3nimos, Familias An\u00f3nimas, Al-Anon A.C., CECOSAMAS, Instituto Veracruzano de Salud Mental, SIPINNA, DIF Municipal Banderilla, entre otros.<\/p>\n\n\n\n<p><img loading=\"lazy\" decoding=\"async\" height=\"16\" width=\"16\" alt=\"\ud83d\udc49\" src=\"https:\/\/static.xx.fbcdn.net\/images\/emoji.php\/v9\/tf0\/2\/16\/1f449.png\"> Ven, participa y ayudemos juntos a cambiar estigmas.<\/p>\n\n\n\n<p><\/p>\n","protected":false},"excerpt":{"rendered":"<p>Veracruz unido por la cultura, cambiando la narrativa sobre el suicidio. Este 10 de septiembre conmemoramos el D\u00eda Mundial para<\/p>\n","protected":false},"author":63,"featured_media":1792,"comment_status":"closed","ping_status":"","sticky":false,"template":"","format":"standard","meta":{"colormag_page_container_layout":"default_layout","colormag_page_sidebar_layout":"default_layout","footnotes":""},"categories":[6],"tags":[],"class_list":["post-1641","post","type-post","status-publish","format-standard","has-post-thumbnail","hentry","category-principal"],"_links":{"self":[{"href":"https:\/\/www.ssaver.gob.mx\/ceca\/wp-json\/wp\/v2\/posts\/1641","targetHints":{"allow":["GET"]}}],"collection":[{"href":"https:\/\/www.ssaver.gob.mx\/ceca\/wp-json\/wp\/v2\/posts"}],"about":[{"href":"https:\/\/www.ssaver.gob.mx\/ceca\/wp-json\/wp\/v2\/types\/post"}],"author":[{"embeddable":true,"href":"https:\/\/www.ssaver.gob.mx\/ceca\/wp-json\/wp\/v2\/users\/63"}],"replies":[{"embeddable":true,"href":"https:\/\/www.ssaver.gob.mx\/ceca\/wp-json\/wp\/v2\/comments?post=1641"}],"version-history":[{"count":5,"href":"https:\/\/www.ssaver.gob.mx\/ceca\/wp-json\/wp\/v2\/posts\/1641\/revisions"}],"predecessor-version":[{"id":1793,"href":"https:\/\/www.ssaver.gob.mx\/ceca\/wp-json\/wp\/v2\/posts\/1641\/revisions\/1793"}],"wp:featuredmedia":[{"embeddable":true,"href":"https:\/\/www.ssaver.gob.mx\/ceca\/wp-json\/wp\/v2\/media\/1792"}],"wp:attachment":[{"href":"https:\/\/www.ssaver.gob.mx\/ceca\/wp-json\/wp\/v2\/media?parent=1641"}],"wp:term":[{"taxonomy":"category","embeddable":true,"href":"https:\/\/www.ssaver.gob.mx\/ceca\/wp-json\/wp\/v2\/categories?post=1641"},{"taxonomy":"post_tag","embeddable":true,"href":"https:\/\/www.ssaver.gob.mx\/ceca\/wp-json\/wp\/v2\/tags?post=1641"}],"curies":[{"name":"wp","href":"https:\/\/api.w.org\/{rel}","templated":true}]}}