{"id":2653,"date":"2024-12-24T10:00:19","date_gmt":"2024-12-24T16:00:19","guid":{"rendered":"https:\/\/www.ssaver.gob.mx\/difusion\/?p=2653"},"modified":"2025-09-11T13:39:09","modified_gmt":"2025-09-11T18:39:09","slug":"historia-de-navidad","status":"publish","type":"post","link":"https:\/\/www.ssaver.gob.mx\/difusion\/2024\/12\/24\/historia-de-navidad\/","title":{"rendered":"Lo dieron por muerto hace 12 a\u00f1os"},"content":{"rendered":"\n<p class=\"blockart-paragraph blockart-paragraph-7d836d7b\"><strong>Lo dieron por muerto hace 12 a\u00f1os, personal del hospital General de Cardel lo lleva con su familia<\/strong><\/p>\n\n\n\n<p class=\"blockart-paragraph blockart-paragraph-52e3a3e9\">&#8211; Persona en situaci\u00f3n de calle vuelve a casa tras 16 a\u00f1os de ausencia gracias al trabajo del personal de los Servicios de Salud del Estado de Veracruz.<\/p>\n\n\n\n<p>Personal del Hospital General de Cardel, Veracruz logr\u00f3 que un hombre en condici\u00f3n de calle, originario de Sonora, se reencontrara con su familia tras ser arrollado por una motocicleta en un cruce muy conocido de la localidad.<br>&nbsp;<br>La noche del 11 de agosto de 2024 ocurri\u00f3 un accidente en el que se vio involucrada una motocicleta que embisti\u00f3 a quien hasta ese momento era conocido como el \u201cJack Sparrow\u201d de Cardel, quien sufri\u00f3 fractura de tibia y peron\u00e9 de la pierna derecha y fue llevado inmediatamente al servicio de urgencias del Hospital que forma parte de los Servicios de Salud de Veracruz.<br>&nbsp;<br>Como corresponde al protocolo, el \u00e1rea de trabajo social del hospital busc\u00f3 alg\u00fan familiar que pudiera hacerse responsable del paciente y autorizar su traslado a Boca del R\u00edo para ser intervenido quir\u00fargicamente, pero sin obtener resultados positivos.<br>&nbsp;<br>\u201cSe levanto la ficha de b\u00fasqueda en Xalapa en lo que fue el departamento de b\u00fasqueda a personas, se hizo la ficha, nosotros la boletinamos para ver si se pod\u00eda encontrar a la familia, pero pues finalmente no\u201d, precis\u00f3 Fabiola Santamar\u00eda Hern\u00e1ndez, trabajadora social del turno vespertino.<br>&nbsp;<br>Sin embargo, esto no fue impedimento para que todo el personal m\u00e9dico del Hospital General de Cardel se involucrara en la atenci\u00f3n y cuidados de quien, hasta ese momento permanec\u00eda internado en calidad de desconocido, como refiri\u00f3 la encargada de Trabajo Social Noem\u00ed Valdivia Estrella.<br>&nbsp;<br>\u201cCreo que todos los pacientes son valiosos. Nosotros llegamos a este mundo sin una identidad, no traemos una INE no traemos un CURP. Somos un ser humano y como ser humano tenemos derecho y \u00bfCu\u00e1l es el derecho?, pues a la salud\u201d, detall\u00f3.<br>&nbsp;<br>Con el respaldo y apoyo del director del hospital, doctor Francisco Perrot\u00edn Cadena, todo el personal aport\u00f3 su granito de arena para estabilizar al paciente, buscar que su fractura sanara, pero lo m\u00e1s importante, arroparlo y brindarle una mejor calidad de vida para cuando regresara a su hogar.<br><strong>&nbsp;<br>El Paciente de la Cama 15<\/strong><br>No pas\u00f3 mucho tiempo para que el paciente de la cama 15 reaccionara de manera positiva a los cuidados y atenciones de las pasantes de enfermer\u00eda, camilleros y hasta personal de limpieza le brindaran durante su estancia.<br>&nbsp;<br>\u201cYo sab\u00eda que lo ten\u00edamos que cuidar, darle todas las atenciones que cualquier persona merece; primero fue que le dimos un ba\u00f1o, le cortamos el cabello, las u\u00f1as\u201d, se\u00f1al\u00f3 Jocelyn Joana Rojas Ortega, pasante de enfermer\u00eda.<br>&nbsp;<br>A pesar de su condici\u00f3n de calle, el paciente de la cama 15 dijo llamarse Gordon Valenzuela, pero sin recordar m\u00e1s sobre su persona o tener alg\u00fan v\u00ednculo familiar en Cardel, de donde la mayor\u00eda pensaba que era originario.<br>&nbsp;<br>Sin un familiar que diera el aval para que \u201cGordon\u201d fuera intervenido quir\u00fargicamente de la pierna derecha, el director del Hospital General de Cardel realiz\u00f3 las gestiones necesarias ante el sistema DIF de la localidad para poder trasladar al paciente a un hospital de Boca del R\u00edo para ser operado.<br>&nbsp;<br>\u201cPero el paciente no quiso ser atendido, no se quiso operar en ese entonces. Entonces resolvieron colocando una bota de yeso\u201d, revel\u00f3 el doctor Francisco Perrot\u00edn Cadena.<br>&nbsp;<br>A partir de ese momento la recuperaci\u00f3n satisfactoria de \u201cGordon\u201d depend\u00eda en gran medida de las atenciones y cuidados de todos y cada uno de los que se involucraron en su proceso de sanaci\u00f3n.<br>&nbsp;<br>\u201cAqu\u00ed lo tuvimos como cuatro meses m\u00e1s o menos que estuvo aqu\u00ed hospitalizado y su trato, como a todo paciente, se le trata lo mejor que se puede\u201d, indic\u00f3 el camillero Jorge Ardiel Urdejo Vidal, quien entabl\u00f3 una relaci\u00f3n de amistad y camarader\u00eda con quien en confianza le dijo llamarse Manuel Alberto Valenzuela.<br>&nbsp;<br><strong>Gana Popularidad y la b\u00fasqueda contin\u00faa.<\/strong><br>&nbsp;<br>Hasta entonces, Manuel Alberto era conocido como el Jack Sparrow de Cardel, Veracruz, sobrenombre que los habitantes del lugar suelen ponerles a las personas en condici\u00f3n de calle que deambulan por las calles del pueblo.<br>&nbsp;<br>Y al darse a conocer el caso en redes sociales, la poblaci\u00f3n de Cardel no dud\u00f3 en brindarle su ayuda desinteresada al llevarle desde pa\u00f1ales para adulto hasta despensa para que le dieran de comer en el hospital.<br>&nbsp;<br>Poco a poco, Manuel Alberto present\u00f3 mejor\u00eda en la pierna derecha y empez\u00f3 a caminar con todo y bota de yeso que se le coloc\u00f3 para evitar que su fractura de tibia y peron\u00e9 terminara en amputaci\u00f3n de la extremidad.<br>&nbsp;<br>A la par de su recuperaci\u00f3n, el personal m\u00e9dico de los servicios de salud de Veracruz nunca dej\u00f3 de preocuparse por dar con el paradero de sus familiares, sin imaginar cual ser\u00eda el desenlace de la historia.<br>&nbsp;<br><strong>De Sonora a Veracruz, 16 a\u00f1os de ausencia.<\/strong><br>&nbsp;<br>Un buen d\u00eda, ya sin la bota de yeso en su pierna y con la ayuda de un bast\u00f3n, Manuel Alberto decidi\u00f3 que era momento de irse del hospital y volver a las calles. Nadie pod\u00eda imped\u00edrselo pese a que en casi cinco meses ning\u00fan familiar lo hab\u00eda reclamado.<br>&nbsp;<br>Cuando ya deb\u00eda ser dado de alta, la lluvia arreci\u00f3. Entonces, en un momento de lucidez, Manuel Alberto record\u00f3 que era originario de Tetabiate, Sonora, y se lo hizo saber al camillero Jorge Ardiel, quien a su vez lo comunic\u00f3 a la trabajadora social en turno.<br>&nbsp;<br>\u201cJusto ese d\u00eda me dice el compa\u00f1ero, el camillero: Oye Fabi dice, hizo un comentario que el se\u00f1or es de Tetabiate, Sonora y lo busque en Google \u00a1y si existe!\u201d, dijo visiblemente emocionada Fabiola Santamar\u00eda Hern\u00e1ndez, trabajadora social del turno vespertino, quien tambi\u00e9n narr\u00f3 como realiz\u00f3 la b\u00fasqueda en internet.<br>&nbsp;<br>\u201cDije pues Tetabiate si existe y ya busqu\u00e9 un tel\u00e9fono de Tetabiate, pero no me arroj\u00f3 ning\u00fan dato dije: \u00bfbueno, de que municipio es?, 7 de la noche, no pues de San Ignacio R\u00edo Muerto y ya lo encontr\u00e9\u201d, a\u00f1adi\u00f3.<br>&nbsp;<br>Fabiola no se dio por vencida y sigui\u00f3 intentando. \u201cLa polic\u00eda siempre contesta, marco y me atiende el sargento Duarte. Le mand\u00e9 la foto de b\u00fasqueda, la foto actual y le di mi tel\u00e9fono personal para que as\u00ed nos mantuvi\u00e9ramos en contacto y cu\u00e1l fue mi sorpresa que a eso de las 8 me dice que un polic\u00eda de ah\u00ed conoc\u00eda efectivamente a los familiares\u201d.<br>&nbsp;<br>Fue as\u00ed que, en menos de tres horas, la trabajadora social del Hospital General de Cardel coron\u00f3 el esfuerzo colectivo. La hermana de Manuel Alberto, Flor Estela Valenzuela Verdugo, avecindada en Tetabiate, municipio de San Ignacio R\u00edo Muerto, Sonora, acredit\u00f3 la plena identificaci\u00f3n del paciente y orden\u00f3 que se le retuviera en el hospital porque se hab\u00eda extraviado hace 16 a\u00f1os y cuatro a\u00f1os despu\u00e9s lo dieron por muerto.<br>&nbsp;<br>Manuel Alberto sali\u00f3 un d\u00eda de su casa en Sonora para recorrer los m\u00e1s de dos mil kil\u00f3metros que corren hasta Jos\u00e9 Cardel, Veracruz, lugar que convirti\u00f3 en su hogar y se gan\u00f3 el coraz\u00f3n de propios y extra\u00f1os.<br>&nbsp;<br>Hoy, ya se encuentra en casa al lado de los suyos para seguir recuper\u00e1ndose del accidente que logr\u00f3 unir lazos con el personal de salud que le dio cobijo y nunca perdi\u00f3 la esperanza de devolverlo a casa con su familia, donde pasar\u00e1 la Navidad y un Feliz A\u00f1o 2025.<\/p>\n","protected":false},"excerpt":{"rendered":"<p>Personal del Hospital General de Cardel, Veracruz logr\u00f3 que un hombre en condici\u00f3n de calle, originario de Sonora, se reencontrara<\/p>\n","protected":false},"author":2,"featured_media":2771,"comment_status":"closed","ping_status":"closed","sticky":false,"template":"","format":"standard","meta":{"colormag_page_container_layout":"default_layout","colormag_page_sidebar_layout":"default_layout","footnotes":""},"categories":[115,118],"tags":[752],"class_list":["post-2653","post","type-post","status-publish","format-standard","has-post-thumbnail","hentry","category-general","category-historias-de-exito","tag-historia-manuel-alberto-apoyo-del-director-general-juan-pablo-uribe-glez"],"_links":{"self":[{"href":"https:\/\/www.ssaver.gob.mx\/difusion\/wp-json\/wp\/v2\/posts\/2653","targetHints":{"allow":["GET"]}}],"collection":[{"href":"https:\/\/www.ssaver.gob.mx\/difusion\/wp-json\/wp\/v2\/posts"}],"about":[{"href":"https:\/\/www.ssaver.gob.mx\/difusion\/wp-json\/wp\/v2\/types\/post"}],"author":[{"embeddable":true,"href":"https:\/\/www.ssaver.gob.mx\/difusion\/wp-json\/wp\/v2\/users\/2"}],"replies":[{"embeddable":true,"href":"https:\/\/www.ssaver.gob.mx\/difusion\/wp-json\/wp\/v2\/comments?post=2653"}],"version-history":[{"count":5,"href":"https:\/\/www.ssaver.gob.mx\/difusion\/wp-json\/wp\/v2\/posts\/2653\/revisions"}],"predecessor-version":[{"id":3165,"href":"https:\/\/www.ssaver.gob.mx\/difusion\/wp-json\/wp\/v2\/posts\/2653\/revisions\/3165"}],"wp:featuredmedia":[{"embeddable":true,"href":"https:\/\/www.ssaver.gob.mx\/difusion\/wp-json\/wp\/v2\/media\/2771"}],"wp:attachment":[{"href":"https:\/\/www.ssaver.gob.mx\/difusion\/wp-json\/wp\/v2\/media?parent=2653"}],"wp:term":[{"taxonomy":"category","embeddable":true,"href":"https:\/\/www.ssaver.gob.mx\/difusion\/wp-json\/wp\/v2\/categories?post=2653"},{"taxonomy":"post_tag","embeddable":true,"href":"https:\/\/www.ssaver.gob.mx\/difusion\/wp-json\/wp\/v2\/tags?post=2653"}],"curies":[{"name":"wp","href":"https:\/\/api.w.org\/{rel}","templated":true}]}}