{"id":2655,"date":"2025-01-03T10:00:48","date_gmt":"2025-01-03T16:00:48","guid":{"rendered":"https:\/\/www.ssaver.gob.mx\/difusion\/?p=2655"},"modified":"2025-09-11T13:41:53","modified_gmt":"2025-09-11T18:41:53","slug":"salvar-la-vida-al-bebe-rodrigo","status":"publish","type":"post","link":"https:\/\/www.ssaver.gob.mx\/difusion\/2025\/01\/03\/salvar-la-vida-al-bebe-rodrigo\/","title":{"rendered":"Salvar la vida al beb\u00e9 Rodrigo: Misi\u00f3n cumplida"},"content":{"rendered":"\n<p class=\"blockart-paragraph blockart-paragraph-9f6a9728\"><strong>Salvar la vida al beb\u00e9 Rodrigo: Misi\u00f3n cumplida<\/strong><\/p>\n\n\n\n<p class=\"blockart-paragraph blockart-paragraph-4df9cf43\">&#8211; Personal de Salud realiza traslado oportuno a la Torre Pedi\u00e1trica de Veracruz <br>  y salvan la vida a Rodrigo<br>&#8211; \u2060Un parto prematuro se convirti\u00f3 en horas de angustia para sus padres<\/p>\n\n\n\n<p>Cuenta Josu\u00e9 que, con 34 semanas de gestaci\u00f3n, su segundo hijo Calbet Rodrigo vino al mundo de forma atropellada. \u201cEst\u00e1bamos en un evento ah\u00ed en la ciudad de C\u00f3rdoba y de la nada a mi esposa se le rompi\u00f3 la fuente\u201d, por lo que fue atendida de emergencia.<br>&nbsp;<br>A los pocos minutos supieron que el beb\u00e9 hab\u00eda nacido con una complicaci\u00f3n en sus pulmones que se conoce como taquipnea transitoria, padecimiento frecuente en partos prematuros.<br>&nbsp;<br>\u201cMe comentaron que hab\u00eda tenido algo pulmonar (taquipnea transitoria) y que por ello habr\u00eda que mantenerlo con ox\u00edgeno y que en unas horas era muy probable que pasara esto\u201d, record\u00f3 Betania Morales.<br>&nbsp;<br>Sin embargo, la condici\u00f3n de Calbet Rodrigo empeor\u00f3 al grado de que tuvo que ser intubado para mantenerlo con vida. Fue en ese momento que los padres del reci\u00e9n nacido decidieron publicar el caso en redes sociales, en espera de ayuda pues al estar en una instituci\u00f3n privada los gastos seguir\u00edan aumentando.<br>&nbsp;<br><strong>SE HIZO VIRAL<\/strong><br>&nbsp;<br>El diagn\u00f3stico se torn\u00f3 complicado. Tras la revisi\u00f3n por parte de un neonat\u00f3logo, se supo que la condici\u00f3n del peque\u00f1o requer\u00eda de cuidados intensivos para poder respirar adecuadamente.<br>&nbsp;<br>\u201cLo tuvieron con una campana de ox\u00edgeno, cuando vieron que era insuficiente el tema tuvieron que ponerle el cipac y fue avanzando la situaci\u00f3n, nos comentaron que era un tema de taquipnea transitoria, de igual manera una hipertensi\u00f3n pulmonar y nos comentaron que posiblemente hab\u00eda alg\u00fan temita ah\u00ed en el corazoncito\u201d, dijo el padre del beb\u00e9.<br>&nbsp;<br>R\u00e1pidamente el llamado de auxilio de Josu\u00e9 Caled inund\u00f3 las redes sociales&nbsp; hasta que lleg\u00f3 a o\u00eddos del Secretario de Salud de Veracruz, Valent\u00edn Herrera Alarc\u00f3n, quien personalmente se comunic\u00f3 con el padre del reci\u00e9n nacido para ofrecerle las atenciones necesarias.<br>&nbsp;<br>\u201cEn toda esa noche nos hablaron mas de 50 personas que estaban tocando puertas con el Secretario de Salud Valent\u00edn Herrera, quien muy oportunamente, a las 7 de la ma\u00f1ana recuerdo,&nbsp; me mand\u00f3 un mensaje que dec\u00eda: t\u00f3mame la llamada porque tenemos que ver el tema de tu hijo. Imag\u00ednense c\u00f3mo nos sentimos en ese momento\u201d, relat\u00f3 entusiasmado Josu\u00e9 Caled.<br>&nbsp;<br><strong>TRASLADO INMEDIATO<\/strong><br>&nbsp;<br>El hospital de R\u00edo Blanco, a 40 minutos de distancia,&nbsp; no ten\u00eda cupo para recibir al neonato, pero s\u00ed la ambulancia con el equipamiento necesario para trasladar al peque\u00f1o a la Torre Pedi\u00e1trica del Puerto de Veracruz, a donde fue llevado, por instrucciones de la gobernadora Roc\u00edo Nahle, ya intubado, el 11 de diciembre de 2024.<br>&nbsp;<br>Al arribar a ese hospital de los Servicios de Salud del estado, el beb\u00e9 se extubo accidentalmente, record\u00f3 Josu\u00e9, por lo que tuvo que estar una semana en el \u00e1rea de urgencias del hospital infantil.<br>\u201cLos enfermeros del \u00e1rea de urgencias, que incluso se podr\u00eda decir que ellos ven cuestiones generales, lo atendieron de la mejor manera, hubo un trato muy especial para nuestro beb\u00e9, dijo el padre.<br>&nbsp;<br><strong>EVOLUCI\u00d3N SATISFACTORIA<\/strong><br>&nbsp;<br>A la semana de haber ingresado a la Torre Pedi\u00e1trica de los Servicios de Salud de Veracruz, el beb\u00e9 Calbet Rodrigo fue subido al cuarto piso donde permaneci\u00f3 bajo los cuidados de enfermeras y m\u00e9dicos especialistas, as\u00ed como de la neonat\u00f3loga Blanca Rosa Pletes Zamudio.<br>&nbsp;<br>\u201cVino con datos de dificultad respiratoria, requiri\u00f3 intubaci\u00f3n, recibi\u00f3 tratamiento, ya est\u00e1 sin oxigenaci\u00f3n asistida, sin antibi\u00f3ticos y comiendo\u201d, puntualiz\u00f3 Pletes Zamudio.<br>&nbsp;<br>Por su parte Betania Mares, madre del peque\u00f1o Calbet, agradeci\u00f3 todos los cuidados que se brindaron durante 20 d\u00edas en el hospital infantil. \u201cEs impresionante, la verdad, el profesionalismo que ellos tienen, la actitud de atender a un beb\u00e9 que no conocen, el apego que ellos desarrollan con los beb\u00e9s es impresionante\u201d.<br>&nbsp;<br><strong>REGALO DE A\u00d1O NUEVO<\/strong><br>&nbsp;<br>Finalmente los cuidados y atenciones que recibi\u00f3 Calbet Rodrigo durante su estancia en el \u00e1rea de cuidados intensivos para neonatos, de la Torre Pedi\u00e1trica, dieron frutos y fue dado de alta el 31 de diciembre a las 2 de la tarde con 53 minutos.<br>&nbsp;<br>Visiblemente emocionados Josu\u00e9 y Betania cargaron en brazos a Calbet Rodrigo para abandonar el Hospital Infantil de Veracruz y recibir el 2025 con el mejor regalo de a\u00f1o nuevo: Estar en casa con el nuevo integrante de la familia Mart\u00ednez Morales en Tierra Blanca, Veracruz.<\/p>\n","protected":false},"excerpt":{"rendered":"<p>Cuenta Josu\u00e9 que, con 34 semanas de gestaci\u00f3n, su segundo hijo Calbet Rodrigo vino al mundo de forma atropellada. \u201cEst\u00e1bamos<\/p>\n","protected":false},"author":2,"featured_media":2753,"comment_status":"closed","ping_status":"closed","sticky":false,"template":"","format":"standard","meta":{"colormag_page_container_layout":"default_layout","colormag_page_sidebar_layout":"default_layout","footnotes":""},"categories":[118],"tags":[750,130,751],"class_list":["post-2655","post","type-post","status-publish","format-standard","has-post-thumbnail","hentry","category-historias-de-exito","tag-apoyo-del-director-general","tag-historia-bebe-rodrigo","tag-juan-pablo-uribe-gonzalez"],"_links":{"self":[{"href":"https:\/\/www.ssaver.gob.mx\/difusion\/wp-json\/wp\/v2\/posts\/2655","targetHints":{"allow":["GET"]}}],"collection":[{"href":"https:\/\/www.ssaver.gob.mx\/difusion\/wp-json\/wp\/v2\/posts"}],"about":[{"href":"https:\/\/www.ssaver.gob.mx\/difusion\/wp-json\/wp\/v2\/types\/post"}],"author":[{"embeddable":true,"href":"https:\/\/www.ssaver.gob.mx\/difusion\/wp-json\/wp\/v2\/users\/2"}],"replies":[{"embeddable":true,"href":"https:\/\/www.ssaver.gob.mx\/difusion\/wp-json\/wp\/v2\/comments?post=2655"}],"version-history":[{"count":6,"href":"https:\/\/www.ssaver.gob.mx\/difusion\/wp-json\/wp\/v2\/posts\/2655\/revisions"}],"predecessor-version":[{"id":3179,"href":"https:\/\/www.ssaver.gob.mx\/difusion\/wp-json\/wp\/v2\/posts\/2655\/revisions\/3179"}],"wp:featuredmedia":[{"embeddable":true,"href":"https:\/\/www.ssaver.gob.mx\/difusion\/wp-json\/wp\/v2\/media\/2753"}],"wp:attachment":[{"href":"https:\/\/www.ssaver.gob.mx\/difusion\/wp-json\/wp\/v2\/media?parent=2655"}],"wp:term":[{"taxonomy":"category","embeddable":true,"href":"https:\/\/www.ssaver.gob.mx\/difusion\/wp-json\/wp\/v2\/categories?post=2655"},{"taxonomy":"post_tag","embeddable":true,"href":"https:\/\/www.ssaver.gob.mx\/difusion\/wp-json\/wp\/v2\/tags?post=2655"}],"curies":[{"name":"wp","href":"https:\/\/api.w.org\/{rel}","templated":true}]}}