{"id":2661,"date":"2025-01-06T10:00:25","date_gmt":"2025-01-06T16:00:25","guid":{"rendered":"https:\/\/www.ssaver.gob.mx\/difusion\/?p=2661"},"modified":"2025-09-11T13:41:01","modified_gmt":"2025-09-11T18:41:01","slug":"fotogaleria-magali-martinez","status":"publish","type":"post","link":"https:\/\/www.ssaver.gob.mx\/difusion\/2025\/01\/06\/fotogaleria-magali-martinez\/","title":{"rendered":"Magali Mart\u00ednez \u00abVenciendo el C\u00e1ncer\u00bb"},"content":{"rendered":"\n<div class=\"blockart-slider blockart-slider-d91ac362\"><div class=\"splide\"><div class=\"splide__track\"><ul class=\"splide__list\">\n<li class=\"blockart-slide blockart-slide-44a05721 splide__slide\">\n<figure class=\"wp-block-image size-full\"><img loading=\"lazy\" decoding=\"async\" width=\"1984\" height=\"1322\" src=\"https:\/\/www.ssaver.gob.mx\/difusion\/wp-content\/uploads\/sites\/23\/2025\/01\/1_MAGALI-1.jpg\" alt=\"\" class=\"wp-image-2791\" style=\"object-fit:contain\" srcset=\"https:\/\/www.ssaver.gob.mx\/difusion\/wp-content\/uploads\/sites\/23\/2025\/01\/1_MAGALI-1.jpg 1984w, https:\/\/www.ssaver.gob.mx\/difusion\/wp-content\/uploads\/sites\/23\/2025\/01\/1_MAGALI-1-300x200.jpg 300w, https:\/\/www.ssaver.gob.mx\/difusion\/wp-content\/uploads\/sites\/23\/2025\/01\/1_MAGALI-1-1024x682.jpg 1024w, https:\/\/www.ssaver.gob.mx\/difusion\/wp-content\/uploads\/sites\/23\/2025\/01\/1_MAGALI-1-768x512.jpg 768w, https:\/\/www.ssaver.gob.mx\/difusion\/wp-content\/uploads\/sites\/23\/2025\/01\/1_MAGALI-1-1536x1023.jpg 1536w\" sizes=\"auto, (max-width: 1984px) 100vw, 1984px\" \/><figcaption class=\"wp-element-caption\">Magali Mart\u00ednez posa para la foto en la cama de su casa durante el tratamiento contra el c\u00e1ncer a sus 17 a\u00f1os de edad cuando se lo diagnosticaron en 2007. Foto Cortes\u00eda Magali Mart\u00ednez.<\/figcaption><\/figure>\n<\/li>\n\n\n\n<li class=\"blockart-slide blockart-slide-384f6532 splide__slide\">\n<figure class=\"wp-block-image size-full\"><img loading=\"lazy\" decoding=\"async\" width=\"2353\" height=\"1569\" src=\"https:\/\/www.ssaver.gob.mx\/difusion\/wp-content\/uploads\/sites\/23\/2025\/01\/2_MAGALI.jpg\" alt=\"\" class=\"wp-image-2792\" srcset=\"https:\/\/www.ssaver.gob.mx\/difusion\/wp-content\/uploads\/sites\/23\/2025\/01\/2_MAGALI.jpg 2353w, https:\/\/www.ssaver.gob.mx\/difusion\/wp-content\/uploads\/sites\/23\/2025\/01\/2_MAGALI-300x200.jpg 300w, https:\/\/www.ssaver.gob.mx\/difusion\/wp-content\/uploads\/sites\/23\/2025\/01\/2_MAGALI-1024x683.jpg 1024w, https:\/\/www.ssaver.gob.mx\/difusion\/wp-content\/uploads\/sites\/23\/2025\/01\/2_MAGALI-768x512.jpg 768w, https:\/\/www.ssaver.gob.mx\/difusion\/wp-content\/uploads\/sites\/23\/2025\/01\/2_MAGALI-1536x1024.jpg 1536w, https:\/\/www.ssaver.gob.mx\/difusion\/wp-content\/uploads\/sites\/23\/2025\/01\/2_MAGALI-2048x1366.jpg 2048w\" sizes=\"auto, (max-width: 2353px) 100vw, 2353px\" \/><figcaption class=\"wp-element-caption\">Magali fue una ni\u00f1a muy apreciada en el \u201cCECAM\u201d centro estatal de cancerolog\u00eda, en la foto se encuentra a brazada por el doctor Jorge Neri D\u00edas Morales. Foto Cortes\u00eda Magali Mart\u00ednez.<\/figcaption><\/figure>\n<\/li>\n\n\n\n<li class=\"blockart-slide blockart-slide-8a029886 splide__slide\">\n<figure class=\"wp-block-image size-full\"><img loading=\"lazy\" decoding=\"async\" width=\"2344\" height=\"1564\" src=\"https:\/\/www.ssaver.gob.mx\/difusion\/wp-content\/uploads\/sites\/23\/2025\/01\/3_MAGALI.jpg\" alt=\"\" class=\"wp-image-2793\" srcset=\"https:\/\/www.ssaver.gob.mx\/difusion\/wp-content\/uploads\/sites\/23\/2025\/01\/3_MAGALI.jpg 2344w, https:\/\/www.ssaver.gob.mx\/difusion\/wp-content\/uploads\/sites\/23\/2025\/01\/3_MAGALI-300x200.jpg 300w, https:\/\/www.ssaver.gob.mx\/difusion\/wp-content\/uploads\/sites\/23\/2025\/01\/3_MAGALI-1024x683.jpg 1024w, https:\/\/www.ssaver.gob.mx\/difusion\/wp-content\/uploads\/sites\/23\/2025\/01\/3_MAGALI-768x512.jpg 768w, https:\/\/www.ssaver.gob.mx\/difusion\/wp-content\/uploads\/sites\/23\/2025\/01\/3_MAGALI-1536x1025.jpg 1536w, https:\/\/www.ssaver.gob.mx\/difusion\/wp-content\/uploads\/sites\/23\/2025\/01\/3_MAGALI-2048x1366.jpg 2048w\" sizes=\"auto, (max-width: 2344px) 100vw, 2344px\" \/><figcaption class=\"wp-element-caption\">Magali durante su tratamiento contra el c\u00e1ncer en el centro estatal de cancerolog\u00eda \u201cCECAM\u201d. Foto Cortes\u00eda Magali Mart\u00ednez.<\/figcaption><\/figure>\n<\/li>\n\n\n\n<li class=\"blockart-slide blockart-slide-4c3aae3a splide__slide\">\n<figure class=\"wp-block-image size-full\"><img loading=\"lazy\" decoding=\"async\" width=\"2560\" height=\"1708\" src=\"https:\/\/www.ssaver.gob.mx\/difusion\/wp-content\/uploads\/sites\/23\/2025\/01\/4_MAGALI-scaled.jpg\" alt=\"\" class=\"wp-image-2794\" srcset=\"https:\/\/www.ssaver.gob.mx\/difusion\/wp-content\/uploads\/sites\/23\/2025\/01\/4_MAGALI-scaled.jpg 2560w, https:\/\/www.ssaver.gob.mx\/difusion\/wp-content\/uploads\/sites\/23\/2025\/01\/4_MAGALI-300x200.jpg 300w, https:\/\/www.ssaver.gob.mx\/difusion\/wp-content\/uploads\/sites\/23\/2025\/01\/4_MAGALI-1024x683.jpg 1024w, https:\/\/www.ssaver.gob.mx\/difusion\/wp-content\/uploads\/sites\/23\/2025\/01\/4_MAGALI-768x512.jpg 768w, https:\/\/www.ssaver.gob.mx\/difusion\/wp-content\/uploads\/sites\/23\/2025\/01\/4_MAGALI-1536x1025.jpg 1536w, https:\/\/www.ssaver.gob.mx\/difusion\/wp-content\/uploads\/sites\/23\/2025\/01\/4_MAGALI-2048x1367.jpg 2048w\" sizes=\"auto, (max-width: 2560px) 100vw, 2560px\" \/><figcaption class=\"wp-element-caption\">A sus 19 a\u00f1os comenz\u00f3 a estudiar para enfermera en la foto con sus compa\u00f1eras de clase. Foto Cortes\u00eda Magali Mart\u00ednez.<\/figcaption><\/figure>\n<\/li>\n\n\n\n<li class=\"blockart-slide blockart-slide-0227a0c1 splide__slide\">\n<figure class=\"wp-block-image size-full is-resized\"><img loading=\"lazy\" decoding=\"async\" width=\"800\" height=\"533\" src=\"https:\/\/www.ssaver.gob.mx\/difusion\/wp-content\/uploads\/sites\/23\/2025\/01\/6_MAGALI.jpg\" alt=\"\" class=\"wp-image-2795\" style=\"width:1139px;height:auto\" srcset=\"https:\/\/www.ssaver.gob.mx\/difusion\/wp-content\/uploads\/sites\/23\/2025\/01\/6_MAGALI.jpg 800w, https:\/\/www.ssaver.gob.mx\/difusion\/wp-content\/uploads\/sites\/23\/2025\/01\/6_MAGALI-300x200.jpg 300w, https:\/\/www.ssaver.gob.mx\/difusion\/wp-content\/uploads\/sites\/23\/2025\/01\/6_MAGALI-768x512.jpg 768w\" sizes=\"auto, (max-width: 800px) 100vw, 800px\" \/><figcaption class=\"wp-element-caption\">Magali con sus compa\u00f1eras realizando sus pr\u00e1cticas en el centro de alta especialidad Dr. Rafael Lucio. Foto Cortes\u00eda Magali Mart\u00ednez.<\/figcaption><\/figure>\n<\/li>\n\n\n\n<li class=\"blockart-slide blockart-slide-93db8c36 splide__slide\">\n<figure class=\"wp-block-image size-full\"><img loading=\"lazy\" decoding=\"async\" width=\"2560\" height=\"1707\" src=\"https:\/\/www.ssaver.gob.mx\/difusion\/wp-content\/uploads\/sites\/23\/2025\/01\/8_MAGALI-scaled.jpg\" alt=\"\" class=\"wp-image-2797\" srcset=\"https:\/\/www.ssaver.gob.mx\/difusion\/wp-content\/uploads\/sites\/23\/2025\/01\/8_MAGALI-scaled.jpg 2560w, https:\/\/www.ssaver.gob.mx\/difusion\/wp-content\/uploads\/sites\/23\/2025\/01\/8_MAGALI-300x200.jpg 300w, https:\/\/www.ssaver.gob.mx\/difusion\/wp-content\/uploads\/sites\/23\/2025\/01\/8_MAGALI-1024x683.jpg 1024w, https:\/\/www.ssaver.gob.mx\/difusion\/wp-content\/uploads\/sites\/23\/2025\/01\/8_MAGALI-768x512.jpg 768w, https:\/\/www.ssaver.gob.mx\/difusion\/wp-content\/uploads\/sites\/23\/2025\/01\/8_MAGALI-1536x1024.jpg 1536w, https:\/\/www.ssaver.gob.mx\/difusion\/wp-content\/uploads\/sites\/23\/2025\/01\/8_MAGALI-2048x1365.jpg 2048w\" sizes=\"auto, (max-width: 2560px) 100vw, 2560px\" \/><figcaption class=\"wp-element-caption\">Magali en una foto a sus 17 a\u00f1os y una actual con el doctor Jos\u00e9 de Jes\u00fas Loeza Oliva, durante su visita de ella al centro estatal de cancerolog\u00eda en diciembre de 2024. Foto Cortes\u00eda Magali Mart\u00ednez.<\/figcaption><\/figure>\n<\/li>\n\n\n\n<li class=\"blockart-slide blockart-slide-be51a5a1 splide__slide\">\n<figure class=\"wp-block-image size-full\"><img loading=\"lazy\" decoding=\"async\" width=\"2560\" height=\"1707\" src=\"https:\/\/www.ssaver.gob.mx\/difusion\/wp-content\/uploads\/sites\/23\/2025\/01\/9_MAGALI-1-scaled.jpg\" alt=\"\" class=\"wp-image-2798\" srcset=\"https:\/\/www.ssaver.gob.mx\/difusion\/wp-content\/uploads\/sites\/23\/2025\/01\/9_MAGALI-1-scaled.jpg 2560w, https:\/\/www.ssaver.gob.mx\/difusion\/wp-content\/uploads\/sites\/23\/2025\/01\/9_MAGALI-1-300x200.jpg 300w, https:\/\/www.ssaver.gob.mx\/difusion\/wp-content\/uploads\/sites\/23\/2025\/01\/9_MAGALI-1-1024x683.jpg 1024w, https:\/\/www.ssaver.gob.mx\/difusion\/wp-content\/uploads\/sites\/23\/2025\/01\/9_MAGALI-1-768x512.jpg 768w, https:\/\/www.ssaver.gob.mx\/difusion\/wp-content\/uploads\/sites\/23\/2025\/01\/9_MAGALI-1-1536x1024.jpg 1536w, https:\/\/www.ssaver.gob.mx\/difusion\/wp-content\/uploads\/sites\/23\/2025\/01\/9_MAGALI-1-2048x1365.jpg 2048w\" sizes=\"auto, (max-width: 2560px) 100vw, 2560px\" \/><figcaption class=\"wp-element-caption\">Magali visito en diciembre de 2024 el centro estatal de cancerolog\u00eda donde ella estuvo llevando acabo su tratamiento contra el c\u00e1ncer. En la imagen se toma una foto con la cocinera conocida como la \u201cabuelita\u201d y la licenciada en nutrici\u00f3n Adela Libreros Peredo. Foto Jorge Serratos\/ Secretaria de Salud.<\/figcaption><\/figure>\n<\/li>\n\n\n\n<li class=\"blockart-slide blockart-slide-760822d1 splide__slide\">\n<figure class=\"wp-block-image size-full\"><img loading=\"lazy\" decoding=\"async\" width=\"2560\" height=\"1707\" src=\"https:\/\/www.ssaver.gob.mx\/difusion\/wp-content\/uploads\/sites\/23\/2025\/01\/11_MAGALI-scaled.jpg\" alt=\"\" class=\"wp-image-2799\" srcset=\"https:\/\/www.ssaver.gob.mx\/difusion\/wp-content\/uploads\/sites\/23\/2025\/01\/11_MAGALI-scaled.jpg 2560w, https:\/\/www.ssaver.gob.mx\/difusion\/wp-content\/uploads\/sites\/23\/2025\/01\/11_MAGALI-300x200.jpg 300w, https:\/\/www.ssaver.gob.mx\/difusion\/wp-content\/uploads\/sites\/23\/2025\/01\/11_MAGALI-1024x683.jpg 1024w, https:\/\/www.ssaver.gob.mx\/difusion\/wp-content\/uploads\/sites\/23\/2025\/01\/11_MAGALI-768x512.jpg 768w, https:\/\/www.ssaver.gob.mx\/difusion\/wp-content\/uploads\/sites\/23\/2025\/01\/11_MAGALI-1536x1024.jpg 1536w, https:\/\/www.ssaver.gob.mx\/difusion\/wp-content\/uploads\/sites\/23\/2025\/01\/11_MAGALI-2048x1365.jpg 2048w\" sizes=\"auto, (max-width: 2560px) 100vw, 2560px\" \/><figcaption class=\"wp-element-caption\">Magali se da un fuerte abrazo con las sic\u00f3logas Isabel Corona y Carmen Gonzalez quienes la atendieron durante su enfermedad. Despu\u00e9s de no verse hace m\u00e1s de diez a\u00f1os. Foto Jorge Serratos\/Secretaria de Salud.<\/figcaption><\/figure>\n<\/li>\n\n\n\n<li class=\"blockart-slide blockart-slide-90e6168e splide__slide\">\n<figure class=\"wp-block-image size-full\"><img loading=\"lazy\" decoding=\"async\" width=\"2560\" height=\"1707\" src=\"https:\/\/www.ssaver.gob.mx\/difusion\/wp-content\/uploads\/sites\/23\/2025\/01\/12_MAGALI-scaled.jpg\" alt=\"\" class=\"wp-image-2800\" srcset=\"https:\/\/www.ssaver.gob.mx\/difusion\/wp-content\/uploads\/sites\/23\/2025\/01\/12_MAGALI-scaled.jpg 2560w, https:\/\/www.ssaver.gob.mx\/difusion\/wp-content\/uploads\/sites\/23\/2025\/01\/12_MAGALI-300x200.jpg 300w, https:\/\/www.ssaver.gob.mx\/difusion\/wp-content\/uploads\/sites\/23\/2025\/01\/12_MAGALI-1024x683.jpg 1024w, https:\/\/www.ssaver.gob.mx\/difusion\/wp-content\/uploads\/sites\/23\/2025\/01\/12_MAGALI-768x512.jpg 768w, https:\/\/www.ssaver.gob.mx\/difusion\/wp-content\/uploads\/sites\/23\/2025\/01\/12_MAGALI-1536x1024.jpg 1536w, https:\/\/www.ssaver.gob.mx\/difusion\/wp-content\/uploads\/sites\/23\/2025\/01\/12_MAGALI-2048x1365.jpg 2048w\" sizes=\"auto, (max-width: 2560px) 100vw, 2560px\" \/><figcaption class=\"wp-element-caption\">Magali con 31 a\u00f1os de edad y habiendo superado el c\u00e1ncer es enfermera y cuida de personas que est\u00e1n postradas en sus casas a causa de alguna enfermedad. Foto Jorge Serratos\/Secretaria de Salud.<\/figcaption><\/figure>\n<\/li>\n\n\n\n<li class=\"blockart-slide blockart-slide-c09460d3 splide__slide\">\n<figure class=\"wp-block-image size-full\"><img loading=\"lazy\" decoding=\"async\" width=\"2560\" height=\"1707\" src=\"https:\/\/www.ssaver.gob.mx\/difusion\/wp-content\/uploads\/sites\/23\/2025\/01\/13_MAGALI-scaled.jpg\" alt=\"\" class=\"wp-image-2801\" srcset=\"https:\/\/www.ssaver.gob.mx\/difusion\/wp-content\/uploads\/sites\/23\/2025\/01\/13_MAGALI-scaled.jpg 2560w, https:\/\/www.ssaver.gob.mx\/difusion\/wp-content\/uploads\/sites\/23\/2025\/01\/13_MAGALI-300x200.jpg 300w, https:\/\/www.ssaver.gob.mx\/difusion\/wp-content\/uploads\/sites\/23\/2025\/01\/13_MAGALI-1024x683.jpg 1024w, https:\/\/www.ssaver.gob.mx\/difusion\/wp-content\/uploads\/sites\/23\/2025\/01\/13_MAGALI-768x512.jpg 768w, https:\/\/www.ssaver.gob.mx\/difusion\/wp-content\/uploads\/sites\/23\/2025\/01\/13_MAGALI-1536x1024.jpg 1536w, https:\/\/www.ssaver.gob.mx\/difusion\/wp-content\/uploads\/sites\/23\/2025\/01\/13_MAGALI-2048x1365.jpg 2048w\" sizes=\"auto, (max-width: 2560px) 100vw, 2560px\" \/><figcaption class=\"wp-element-caption\">Magali encontr\u00f3 en su recuperaci\u00f3n la vocaci\u00f3n para ser enfermera y ayudar a las personas que lo necesiten. Foto Jorge Serratos\/Secretaria de Salud.<\/figcaption><\/figure>\n<\/li>\n\n\n\n<li class=\"blockart-slide blockart-slide-a6cccd3d splide__slide\">\n<figure class=\"wp-block-image size-full\"><img loading=\"lazy\" decoding=\"async\" width=\"2560\" height=\"1707\" src=\"https:\/\/www.ssaver.gob.mx\/difusion\/wp-content\/uploads\/sites\/23\/2025\/01\/14_MAGALI-scaled.jpg\" alt=\"\" class=\"wp-image-2802\" srcset=\"https:\/\/www.ssaver.gob.mx\/difusion\/wp-content\/uploads\/sites\/23\/2025\/01\/14_MAGALI-scaled.jpg 2560w, https:\/\/www.ssaver.gob.mx\/difusion\/wp-content\/uploads\/sites\/23\/2025\/01\/14_MAGALI-300x200.jpg 300w, https:\/\/www.ssaver.gob.mx\/difusion\/wp-content\/uploads\/sites\/23\/2025\/01\/14_MAGALI-1024x683.jpg 1024w, https:\/\/www.ssaver.gob.mx\/difusion\/wp-content\/uploads\/sites\/23\/2025\/01\/14_MAGALI-768x512.jpg 768w, https:\/\/www.ssaver.gob.mx\/difusion\/wp-content\/uploads\/sites\/23\/2025\/01\/14_MAGALI-1536x1024.jpg 1536w, https:\/\/www.ssaver.gob.mx\/difusion\/wp-content\/uploads\/sites\/23\/2025\/01\/14_MAGALI-2048x1365.jpg 2048w\" sizes=\"auto, (max-width: 2560px) 100vw, 2560px\" \/><figcaption class=\"wp-element-caption\">Magali desea trabajar en alg\u00fan hospital para ayudar a mucha gente y ense\u00f1arles que si es posible vencer el c\u00e1ncer.&nbsp; Foto Jorge Serratos\/Secretaria de Salud.<\/figcaption><\/figure>\n<\/li>\n\n\n\n<li class=\"blockart-slide blockart-slide-7feaa372 splide__slide\">\n<figure class=\"wp-block-image size-full\"><img loading=\"lazy\" decoding=\"async\" width=\"2560\" height=\"1707\" src=\"https:\/\/www.ssaver.gob.mx\/difusion\/wp-content\/uploads\/sites\/23\/2025\/01\/15_MAGALI-scaled.jpg\" alt=\"\" class=\"wp-image-2803\" srcset=\"https:\/\/www.ssaver.gob.mx\/difusion\/wp-content\/uploads\/sites\/23\/2025\/01\/15_MAGALI-scaled.jpg 2560w, https:\/\/www.ssaver.gob.mx\/difusion\/wp-content\/uploads\/sites\/23\/2025\/01\/15_MAGALI-300x200.jpg 300w, https:\/\/www.ssaver.gob.mx\/difusion\/wp-content\/uploads\/sites\/23\/2025\/01\/15_MAGALI-1024x683.jpg 1024w, https:\/\/www.ssaver.gob.mx\/difusion\/wp-content\/uploads\/sites\/23\/2025\/01\/15_MAGALI-768x512.jpg 768w, https:\/\/www.ssaver.gob.mx\/difusion\/wp-content\/uploads\/sites\/23\/2025\/01\/15_MAGALI-1536x1024.jpg 1536w, https:\/\/www.ssaver.gob.mx\/difusion\/wp-content\/uploads\/sites\/23\/2025\/01\/15_MAGALI-2048x1365.jpg 2048w\" sizes=\"auto, (max-width: 2560px) 100vw, 2560px\" \/><figcaption class=\"wp-element-caption\">Magali piensa que esta oportunidad de seguir viva fue por algo y lo \u00fanico que desea hoy a sus 31 a\u00f1os es cuidar de la gente que est\u00e1 enferma y ayudarles a tener una mejor vida. Foto Jorge Serratos. Secretaria de Salud.<\/figcaption><\/figure>\n<\/li>\n<\/ul><\/div><div class=\"splide__arrows\"><div role=\"button\" class=\"splide__arrow splide__arrow--prev\"><\/div><div role=\"button\" class=\"splide__arrow splide__arrow--next\"><\/div><\/div><\/div><\/div>\n","protected":false},"excerpt":{"rendered":"","protected":false},"author":2,"featured_media":2745,"comment_status":"closed","ping_status":"closed","sticky":false,"template":"","format":"standard","meta":{"colormag_page_container_layout":"default_layout","colormag_page_sidebar_layout":"default_layout","footnotes":""},"categories":[120],"tags":[750,128,751],"class_list":["post-2661","post","type-post","status-publish","format-standard","has-post-thumbnail","hentry","category-galeria-de-la-salud","tag-apoyo-del-director-general","tag-fotogaleria-magali","tag-juan-pablo-uribe-gonzalez"],"_links":{"self":[{"href":"https:\/\/www.ssaver.gob.mx\/difusion\/wp-json\/wp\/v2\/posts\/2661","targetHints":{"allow":["GET"]}}],"collection":[{"href":"https:\/\/www.ssaver.gob.mx\/difusion\/wp-json\/wp\/v2\/posts"}],"about":[{"href":"https:\/\/www.ssaver.gob.mx\/difusion\/wp-json\/wp\/v2\/types\/post"}],"author":[{"embeddable":true,"href":"https:\/\/www.ssaver.gob.mx\/difusion\/wp-json\/wp\/v2\/users\/2"}],"replies":[{"embeddable":true,"href":"https:\/\/www.ssaver.gob.mx\/difusion\/wp-json\/wp\/v2\/comments?post=2661"}],"version-history":[{"count":19,"href":"https:\/\/www.ssaver.gob.mx\/difusion\/wp-json\/wp\/v2\/posts\/2661\/revisions"}],"predecessor-version":[{"id":4395,"href":"https:\/\/www.ssaver.gob.mx\/difusion\/wp-json\/wp\/v2\/posts\/2661\/revisions\/4395"}],"wp:featuredmedia":[{"embeddable":true,"href":"https:\/\/www.ssaver.gob.mx\/difusion\/wp-json\/wp\/v2\/media\/2745"}],"wp:attachment":[{"href":"https:\/\/www.ssaver.gob.mx\/difusion\/wp-json\/wp\/v2\/media?parent=2661"}],"wp:term":[{"taxonomy":"category","embeddable":true,"href":"https:\/\/www.ssaver.gob.mx\/difusion\/wp-json\/wp\/v2\/categories?post=2661"},{"taxonomy":"post_tag","embeddable":true,"href":"https:\/\/www.ssaver.gob.mx\/difusion\/wp-json\/wp\/v2\/tags?post=2661"}],"curies":[{"name":"wp","href":"https:\/\/api.w.org\/{rel}","templated":true}]}}