{"id":2663,"date":"2025-01-03T19:38:12","date_gmt":"2025-01-04T01:38:12","guid":{"rendered":"https:\/\/www.ssaver.gob.mx\/difusion\/?p=2663"},"modified":"2025-09-11T13:41:13","modified_gmt":"2025-09-11T18:41:13","slug":"el-secretario-de-salud-dr-valentin-herrera-alarcon-siguio-con-las-visitas-de-supervision-a-centros-hospitalarios","status":"publish","type":"post","link":"https:\/\/www.ssaver.gob.mx\/difusion\/2025\/01\/03\/el-secretario-de-salud-dr-valentin-herrera-alarcon-siguio-con-las-visitas-de-supervision-a-centros-hospitalarios\/","title":{"rendered":"Visitas de supervisi\u00f3n a centros hospitalarios"},"content":{"rendered":"\n<p>Al arrancar el a\u00f1o, el Secretario de Salud, <a href=\"https:\/\/www.facebook.com\/DrValentinHerreraAlarcon?__cft__[0]=AZWfJWHnDWDwAKVIKGmLEIdl14iDJs9wbj0-EEnpZplRFzCFYVTgOQSFZvedVD9bhhZC2PkyyocJjKm8pUAHWGnoB6LsPH8iSN3DjSlVPFbpyNcXVWobgipK1WSttnvCI9l6E0fv5DN9Iw2rRXclwdsUoLk9YVjBKBblzL-9SoRevA&amp;__tn__=-]K-R\">Dr. Valent\u00edn Herrera Alarc\u00f3n<\/a>, sigui\u00f3 con las visitas de supervisi\u00f3n a centros hospitalarios, cumpliendo con la instrucci\u00f3n de la gobernadora <a href=\"https:\/\/www.facebook.com\/rocionahle?__cft__[0]=AZWfJWHnDWDwAKVIKGmLEIdl14iDJs9wbj0-EEnpZplRFzCFYVTgOQSFZvedVD9bhhZC2PkyyocJjKm8pUAHWGnoB6LsPH8iSN3DjSlVPFbpyNcXVWobgipK1WSttnvCI9l6E0fv5DN9Iw2rRXclwdsUoLk9YVjBKBblzL-9SoRevA&amp;__tn__=-]K-R\">Roc\u00edo Nahle<\/a>.<\/p>\n\n\n\n<p>Este jueves dos de enero toc\u00f3 el turno al Hospital de Alta Especialidad de Veracruz, donde en compa\u00f1\u00eda del director del mismo, el doctor Hugo Enrique Reyes Devesa, y personal directivo del \u00e1rea m\u00e9dica recorrieron las distintas \u00e1reas del lugar que atiende al a\u00f1o a m\u00e1s de 3 millones 900 mil veracruzanos. <a href=\"https:\/\/www.facebook.com\/hashtag\/poramoraveracruz?__eep__=6&amp;__cft__[0]=AZWfJWHnDWDwAKVIKGmLEIdl14iDJs9wbj0-EEnpZplRFzCFYVTgOQSFZvedVD9bhhZC2PkyyocJjKm8pUAHWGnoB6LsPH8iSN3DjSlVPFbpyNcXVWobgipK1WSttnvCI9l6E0fv5DN9Iw2rRXclwdsUoLk9YVjBKBblzL-9SoRevA&amp;__tn__=*NK-R\">#PorAmorAVeracruz<\/a><a href=\"https:\/\/www.facebook.com\/hashtag\/nosvaairmuybien?__eep__=6&amp;__cft__[0]=AZWfJWHnDWDwAKVIKGmLEIdl14iDJs9wbj0-EEnpZplRFzCFYVTgOQSFZvedVD9bhhZC2PkyyocJjKm8pUAHWGnoB6LsPH8iSN3DjSlVPFbpyNcXVWobgipK1WSttnvCI9l6E0fv5DN9Iw2rRXclwdsUoLk9YVjBKBblzL-9SoRevA&amp;__tn__=*NK-R\">#NosVaAIrMuyBien<\/a><\/p>\n\n\n\n<p><a href=\"https:\/\/www.facebook.com\/permalink.php?story_fbid=pfbid04Hd5utwPtcyccUh7mNZRzsvtskXuJVTvajBnWRxGRLiFXm9YbNzUGudFAdYyb4Gcl&amp;id=100083181138147\" target=\"_blank\" rel=\"noreferrer noopener\">Ver enlace original<\/a><\/p>\n\n\n\n<p>Informaci\u00f3n proporcionada por&nbsp;<a href=\"https:\/\/www.facebook.com\/SSALUDVeracruz\" target=\"_blank\" rel=\"noreferrer noopener\">Secretar\u00eda de Salud de Veracruz<\/a>&nbsp;y&nbsp;<a href=\"https:\/\/www.facebook.com\/profile.php?id=100083181138147\" target=\"_blank\" rel=\"noreferrer noopener\">Servicios de Salud de Veracruz<\/a><\/p>\n","protected":false},"excerpt":{"rendered":"<p>Al arrancar el a\u00f1o, el Secretario de Salud, Dr. Valent\u00edn Herrera Alarc\u00f3n, sigui\u00f3 con las visitas de supervisi\u00f3n a centros<\/p>\n","protected":false},"author":2,"featured_media":2664,"comment_status":"closed","ping_status":"closed","sticky":false,"template":"","format":"standard","meta":{"colormag_page_container_layout":"default_layout","colormag_page_sidebar_layout":"default_layout","footnotes":""},"categories":[119,115],"tags":[750,126,751,134],"class_list":["post-2663","post","type-post","status-publish","format-standard","has-post-thumbnail","hentry","category-comunicados","category-general","tag-apoyo-del-director-general","tag-comunicado","tag-juan-pablo-uribe-gonzalez","tag-nota"],"_links":{"self":[{"href":"https:\/\/www.ssaver.gob.mx\/difusion\/wp-json\/wp\/v2\/posts\/2663","targetHints":{"allow":["GET"]}}],"collection":[{"href":"https:\/\/www.ssaver.gob.mx\/difusion\/wp-json\/wp\/v2\/posts"}],"about":[{"href":"https:\/\/www.ssaver.gob.mx\/difusion\/wp-json\/wp\/v2\/types\/post"}],"author":[{"embeddable":true,"href":"https:\/\/www.ssaver.gob.mx\/difusion\/wp-json\/wp\/v2\/users\/2"}],"replies":[{"embeddable":true,"href":"https:\/\/www.ssaver.gob.mx\/difusion\/wp-json\/wp\/v2\/comments?post=2663"}],"version-history":[{"count":3,"href":"https:\/\/www.ssaver.gob.mx\/difusion\/wp-json\/wp\/v2\/posts\/2663\/revisions"}],"predecessor-version":[{"id":2810,"href":"https:\/\/www.ssaver.gob.mx\/difusion\/wp-json\/wp\/v2\/posts\/2663\/revisions\/2810"}],"wp:featuredmedia":[{"embeddable":true,"href":"https:\/\/www.ssaver.gob.mx\/difusion\/wp-json\/wp\/v2\/media\/2664"}],"wp:attachment":[{"href":"https:\/\/www.ssaver.gob.mx\/difusion\/wp-json\/wp\/v2\/media?parent=2663"}],"wp:term":[{"taxonomy":"category","embeddable":true,"href":"https:\/\/www.ssaver.gob.mx\/difusion\/wp-json\/wp\/v2\/categories?post=2663"},{"taxonomy":"post_tag","embeddable":true,"href":"https:\/\/www.ssaver.gob.mx\/difusion\/wp-json\/wp\/v2\/tags?post=2663"}],"curies":[{"name":"wp","href":"https:\/\/api.w.org\/{rel}","templated":true}]}}