{"id":2756,"date":"2024-12-24T10:00:56","date_gmt":"2024-12-24T16:00:56","guid":{"rendered":"https:\/\/www.ssaver.gob.mx\/difusion\/?p=2756"},"modified":"2025-09-11T13:40:46","modified_gmt":"2025-09-11T18:40:46","slug":"jack-sparrow-de-cardel","status":"publish","type":"post","link":"https:\/\/www.ssaver.gob.mx\/difusion\/2024\/12\/24\/jack-sparrow-de-cardel\/","title":{"rendered":"Manuel Alberto \u00abJack Sparrow\u00bb de Cardel"},"content":{"rendered":"\n<div class=\"blockart-slider blockart-slider-852b7d83\"><div class=\"splide\"><div class=\"splide__track\"><ul class=\"splide__list\">\n<li class=\"blockart-slide blockart-slide-8f589009 splide__slide\">\n<figure class=\"wp-block-image size-full\"><img loading=\"lazy\" decoding=\"async\" width=\"1412\" height=\"942\" src=\"https:\/\/www.ssaver.gob.mx\/difusion\/wp-content\/uploads\/sites\/23\/2025\/01\/1-VALENZUELA-lq.jpg\" alt=\"\" class=\"wp-image-2760\" srcset=\"https:\/\/www.ssaver.gob.mx\/difusion\/wp-content\/uploads\/sites\/23\/2025\/01\/1-VALENZUELA-lq.jpg 1412w, https:\/\/www.ssaver.gob.mx\/difusion\/wp-content\/uploads\/sites\/23\/2025\/01\/1-VALENZUELA-lq-300x200.jpg 300w, https:\/\/www.ssaver.gob.mx\/difusion\/wp-content\/uploads\/sites\/23\/2025\/01\/1-VALENZUELA-lq-1024x683.jpg 1024w, https:\/\/www.ssaver.gob.mx\/difusion\/wp-content\/uploads\/sites\/23\/2025\/01\/1-VALENZUELA-lq-768x512.jpg 768w\" sizes=\"auto, (max-width: 1412px) 100vw, 1412px\" \/><figcaption class=\"wp-element-caption\">Las trabajadoras sociales del hospital general de Cardel, Noemi Valdivia y Fabiola Santa Maria Hernandez muestran en sus tel\u00e9fonos las fotos del antes y el despu\u00e9s de Manuel Valenzuela ellas fueron las que lograron que regresara a casa despu\u00e9s de 16 a\u00f1os extraviado. Foto Jorge Serratos. Secretaria de Salud de Veracruz.<\/figcaption><\/figure>\n<\/li>\n\n\n\n<li class=\"blockart-slide blockart-slide-04dc6a73 splide__slide\">\n<figure class=\"wp-block-image size-full\"><img loading=\"lazy\" decoding=\"async\" width=\"1412\" height=\"942\" src=\"https:\/\/www.ssaver.gob.mx\/difusion\/wp-content\/uploads\/sites\/23\/2025\/01\/2-VALENZUELA-lq.jpg\" alt=\"\" class=\"wp-image-2761\" srcset=\"https:\/\/www.ssaver.gob.mx\/difusion\/wp-content\/uploads\/sites\/23\/2025\/01\/2-VALENZUELA-lq.jpg 1412w, https:\/\/www.ssaver.gob.mx\/difusion\/wp-content\/uploads\/sites\/23\/2025\/01\/2-VALENZUELA-lq-300x200.jpg 300w, https:\/\/www.ssaver.gob.mx\/difusion\/wp-content\/uploads\/sites\/23\/2025\/01\/2-VALENZUELA-lq-1024x683.jpg 1024w, https:\/\/www.ssaver.gob.mx\/difusion\/wp-content\/uploads\/sites\/23\/2025\/01\/2-VALENZUELA-lq-768x512.jpg 768w\" sizes=\"auto, (max-width: 1412px) 100vw, 1412px\" \/><figcaption class=\"wp-element-caption\">Foto proporcionada por el personal del hospital general de Cardel, donde fue atendido Manuel Valenzuela conocido como \u201c Jack Sparrow\u201d&nbsp; quien viv\u00eda en situaci\u00f3n de calle y por un accidente que sufri\u00f3 lograron localizar a su familia en el poblado de Tetabiate-Sonora. Foto. Secretaria de salud de Veracruz.<\/figcaption><\/figure>\n<\/li>\n\n\n\n<li class=\"blockart-slide blockart-slide-31d30c2f splide__slide\">\n<figure class=\"wp-block-image size-full\"><img loading=\"lazy\" decoding=\"async\" width=\"1412\" height=\"942\" src=\"https:\/\/www.ssaver.gob.mx\/difusion\/wp-content\/uploads\/sites\/23\/2025\/01\/3-VALENZUELA-lq.jpg\" alt=\"\" class=\"wp-image-2762\" srcset=\"https:\/\/www.ssaver.gob.mx\/difusion\/wp-content\/uploads\/sites\/23\/2025\/01\/3-VALENZUELA-lq.jpg 1412w, https:\/\/www.ssaver.gob.mx\/difusion\/wp-content\/uploads\/sites\/23\/2025\/01\/3-VALENZUELA-lq-300x200.jpg 300w, https:\/\/www.ssaver.gob.mx\/difusion\/wp-content\/uploads\/sites\/23\/2025\/01\/3-VALENZUELA-lq-1024x683.jpg 1024w, https:\/\/www.ssaver.gob.mx\/difusion\/wp-content\/uploads\/sites\/23\/2025\/01\/3-VALENZUELA-lq-768x512.jpg 768w\" sizes=\"auto, (max-width: 1412px) 100vw, 1412px\" \/><figcaption class=\"wp-element-caption\">Las pasantes de enfermer\u00eda Yoselin Yhoana Rojas y Maria Jose fueron parte del equipo que ayudo en la recuperaci\u00f3n de Manuel Valenzuela conocido como el \u201cBlack&nbsp; Sparrow \u201c de Cardel. Foto Jorge Serratos. Secretaria de Salud de Veracruz.<\/figcaption><\/figure>\n<\/li>\n\n\n\n<li class=\"blockart-slide blockart-slide-286fc6e8 splide__slide\">\n<figure class=\"wp-block-image size-full\"><img loading=\"lazy\" decoding=\"async\" width=\"1412\" height=\"942\" src=\"https:\/\/www.ssaver.gob.mx\/difusion\/wp-content\/uploads\/sites\/23\/2025\/01\/4-VALENZUELA-lq.jpg\" alt=\"\" class=\"wp-image-2763\" srcset=\"https:\/\/www.ssaver.gob.mx\/difusion\/wp-content\/uploads\/sites\/23\/2025\/01\/4-VALENZUELA-lq.jpg 1412w, https:\/\/www.ssaver.gob.mx\/difusion\/wp-content\/uploads\/sites\/23\/2025\/01\/4-VALENZUELA-lq-300x200.jpg 300w, https:\/\/www.ssaver.gob.mx\/difusion\/wp-content\/uploads\/sites\/23\/2025\/01\/4-VALENZUELA-lq-1024x683.jpg 1024w, https:\/\/www.ssaver.gob.mx\/difusion\/wp-content\/uploads\/sites\/23\/2025\/01\/4-VALENZUELA-lq-768x512.jpg 768w\" sizes=\"auto, (max-width: 1412px) 100vw, 1412px\" \/><figcaption class=\"wp-element-caption\">Fotos proporcionadas por el personal del hospital general de Cardel durante la asistencia a Manuel Valenzuela despu\u00e9s que sufriera el accidente. FOTO. Secretaria de Salud de Veracruz.<\/figcaption><\/figure>\n<\/li>\n\n\n\n<li class=\"blockart-slide blockart-slide-71419cf7 splide__slide\">\n<figure class=\"wp-block-image aligncenter size-full is-resized\"><img loading=\"lazy\" decoding=\"async\" width=\"1412\" height=\"942\" src=\"https:\/\/www.ssaver.gob.mx\/difusion\/wp-content\/uploads\/sites\/23\/2025\/01\/5-VALENZUELA-lq.jpg\" alt=\"\" class=\"wp-image-2764\" style=\"width:1057px;height:auto\" srcset=\"https:\/\/www.ssaver.gob.mx\/difusion\/wp-content\/uploads\/sites\/23\/2025\/01\/5-VALENZUELA-lq.jpg 1412w, https:\/\/www.ssaver.gob.mx\/difusion\/wp-content\/uploads\/sites\/23\/2025\/01\/5-VALENZUELA-lq-300x200.jpg 300w, https:\/\/www.ssaver.gob.mx\/difusion\/wp-content\/uploads\/sites\/23\/2025\/01\/5-VALENZUELA-lq-1024x683.jpg 1024w, https:\/\/www.ssaver.gob.mx\/difusion\/wp-content\/uploads\/sites\/23\/2025\/01\/5-VALENZUELA-lq-768x512.jpg 768w\" sizes=\"auto, (max-width: 1412px) 100vw, 1412px\" \/><figcaption class=\"wp-element-caption\"><br>El camillero Jorge Verdejo quien cuido de Black Sparrow posa para la foto con las trabajadoras sociales Noemi y Fabiola, junto a la cama donde estuvo viviendo par m\u00e1s de dos meses Manuel Valenzuela, antes de volver a su natal Tetabiate en Sonora. Foto Jorge Serratos. Secretaria de Salud de Veracruz.<\/figcaption><\/figure>\n<\/li>\n\n\n\n<li class=\"blockart-slide blockart-slide-a5accb10 splide__slide\">\n<figure class=\"wp-block-image size-full\"><img loading=\"lazy\" decoding=\"async\" width=\"1412\" height=\"942\" src=\"https:\/\/www.ssaver.gob.mx\/difusion\/wp-content\/uploads\/sites\/23\/2025\/01\/6-VALENZUELA-lq.jpg\" alt=\"\" class=\"wp-image-2765\" srcset=\"https:\/\/www.ssaver.gob.mx\/difusion\/wp-content\/uploads\/sites\/23\/2025\/01\/6-VALENZUELA-lq.jpg 1412w, https:\/\/www.ssaver.gob.mx\/difusion\/wp-content\/uploads\/sites\/23\/2025\/01\/6-VALENZUELA-lq-300x200.jpg 300w, https:\/\/www.ssaver.gob.mx\/difusion\/wp-content\/uploads\/sites\/23\/2025\/01\/6-VALENZUELA-lq-1024x683.jpg 1024w, https:\/\/www.ssaver.gob.mx\/difusion\/wp-content\/uploads\/sites\/23\/2025\/01\/6-VALENZUELA-lq-768x512.jpg 768w\" sizes=\"auto, (max-width: 1412px) 100vw, 1412px\" \/><figcaption class=\"wp-element-caption\">Foto proporcionada por el personal de el hospital general de Cardel donde se muestra a Manuel Valenzuela caminando durante su rehabilitaci\u00f3n. Foto. Secretaria de Salud de Veracruz.<\/figcaption><\/figure>\n<\/li>\n\n\n\n<li class=\"blockart-slide blockart-slide-d00c0d32 splide__slide\">\n<figure class=\"wp-block-image size-full\"><img loading=\"lazy\" decoding=\"async\" width=\"1412\" height=\"942\" src=\"https:\/\/www.ssaver.gob.mx\/difusion\/wp-content\/uploads\/sites\/23\/2025\/01\/7-VALENZUELA-lq.jpg\" alt=\"\" class=\"wp-image-2766\" srcset=\"https:\/\/www.ssaver.gob.mx\/difusion\/wp-content\/uploads\/sites\/23\/2025\/01\/7-VALENZUELA-lq.jpg 1412w, https:\/\/www.ssaver.gob.mx\/difusion\/wp-content\/uploads\/sites\/23\/2025\/01\/7-VALENZUELA-lq-300x200.jpg 300w, https:\/\/www.ssaver.gob.mx\/difusion\/wp-content\/uploads\/sites\/23\/2025\/01\/7-VALENZUELA-lq-1024x683.jpg 1024w, https:\/\/www.ssaver.gob.mx\/difusion\/wp-content\/uploads\/sites\/23\/2025\/01\/7-VALENZUELA-lq-768x512.jpg 768w\" sizes=\"auto, (max-width: 1412px) 100vw, 1412px\" \/><figcaption class=\"wp-element-caption\">El camillero del hospital general de Cardel, Jorge Verdejo quien ayudo a Manuel Valenzuela en su rehabilitaci\u00f3n despu\u00e9s del accidente que sufri\u00f3,&nbsp; revisa la libreta de las personas que se encuentran internadas. Foto Jorge Serratos. Secretaria de Salud de Veracruz.<\/figcaption><\/figure>\n<\/li>\n\n\n\n<li class=\"blockart-slide blockart-slide-7fb6352d splide__slide\">\n<figure class=\"wp-block-image size-full\"><img loading=\"lazy\" decoding=\"async\" width=\"1412\" height=\"942\" src=\"https:\/\/www.ssaver.gob.mx\/difusion\/wp-content\/uploads\/sites\/23\/2025\/01\/8-VALENZUELA-lq.jpg\" alt=\"\" class=\"wp-image-2767\" srcset=\"https:\/\/www.ssaver.gob.mx\/difusion\/wp-content\/uploads\/sites\/23\/2025\/01\/8-VALENZUELA-lq.jpg 1412w, https:\/\/www.ssaver.gob.mx\/difusion\/wp-content\/uploads\/sites\/23\/2025\/01\/8-VALENZUELA-lq-300x200.jpg 300w, https:\/\/www.ssaver.gob.mx\/difusion\/wp-content\/uploads\/sites\/23\/2025\/01\/8-VALENZUELA-lq-1024x683.jpg 1024w, https:\/\/www.ssaver.gob.mx\/difusion\/wp-content\/uploads\/sites\/23\/2025\/01\/8-VALENZUELA-lq-768x512.jpg 768w\" sizes=\"auto, (max-width: 1412px) 100vw, 1412px\" \/><figcaption class=\"wp-element-caption\">Ficha que se emiti\u00f3 para la localizaci\u00f3n de los familiares de Manuel Valenzuela.<\/figcaption><\/figure>\n<\/li>\n\n\n\n<li class=\"blockart-slide blockart-slide-3f2046b2 splide__slide\">\n<figure class=\"wp-block-image size-full\"><img loading=\"lazy\" decoding=\"async\" width=\"1412\" height=\"942\" src=\"https:\/\/www.ssaver.gob.mx\/difusion\/wp-content\/uploads\/sites\/23\/2025\/01\/9-VALENZUELA-lq.jpg\" alt=\"\" class=\"wp-image-2768\" srcset=\"https:\/\/www.ssaver.gob.mx\/difusion\/wp-content\/uploads\/sites\/23\/2025\/01\/9-VALENZUELA-lq.jpg 1412w, https:\/\/www.ssaver.gob.mx\/difusion\/wp-content\/uploads\/sites\/23\/2025\/01\/9-VALENZUELA-lq-300x200.jpg 300w, https:\/\/www.ssaver.gob.mx\/difusion\/wp-content\/uploads\/sites\/23\/2025\/01\/9-VALENZUELA-lq-1024x683.jpg 1024w, https:\/\/www.ssaver.gob.mx\/difusion\/wp-content\/uploads\/sites\/23\/2025\/01\/9-VALENZUELA-lq-768x512.jpg 768w\" sizes=\"auto, (max-width: 1412px) 100vw, 1412px\" \/><figcaption class=\"wp-element-caption\">Las pasantes de enfermer\u00eda Yoselin Rojas y Maria Jose Colorado realizan su trabajo en el hospital general de Cardel, ellas cuidaron de Manuel Valenzuela mejor conocido como \u201cJack Sparrow\u201d. Foto Jorge Serratos. Secretaria de Salud de Veracruz.<\/figcaption><\/figure>\n<\/li>\n\n\n\n<li class=\"blockart-slide blockart-slide-fa811112 splide__slide\">\n<figure class=\"wp-block-image size-full\"><img loading=\"lazy\" decoding=\"async\" width=\"1412\" height=\"942\" src=\"https:\/\/www.ssaver.gob.mx\/difusion\/wp-content\/uploads\/sites\/23\/2025\/01\/11-VALENZUELA-lq.jpg\" alt=\"\" class=\"wp-image-2771\" srcset=\"https:\/\/www.ssaver.gob.mx\/difusion\/wp-content\/uploads\/sites\/23\/2025\/01\/11-VALENZUELA-lq.jpg 1412w, https:\/\/www.ssaver.gob.mx\/difusion\/wp-content\/uploads\/sites\/23\/2025\/01\/11-VALENZUELA-lq-300x200.jpg 300w, https:\/\/www.ssaver.gob.mx\/difusion\/wp-content\/uploads\/sites\/23\/2025\/01\/11-VALENZUELA-lq-1024x683.jpg 1024w, https:\/\/www.ssaver.gob.mx\/difusion\/wp-content\/uploads\/sites\/23\/2025\/01\/11-VALENZUELA-lq-768x512.jpg 768w\" sizes=\"auto, (max-width: 1412px) 100vw, 1412px\" \/><figcaption class=\"wp-element-caption\">Enfermeras y trabajadoras sociales del hospital general de Cardel sonr\u00eden con Valenzuela durante su recuperaci\u00f3n que duro m\u00e1s de cuatro meses y durante ese tiempo se gan\u00f3 el cari\u00f1o del personal. Foto. Secretaria de Salud de Veracruz.<\/figcaption><\/figure>\n<\/li>\n\n\n\n<li class=\"blockart-slide blockart-slide-fe347649 splide__slide\">\n<figure class=\"wp-block-image size-full\"><img loading=\"lazy\" decoding=\"async\" width=\"1412\" height=\"942\" src=\"https:\/\/www.ssaver.gob.mx\/difusion\/wp-content\/uploads\/sites\/23\/2025\/01\/11-VALENZUELA-lq-2.jpg\" alt=\"\" class=\"wp-image-2770\" srcset=\"https:\/\/www.ssaver.gob.mx\/difusion\/wp-content\/uploads\/sites\/23\/2025\/01\/11-VALENZUELA-lq-2.jpg 1412w, https:\/\/www.ssaver.gob.mx\/difusion\/wp-content\/uploads\/sites\/23\/2025\/01\/11-VALENZUELA-lq-2-300x200.jpg 300w, https:\/\/www.ssaver.gob.mx\/difusion\/wp-content\/uploads\/sites\/23\/2025\/01\/11-VALENZUELA-lq-2-1024x683.jpg 1024w, https:\/\/www.ssaver.gob.mx\/difusion\/wp-content\/uploads\/sites\/23\/2025\/01\/11-VALENZUELA-lq-2-768x512.jpg 768w\" sizes=\"auto, (max-width: 1412px) 100vw, 1412px\" \/><figcaption class=\"wp-element-caption\">Familiares de Manuel Valenzuela en el hospital donde llegaron para reconocerlo y llevarlo de regreso a su natal Tetabiate, Sonora. Foto. Secretaria de Salud de Veracruz.<\/figcaption><\/figure>\n<\/li>\n\n\n\n<li class=\"blockart-slide blockart-slide-d4e13855 splide__slide\">\n<figure class=\"wp-block-image size-full\"><img loading=\"lazy\" decoding=\"async\" width=\"1412\" height=\"942\" src=\"https:\/\/www.ssaver.gob.mx\/difusion\/wp-content\/uploads\/sites\/23\/2025\/01\/12-VALENZUELA-lq.jpg\" alt=\"\" class=\"wp-image-2772\" srcset=\"https:\/\/www.ssaver.gob.mx\/difusion\/wp-content\/uploads\/sites\/23\/2025\/01\/12-VALENZUELA-lq.jpg 1412w, https:\/\/www.ssaver.gob.mx\/difusion\/wp-content\/uploads\/sites\/23\/2025\/01\/12-VALENZUELA-lq-300x200.jpg 300w, https:\/\/www.ssaver.gob.mx\/difusion\/wp-content\/uploads\/sites\/23\/2025\/01\/12-VALENZUELA-lq-1024x683.jpg 1024w, https:\/\/www.ssaver.gob.mx\/difusion\/wp-content\/uploads\/sites\/23\/2025\/01\/12-VALENZUELA-lq-768x512.jpg 768w\" sizes=\"auto, (max-width: 1412px) 100vw, 1412px\" \/><figcaption class=\"wp-element-caption\">El director del hospital general de Cardel, doctor Francisco Perrot\u00edn Cadena posa en la imagen con parte del equipo que estuvo pendiente de la mejor\u00eda de Manuel Valenzuela. Foto Jorge Serratos. Secretaria de Salud de Veracruz.<\/figcaption><\/figure>\n<\/li>\n\n\n\n<li class=\"blockart-slide blockart-slide-ddd13c6b splide__slide\">\n<figure class=\"wp-block-image size-full\"><img loading=\"lazy\" decoding=\"async\" width=\"1412\" height=\"942\" src=\"https:\/\/www.ssaver.gob.mx\/difusion\/wp-content\/uploads\/sites\/23\/2025\/01\/13-VALENZUELA-lq.jpg\" alt=\"\" class=\"wp-image-2773\" srcset=\"https:\/\/www.ssaver.gob.mx\/difusion\/wp-content\/uploads\/sites\/23\/2025\/01\/13-VALENZUELA-lq.jpg 1412w, https:\/\/www.ssaver.gob.mx\/difusion\/wp-content\/uploads\/sites\/23\/2025\/01\/13-VALENZUELA-lq-300x200.jpg 300w, https:\/\/www.ssaver.gob.mx\/difusion\/wp-content\/uploads\/sites\/23\/2025\/01\/13-VALENZUELA-lq-1024x683.jpg 1024w, https:\/\/www.ssaver.gob.mx\/difusion\/wp-content\/uploads\/sites\/23\/2025\/01\/13-VALENZUELA-lq-768x512.jpg 768w\" sizes=\"auto, (max-width: 1412px) 100vw, 1412px\" \/><figcaption class=\"wp-element-caption\">Manuel Valenzuela posa para una foto familiar en su natal Tetabiate , Sonora despu\u00e9s de 16 a\u00f1os que se encontraba perdido y fue localizado gracias a personal de trabajo social del hospital general de Cardel, quienes se dieron a la tarea de buscar a sus familiares despu\u00e9s de que el sufriera un accidente en calle. Foto proporcionada por la familia.<\/figcaption><\/figure>\n<\/li>\n\n\n\n<li class=\"blockart-slide blockart-slide-49731b95 splide__slide\">\n<figure class=\"wp-block-image size-full\"><img loading=\"lazy\" decoding=\"async\" width=\"1412\" height=\"942\" src=\"https:\/\/www.ssaver.gob.mx\/difusion\/wp-content\/uploads\/sites\/23\/2025\/01\/14-VALENZUELA-lq.jpg\" alt=\"\" class=\"wp-image-2774\" srcset=\"https:\/\/www.ssaver.gob.mx\/difusion\/wp-content\/uploads\/sites\/23\/2025\/01\/14-VALENZUELA-lq.jpg 1412w, https:\/\/www.ssaver.gob.mx\/difusion\/wp-content\/uploads\/sites\/23\/2025\/01\/14-VALENZUELA-lq-300x200.jpg 300w, https:\/\/www.ssaver.gob.mx\/difusion\/wp-content\/uploads\/sites\/23\/2025\/01\/14-VALENZUELA-lq-1024x683.jpg 1024w, https:\/\/www.ssaver.gob.mx\/difusion\/wp-content\/uploads\/sites\/23\/2025\/01\/14-VALENZUELA-lq-768x512.jpg 768w\" sizes=\"auto, (max-width: 1412px) 100vw, 1412px\" \/><figcaption class=\"wp-element-caption\">La trabajadora social muestra un mensaje de agradecimiento de la hermana de Manuel Valenzuela por todas las atenciones que tuvieron con el&nbsp; y por ayudarlo no solo a recuperar su salud, sino tambi\u00e9n a encontrar a su familia. Foto Jorge Serratos. Secretaria de Salud de Veracruz.<\/figcaption><\/figure>\n<\/li>\n\n\n\n<li class=\"blockart-slide blockart-slide-c55962eb splide__slide\">\n<figure class=\"wp-block-image size-full\"><img loading=\"lazy\" decoding=\"async\" width=\"1412\" height=\"942\" src=\"https:\/\/www.ssaver.gob.mx\/difusion\/wp-content\/uploads\/sites\/23\/2025\/01\/15-VALENZUELA.lq_.jpg\" alt=\"\" class=\"wp-image-2775\" srcset=\"https:\/\/www.ssaver.gob.mx\/difusion\/wp-content\/uploads\/sites\/23\/2025\/01\/15-VALENZUELA.lq_.jpg 1412w, https:\/\/www.ssaver.gob.mx\/difusion\/wp-content\/uploads\/sites\/23\/2025\/01\/15-VALENZUELA.lq_-300x200.jpg 300w, https:\/\/www.ssaver.gob.mx\/difusion\/wp-content\/uploads\/sites\/23\/2025\/01\/15-VALENZUELA.lq_-1024x683.jpg 1024w, https:\/\/www.ssaver.gob.mx\/difusion\/wp-content\/uploads\/sites\/23\/2025\/01\/15-VALENZUELA.lq_-768x512.jpg 768w\" sizes=\"auto, (max-width: 1412px) 100vw, 1412px\" \/><figcaption class=\"wp-element-caption\">Personal del hospital general de Cardel que ayudo a la mejor\u00eda de Manuel Valenzuela env\u00edan un saludo y felicitaciones dese\u00e1ndole pase una linda navidad y un excelente a\u00f1o nuevo junto a su familia. Foto Jorge Serratos. Secretaria de Salud de Veracruz.<\/figcaption><\/figure>\n<\/li>\n<\/ul><\/div><div class=\"splide__arrows\"><div role=\"button\" class=\"splide__arrow splide__arrow--prev\"><\/div><div role=\"button\" class=\"splide__arrow splide__arrow--next\"><\/div><\/div><\/div><\/div>\n","protected":false},"excerpt":{"rendered":"","protected":false},"author":2,"featured_media":2762,"comment_status":"closed","ping_status":"closed","sticky":false,"template":"","format":"standard","meta":{"colormag_page_container_layout":"default_layout","colormag_page_sidebar_layout":"default_layout","footnotes":""},"categories":[120],"tags":[750,124,754,753],"class_list":["post-2756","post","type-post","status-publish","format-standard","has-post-thumbnail","hentry","category-galeria-de-la-salud","tag-apoyo-del-director-general","tag-fotogaleria","tag-juan-pablo-uribe","tag-manuel-alberto"],"_links":{"self":[{"href":"https:\/\/www.ssaver.gob.mx\/difusion\/wp-json\/wp\/v2\/posts\/2756","targetHints":{"allow":["GET"]}}],"collection":[{"href":"https:\/\/www.ssaver.gob.mx\/difusion\/wp-json\/wp\/v2\/posts"}],"about":[{"href":"https:\/\/www.ssaver.gob.mx\/difusion\/wp-json\/wp\/v2\/types\/post"}],"author":[{"embeddable":true,"href":"https:\/\/www.ssaver.gob.mx\/difusion\/wp-json\/wp\/v2\/users\/2"}],"replies":[{"embeddable":true,"href":"https:\/\/www.ssaver.gob.mx\/difusion\/wp-json\/wp\/v2\/comments?post=2756"}],"version-history":[{"count":12,"href":"https:\/\/www.ssaver.gob.mx\/difusion\/wp-json\/wp\/v2\/posts\/2756\/revisions"}],"predecessor-version":[{"id":3363,"href":"https:\/\/www.ssaver.gob.mx\/difusion\/wp-json\/wp\/v2\/posts\/2756\/revisions\/3363"}],"wp:featuredmedia":[{"embeddable":true,"href":"https:\/\/www.ssaver.gob.mx\/difusion\/wp-json\/wp\/v2\/media\/2762"}],"wp:attachment":[{"href":"https:\/\/www.ssaver.gob.mx\/difusion\/wp-json\/wp\/v2\/media?parent=2756"}],"wp:term":[{"taxonomy":"category","embeddable":true,"href":"https:\/\/www.ssaver.gob.mx\/difusion\/wp-json\/wp\/v2\/categories?post=2756"},{"taxonomy":"post_tag","embeddable":true,"href":"https:\/\/www.ssaver.gob.mx\/difusion\/wp-json\/wp\/v2\/tags?post=2756"}],"curies":[{"name":"wp","href":"https:\/\/api.w.org\/{rel}","templated":true}]}}