{"id":2891,"date":"2024-12-31T11:56:08","date_gmt":"2024-12-31T17:56:08","guid":{"rendered":"https:\/\/www.ssaver.gob.mx\/difusion\/?p=2891"},"modified":"2025-09-11T13:40:00","modified_gmt":"2025-09-11T18:40:00","slug":"salud-informa-y-orienta-a-la-ciudadania","status":"publish","type":"post","link":"https:\/\/www.ssaver.gob.mx\/difusion\/2024\/12\/31\/salud-informa-y-orienta-a-la-ciudadania\/","title":{"rendered":"Salud informa y orienta a la ciudadan\u00eda"},"content":{"rendered":"\n<p class=\"blockart-paragraph blockart-paragraph-0d5ce073\"><strong>Secretar\u00eda de Salud concientiza a poblaci\u00f3n sobre importancia de prevenir la obesidad y la diabetes<\/strong><\/p>\n\n\n\n\n\n<p>Tierra Blanca, Ver.- Durante diciembre, personal del Hospital General, Jes\u00fas Garc\u00eda Corona, adscrito a las \u00e1reas de nutrici\u00f3n, ense\u00f1anza y enfermer\u00eda imparti\u00f3 capacitaci\u00f3n al p\u00fablico en general, en materia de prevenci\u00f3n y consecuencias de deterioro a la salud que provocan dichos padecimientos, en el marco de estas charlas, se repartieron tr\u00edpticos informativos y los nutri\u00f3logos y especialistas ofrecieron planes nutricionales personalizados.<\/p>\n\n\n\n<p>Con estas capacitaciones a la poblaci\u00f3n, la Secretaria de Salud destaca las oportunidades que existen para fortalecer la prevenci\u00f3n, el diagn\u00f3stico oportuno y el tratamiento de la diabetes y la obesidad.<\/p>\n\n\n\n<p>El&nbsp;objetivo&nbsp;de estas pl\u00e1ticas en los distintos Centros Hospitalarios de la entidad, es sensibilizar y hacer conciencia sobre dichos padecimientos y que cada familia deje de luchar contra&nbsp;el estigma del peso y en lugar de ello se fomenten acciones de prevenci\u00f3n y promoci\u00f3n de h\u00e1bitos saludables desde la comunidad que generen personas m\u00e1s sanas.<\/p>\n\n\n\n<p>La obesidad y la diabetes son condiciones perjudiciales para la salud si no se atienden y detectan adecuadamente.<\/p>\n","protected":false},"excerpt":{"rendered":"<p>Tierra Blanca, Ver.- Durante diciembre, personal del Hospital General, Jes\u00fas Garc\u00eda Corona, adscrito a las \u00e1reas de nutrici\u00f3n, ense\u00f1anza y<\/p>\n","protected":false},"author":59,"featured_media":2896,"comment_status":"closed","ping_status":"closed","sticky":false,"template":"","format":"standard","meta":{"colormag_page_container_layout":"default_layout","colormag_page_sidebar_layout":"default_layout","footnotes":""},"categories":[119],"tags":[750,136,751,135],"class_list":["post-2891","post","type-post","status-publish","format-standard","has-post-thumbnail","hentry","category-comunicados","tag-apoyo-del-director-general","tag-diabetes","tag-juan-pablo-uribe-gonzalez","tag-obesidad"],"_links":{"self":[{"href":"https:\/\/www.ssaver.gob.mx\/difusion\/wp-json\/wp\/v2\/posts\/2891","targetHints":{"allow":["GET"]}}],"collection":[{"href":"https:\/\/www.ssaver.gob.mx\/difusion\/wp-json\/wp\/v2\/posts"}],"about":[{"href":"https:\/\/www.ssaver.gob.mx\/difusion\/wp-json\/wp\/v2\/types\/post"}],"author":[{"embeddable":true,"href":"https:\/\/www.ssaver.gob.mx\/difusion\/wp-json\/wp\/v2\/users\/59"}],"replies":[{"embeddable":true,"href":"https:\/\/www.ssaver.gob.mx\/difusion\/wp-json\/wp\/v2\/comments?post=2891"}],"version-history":[{"count":3,"href":"https:\/\/www.ssaver.gob.mx\/difusion\/wp-json\/wp\/v2\/posts\/2891\/revisions"}],"predecessor-version":[{"id":2907,"href":"https:\/\/www.ssaver.gob.mx\/difusion\/wp-json\/wp\/v2\/posts\/2891\/revisions\/2907"}],"wp:featuredmedia":[{"embeddable":true,"href":"https:\/\/www.ssaver.gob.mx\/difusion\/wp-json\/wp\/v2\/media\/2896"}],"wp:attachment":[{"href":"https:\/\/www.ssaver.gob.mx\/difusion\/wp-json\/wp\/v2\/media?parent=2891"}],"wp:term":[{"taxonomy":"category","embeddable":true,"href":"https:\/\/www.ssaver.gob.mx\/difusion\/wp-json\/wp\/v2\/categories?post=2891"},{"taxonomy":"post_tag","embeddable":true,"href":"https:\/\/www.ssaver.gob.mx\/difusion\/wp-json\/wp\/v2\/tags?post=2891"}],"curies":[{"name":"wp","href":"https:\/\/api.w.org\/{rel}","templated":true}]}}