{"id":2909,"date":"2024-12-10T12:55:00","date_gmt":"2024-12-10T18:55:00","guid":{"rendered":"https:\/\/www.ssaver.gob.mx\/difusion\/?p=2909"},"modified":"2025-09-11T13:39:17","modified_gmt":"2025-09-11T18:39:17","slug":"con-diversas-acciones-se-busca-mejorar-condiciones-operativas-de-comercios","status":"publish","type":"post","link":"https:\/\/www.ssaver.gob.mx\/difusion\/2024\/12\/10\/con-diversas-acciones-se-busca-mejorar-condiciones-operativas-de-comercios\/","title":{"rendered":"Con diversas acciones se busca mejorar condiciones operativas de comercios"},"content":{"rendered":"\n<p class=\"blockart-paragraph blockart-paragraph-9d0cdf5b\"><strong>Secretar\u00eda de Salud refuerza la mejora de condiciones sanitarias en establecimientos comerciales<\/strong><\/p>\n\n\n\n\n\n<p>Xalapa, Ver. &#8211; Durante esta \u00e9poca decembrina, la Secretar\u00eda de Salud del Estado a trav\u00e9s de la Direcci\u00f3n de Protecci\u00f3n contra Riesgos Sanitarios refuerza las verificaciones y procesos de vigilancia sanitaria proactiva para identificar, registrar y evaluar factores de riesgo presentes en los servicios de venta de alimentos que pudieran ocasionar da\u00f1os a la salud de los veracruzanos.<\/p>\n\n\n\n<p>La finalidad de implementar estas medidas es crear condiciones saludables, conforme a lo dispuesto por el art\u00edculo 147 de la Ley General de Salud, mediante acciones de regulaci\u00f3n, control y fomento sanitario a trav\u00e9s de cada una de las 11 jurisdicciones sanitarias del estado.<\/p>\n\n\n\n<p>En ese sentido, la dependencia hace un llamado para que los establecimientos se sumen a esta estrategia de vigilancia y que los due\u00f1os y\/o representantes legales de estos se registren en el sitio:<\/p>\n\n\n\n<figure class=\"wp-block-embed is-type-wp-embed is-provider-riesgos-sanitarios wp-block-embed-riesgos-sanitarios\"><div class=\"wp-block-embed__wrapper\">\n<blockquote class=\"wp-embedded-content\" data-secret=\"OLUIlGUFEl\"><a href=\"https:\/\/www.ssaver.gob.mx\/riesgos-sanitarios\/vigilancia-proactiva\/\">Vigilancia Proactiva<\/a><\/blockquote><iframe loading=\"lazy\" class=\"wp-embedded-content\" sandbox=\"allow-scripts\" security=\"restricted\" style=\"position: absolute; visibility: hidden;\" title=\"\u00abVigilancia Proactiva\u00bb \u2014 Riesgos Sanitarios\" src=\"https:\/\/www.ssaver.gob.mx\/riesgos-sanitarios\/vigilancia-proactiva\/embed\/#?secret=mJWGfeMkd8#?secret=OLUIlGUFEl\" data-secret=\"OLUIlGUFEl\" width=\"600\" height=\"338\" frameborder=\"0\" marginwidth=\"0\" marginheight=\"0\" scrolling=\"no\"><\/iframe>\n<\/div><\/figure>\n\n\n\n<p>De igual forma la participaci\u00f3n de la sociedad es importante, por eso se solicita que, en caso de identificar establecimientos irregulares y servicios que puedan poner en riesgo la salud presenten una denuncia ingresando a:<\/p>\n\n\n\n<figure class=\"wp-block-embed\"><div class=\"wp-block-embed__wrapper\">\nhttps:\/\/www.gob.mx\/cofepris\/acciones-y-programas\/denuncias-sanitarias\n<\/div><\/figure>\n","protected":false},"excerpt":{"rendered":"<p>Xalapa, Ver. &#8211; Durante esta \u00e9poca decembrina, la Secretar\u00eda de Salud del Estado a trav\u00e9s de la Direcci\u00f3n de Protecci\u00f3n<\/p>\n","protected":false},"author":59,"featured_media":2914,"comment_status":"closed","ping_status":"closed","sticky":false,"template":"","format":"standard","meta":{"colormag_page_container_layout":"default_layout","colormag_page_sidebar_layout":"default_layout","footnotes":""},"categories":[119],"tags":[750,751,138,137],"class_list":["post-2909","post","type-post","status-publish","format-standard","has-post-thumbnail","hentry","category-comunicados","tag-apoyo-del-director-general","tag-juan-pablo-uribe-gonzalez","tag-jurisdiccion-sanitaria","tag-xalapa"],"_links":{"self":[{"href":"https:\/\/www.ssaver.gob.mx\/difusion\/wp-json\/wp\/v2\/posts\/2909","targetHints":{"allow":["GET"]}}],"collection":[{"href":"https:\/\/www.ssaver.gob.mx\/difusion\/wp-json\/wp\/v2\/posts"}],"about":[{"href":"https:\/\/www.ssaver.gob.mx\/difusion\/wp-json\/wp\/v2\/types\/post"}],"author":[{"embeddable":true,"href":"https:\/\/www.ssaver.gob.mx\/difusion\/wp-json\/wp\/v2\/users\/59"}],"replies":[{"embeddable":true,"href":"https:\/\/www.ssaver.gob.mx\/difusion\/wp-json\/wp\/v2\/comments?post=2909"}],"version-history":[{"count":3,"href":"https:\/\/www.ssaver.gob.mx\/difusion\/wp-json\/wp\/v2\/posts\/2909\/revisions"}],"predecessor-version":[{"id":2915,"href":"https:\/\/www.ssaver.gob.mx\/difusion\/wp-json\/wp\/v2\/posts\/2909\/revisions\/2915"}],"wp:featuredmedia":[{"embeddable":true,"href":"https:\/\/www.ssaver.gob.mx\/difusion\/wp-json\/wp\/v2\/media\/2914"}],"wp:attachment":[{"href":"https:\/\/www.ssaver.gob.mx\/difusion\/wp-json\/wp\/v2\/media?parent=2909"}],"wp:term":[{"taxonomy":"category","embeddable":true,"href":"https:\/\/www.ssaver.gob.mx\/difusion\/wp-json\/wp\/v2\/categories?post=2909"},{"taxonomy":"post_tag","embeddable":true,"href":"https:\/\/www.ssaver.gob.mx\/difusion\/wp-json\/wp\/v2\/tags?post=2909"}],"curies":[{"name":"wp","href":"https:\/\/api.w.org\/{rel}","templated":true}]}}