{"id":2929,"date":"2024-12-04T16:40:00","date_gmt":"2024-12-04T22:40:00","guid":{"rendered":"https:\/\/www.ssaver.gob.mx\/difusion\/?p=2929"},"modified":"2025-01-09T16:59:05","modified_gmt":"2025-01-09T22:59:05","slug":"brindan-capacitacion-en-prevencion-de-el-cancer-bucal","status":"publish","type":"post","link":"https:\/\/www.ssaver.gob.mx\/difusion\/2024\/12\/04\/brindan-capacitacion-en-prevencion-de-el-cancer-bucal\/","title":{"rendered":"Brindan capacitaci\u00f3n en prevenci\u00f3n de el c\u00e1ncer bucal"},"content":{"rendered":"\n<p class=\"blockart-paragraph blockart-paragraph-3f3202eb\"><strong>Llevan a cabo la Feria de la Salud en el Hospital Regional de Veracruz<\/strong><\/p>\n\n\n\n\n\n<p>Veracruz, Ver.- Como parte de las actividades de cierre de a\u00f1o que impulsa la Secretaria\u00a0de Salud a trav\u00e9s de las diferentes regiones del Estado, se llev\u00f3 a cabo la Feria de la Salud en las instalaciones del Hospital de Alta Especialidad de Veracruz,\u00a0 en dicho evento se enfatiz\u00f3 el D\u00eda Nacional de la Lucha Contra el C\u00e1ncer Bucal.<\/p>\n\n\n\n<p>En ese sentido se ofrecieron cursos de capacitaci\u00f3n, se entregaron tr\u00edpticos sobre dicho padecimiento y se capacit\u00f3 en t\u00e9cnicas de cepillado dental adem\u00e1s se cont\u00f3 con la participaci\u00f3n de personal del Banco de Sangre, \u00e1rea Maxilofacial, Psicolog\u00eda, Nutrici\u00f3n, Promoci\u00f3n en Salud; Medicina Preventiva y la Unidad de Vigilancia Epidemiol\u00f3gica quienes de manera coordinada impartieron pl\u00e1ticas informativas sobre esta enfermedad altamente invasiva que afecta a personas de todas las edades, tambi\u00e9n se inform\u00f3 de los s\u00edntomas y factores de riesgo con el objetivo de generar conciencia entre los usuarios sobre la importancia de un diagn\u00f3stico temprano de la enfermedad.<\/p>\n\n\n\n<p>Con estas acciones la Secretar\u00eda de Salud promueve las estrategias de prevenci\u00f3n y promoci\u00f3n de salud con el objetivo de tener una poblaci\u00f3n m\u00e1s sana.<\/p>\n\n\n\n<p><\/p>\n","protected":false},"excerpt":{"rendered":"<p>Veracruz, Ver.- Como parte de las actividades de cierre de a\u00f1o que impulsa la Secretaria\u00a0de Salud a trav\u00e9s de las<\/p>\n","protected":false},"author":59,"featured_media":2930,"comment_status":"closed","ping_status":"closed","sticky":false,"template":"","format":"standard","meta":{"colormag_page_container_layout":"default_layout","colormag_page_sidebar_layout":"default_layout","footnotes":""},"categories":[119],"tags":[139],"class_list":["post-2929","post","type-post","status-publish","format-standard","has-post-thumbnail","hentry","category-comunicados","tag-hospital-regional-de-veracruz"],"_links":{"self":[{"href":"https:\/\/www.ssaver.gob.mx\/difusion\/wp-json\/wp\/v2\/posts\/2929","targetHints":{"allow":["GET"]}}],"collection":[{"href":"https:\/\/www.ssaver.gob.mx\/difusion\/wp-json\/wp\/v2\/posts"}],"about":[{"href":"https:\/\/www.ssaver.gob.mx\/difusion\/wp-json\/wp\/v2\/types\/post"}],"author":[{"embeddable":true,"href":"https:\/\/www.ssaver.gob.mx\/difusion\/wp-json\/wp\/v2\/users\/59"}],"replies":[{"embeddable":true,"href":"https:\/\/www.ssaver.gob.mx\/difusion\/wp-json\/wp\/v2\/comments?post=2929"}],"version-history":[{"count":1,"href":"https:\/\/www.ssaver.gob.mx\/difusion\/wp-json\/wp\/v2\/posts\/2929\/revisions"}],"predecessor-version":[{"id":2931,"href":"https:\/\/www.ssaver.gob.mx\/difusion\/wp-json\/wp\/v2\/posts\/2929\/revisions\/2931"}],"wp:featuredmedia":[{"embeddable":true,"href":"https:\/\/www.ssaver.gob.mx\/difusion\/wp-json\/wp\/v2\/media\/2930"}],"wp:attachment":[{"href":"https:\/\/www.ssaver.gob.mx\/difusion\/wp-json\/wp\/v2\/media?parent=2929"}],"wp:term":[{"taxonomy":"category","embeddable":true,"href":"https:\/\/www.ssaver.gob.mx\/difusion\/wp-json\/wp\/v2\/categories?post=2929"},{"taxonomy":"post_tag","embeddable":true,"href":"https:\/\/www.ssaver.gob.mx\/difusion\/wp-json\/wp\/v2\/tags?post=2929"}],"curies":[{"name":"wp","href":"https:\/\/api.w.org\/{rel}","templated":true}]}}