{"id":2957,"date":"2025-01-10T18:28:55","date_gmt":"2025-01-11T00:28:55","guid":{"rendered":"https:\/\/www.ssaver.gob.mx\/difusion\/?p=2957"},"modified":"2025-09-11T13:43:23","modified_gmt":"2025-09-11T18:43:23","slug":"metapneumovirus-humano-enfermedad-respiratoria-leve-ss","status":"publish","type":"post","link":"https:\/\/www.ssaver.gob.mx\/difusion\/2025\/01\/10\/metapneumovirus-humano-enfermedad-respiratoria-leve-ss\/","title":{"rendered":"Metapneumovirus humano, enfermedad respiratoria leve: SS"},"content":{"rendered":"\n<p class=\"blockart-paragraph blockart-paragraph-4917194f\"><strong>Metapneumovirus humano: enfermedad respiratoria leve, sin riesgo grave: Salud<\/strong><\/p>\n\n\n\n<p class=\"blockart-paragraph blockart-paragraph-d6b38e2c\">&#8211; En coordinaci\u00f3n con la Federaci\u00f3n refuerzan vigilancia epidemiol\u00f3gica<\/p>\n\n\n\n<p>Xalapa, Ver.- La Secretar\u00eda de Salud (SS) informa a la poblaci\u00f3n sobre el Metapneumovirus humano, que provoca s\u00edntomas respiratorios leves similares a los de una gripe com\u00fan, como tos, secreci\u00f3n nasal y dolor de garganta.<\/p>\n\n\n\n<p>No representa un riesgo grave para la salud ni es una cepa mortal, y aunque no es nuevo, desde su identificaci\u00f3n se aplican los protocolos de vigilancia epidemiol\u00f3gica, especialmente durante la temporada invernal.<\/p>\n\n\n\n<p>La dependencia hace un llamado a la ciudadan\u00eda a mantener la calma y evitar alarmarse, recomendando informarse exclusivamente a trav\u00e9s de fuentes oficiales y evitar la propagaci\u00f3n de noticias falsas.<\/p>\n\n\n\n<p>El titular, Valent\u00edn Herrera Alarc\u00f3n, expuso que bajo la encomienda de la gobernadora Roc\u00edo Nahle Garc\u00eda existe estrecha coordinaci\u00f3n con la Secretar\u00eda de Salud federal para el monitoreo constante.<\/p>\n\n\n\n<p>Recomend\u00f3 mantener las medidas preventivas propias de la temporada, como abrigarse bien, usar cubrebocas y evitar la exposici\u00f3n prolongada al fr\u00edo y para obtener informaci\u00f3n, la ciudadan\u00eda puede consultar las redes sociales oficiales y el sitio web https:\/\/www.ssaver.gob.mx.<\/p>\n","protected":false},"excerpt":{"rendered":"<p>Xalapa, Ver.- La Secretar\u00eda de Salud (SS) informa a la poblaci\u00f3n sobre el Metapneumovirus humano, que provoca s\u00edntomas respiratorios leves<\/p>\n","protected":false},"author":59,"featured_media":2960,"comment_status":"closed","ping_status":"closed","sticky":false,"template":"","format":"standard","meta":{"colormag_page_container_layout":"default_layout","colormag_page_sidebar_layout":"default_layout","footnotes":""},"categories":[119,115],"tags":[750,751,140,141,142],"class_list":["post-2957","post","type-post","status-publish","format-standard","has-post-thumbnail","hentry","category-comunicados","category-general","tag-apoyo-del-director-general","tag-juan-pablo-uribe-gonzalez","tag-metapneumovirus","tag-salud","tag-veracruz"],"_links":{"self":[{"href":"https:\/\/www.ssaver.gob.mx\/difusion\/wp-json\/wp\/v2\/posts\/2957","targetHints":{"allow":["GET"]}}],"collection":[{"href":"https:\/\/www.ssaver.gob.mx\/difusion\/wp-json\/wp\/v2\/posts"}],"about":[{"href":"https:\/\/www.ssaver.gob.mx\/difusion\/wp-json\/wp\/v2\/types\/post"}],"author":[{"embeddable":true,"href":"https:\/\/www.ssaver.gob.mx\/difusion\/wp-json\/wp\/v2\/users\/59"}],"replies":[{"embeddable":true,"href":"https:\/\/www.ssaver.gob.mx\/difusion\/wp-json\/wp\/v2\/comments?post=2957"}],"version-history":[{"count":3,"href":"https:\/\/www.ssaver.gob.mx\/difusion\/wp-json\/wp\/v2\/posts\/2957\/revisions"}],"predecessor-version":[{"id":2961,"href":"https:\/\/www.ssaver.gob.mx\/difusion\/wp-json\/wp\/v2\/posts\/2957\/revisions\/2961"}],"wp:featuredmedia":[{"embeddable":true,"href":"https:\/\/www.ssaver.gob.mx\/difusion\/wp-json\/wp\/v2\/media\/2960"}],"wp:attachment":[{"href":"https:\/\/www.ssaver.gob.mx\/difusion\/wp-json\/wp\/v2\/media?parent=2957"}],"wp:term":[{"taxonomy":"category","embeddable":true,"href":"https:\/\/www.ssaver.gob.mx\/difusion\/wp-json\/wp\/v2\/categories?post=2957"},{"taxonomy":"post_tag","embeddable":true,"href":"https:\/\/www.ssaver.gob.mx\/difusion\/wp-json\/wp\/v2\/tags?post=2957"}],"curies":[{"name":"wp","href":"https:\/\/api.w.org\/{rel}","templated":true}]}}