{"id":2963,"date":"2025-01-10T20:17:46","date_gmt":"2025-01-11T02:17:46","guid":{"rendered":"https:\/\/www.ssaver.gob.mx\/difusion\/?p=2963"},"modified":"2025-09-11T13:43:33","modified_gmt":"2025-09-11T18:43:33","slug":"secretaria-de-salud-conmemora-dia-de-reyes-con-pacientes-pediatricos","status":"publish","type":"post","link":"https:\/\/www.ssaver.gob.mx\/difusion\/2025\/01\/10\/secretaria-de-salud-conmemora-dia-de-reyes-con-pacientes-pediatricos\/","title":{"rendered":"Secretar\u00eda de Salud conmemora D\u00eda de Reyes con pacientes pedi\u00e1tricos"},"content":{"rendered":"\n<p class=\"blockart-paragraph blockart-paragraph-a9882b6d\"><strong>Festeja Secretar\u00eda de Salud D\u00eda de Reyes con pacientes pedi\u00e1tricos del CECAN<\/strong><\/p>\n\n\n\n<p class=\"blockart-paragraph blockart-paragraph-8f6e9104\">&#8211; El Centro Estatal de Cancerolog\u00eda \u00abMiguel Dorantes Mesa\u00bb atiende mensualmente entre 100 y 120 pacientes pedi\u00e1tricos<\/p>\n\n\n\n<p>Xalapa, Ver.- A fin de brindar alegr\u00eda y entusiasmo a pacientes pedi\u00e1tricos durante su atenci\u00f3n m\u00e9dica, la Secretar\u00eda de Salud, en conjunto con la Asociaci\u00f3n Lepach, llev\u00f3 a cabo el Festejo del D\u00eda de los Reyes Magos en la explanada del Centro Estatal de Cancerolog\u00eda (CECAN) \u00abMiguel Dorantes Mesa\u00bb.<\/p>\n\n\n\n<p>En representaci\u00f3n del Secretario de Salud, Dr. Valent\u00edn Herrera Alarc\u00f3n, el director de Atenci\u00f3n M\u00e9dica, Dr. Jos\u00e9 Salvador Aburto Morales, dirigi\u00f3 un mensaje a ni\u00f1os, padres y madres de familia y personal m\u00e9dico en el que destac\u00f3 que este centro atiende mensualmente entre 100 y 120 pacientes pedi\u00e1tricos, ya que es un centro regional de referencia para la atenci\u00f3n de este padecimiento.<\/p>\n\n\n\n<p>El especialista en urolog\u00eda y trasplante renal resalt\u00f3 que, adem\u00e1s de los tratamientos oncol\u00f3gicos, la Secretar\u00eda de Salud trabajar\u00e1 para atender otras enfermedades como la insuficiencia renal. Llam\u00f3 a la sociedad civil a sumarse al esfuerzo en favor de la donaci\u00f3n de \u00f3rganos.<\/p>\n\n\n\n<p>Hizo un reconocimiento tanto al trabajo que con compromiso y profesionalismo prestan enfermeras, doctoras y doctores, personal de trabajo social y administrativos del CECAN, como la labor de las asociaciones civiles que colaboran con la Secretar\u00eda para atender las necesidades de todos los pacientes que acuden a esta unidad m\u00e9dica.<\/p>\n\n\n\n<figure class=\"wp-block-gallery has-nested-images columns-default is-cropped wp-block-gallery-1 is-layout-flex wp-block-gallery-is-layout-flex\">\n<figure class=\"wp-block-image size-large\"><img loading=\"lazy\" decoding=\"async\" width=\"1024\" height=\"682\" data-id=\"2965\" src=\"https:\/\/www.ssaver.gob.mx\/difusion\/wp-content\/uploads\/sites\/23\/2025\/01\/PHOTO-2025-01-10-20-00-41-3-1024x682.jpg\" alt=\"\" class=\"wp-image-2965\" srcset=\"https:\/\/www.ssaver.gob.mx\/difusion\/wp-content\/uploads\/sites\/23\/2025\/01\/PHOTO-2025-01-10-20-00-41-3-1024x682.jpg 1024w, https:\/\/www.ssaver.gob.mx\/difusion\/wp-content\/uploads\/sites\/23\/2025\/01\/PHOTO-2025-01-10-20-00-41-3-300x200.jpg 300w, https:\/\/www.ssaver.gob.mx\/difusion\/wp-content\/uploads\/sites\/23\/2025\/01\/PHOTO-2025-01-10-20-00-41-3-768x512.jpg 768w, https:\/\/www.ssaver.gob.mx\/difusion\/wp-content\/uploads\/sites\/23\/2025\/01\/PHOTO-2025-01-10-20-00-41-3-1536x1023.jpg 1536w, https:\/\/www.ssaver.gob.mx\/difusion\/wp-content\/uploads\/sites\/23\/2025\/01\/PHOTO-2025-01-10-20-00-41-3.jpg 1600w\" sizes=\"auto, (max-width: 1024px) 100vw, 1024px\" \/><\/figure>\n\n\n\n<figure class=\"wp-block-image size-large\"><img loading=\"lazy\" decoding=\"async\" width=\"1024\" height=\"682\" data-id=\"2966\" src=\"https:\/\/www.ssaver.gob.mx\/difusion\/wp-content\/uploads\/sites\/23\/2025\/01\/PHOTO-2025-01-10-20-00-41-2-1024x682.jpg\" alt=\"\" class=\"wp-image-2966\" srcset=\"https:\/\/www.ssaver.gob.mx\/difusion\/wp-content\/uploads\/sites\/23\/2025\/01\/PHOTO-2025-01-10-20-00-41-2-1024x682.jpg 1024w, https:\/\/www.ssaver.gob.mx\/difusion\/wp-content\/uploads\/sites\/23\/2025\/01\/PHOTO-2025-01-10-20-00-41-2-300x200.jpg 300w, https:\/\/www.ssaver.gob.mx\/difusion\/wp-content\/uploads\/sites\/23\/2025\/01\/PHOTO-2025-01-10-20-00-41-2-768x512.jpg 768w, https:\/\/www.ssaver.gob.mx\/difusion\/wp-content\/uploads\/sites\/23\/2025\/01\/PHOTO-2025-01-10-20-00-41-2-1536x1023.jpg 1536w, https:\/\/www.ssaver.gob.mx\/difusion\/wp-content\/uploads\/sites\/23\/2025\/01\/PHOTO-2025-01-10-20-00-41-2.jpg 1600w\" sizes=\"auto, (max-width: 1024px) 100vw, 1024px\" \/><\/figure>\n\n\n\n<figure class=\"wp-block-image size-large\"><img loading=\"lazy\" decoding=\"async\" width=\"1024\" height=\"682\" data-id=\"2967\" src=\"https:\/\/www.ssaver.gob.mx\/difusion\/wp-content\/uploads\/sites\/23\/2025\/01\/PHOTO-2025-01-10-20-00-41-4-1024x682.jpg\" alt=\"\" class=\"wp-image-2967\" srcset=\"https:\/\/www.ssaver.gob.mx\/difusion\/wp-content\/uploads\/sites\/23\/2025\/01\/PHOTO-2025-01-10-20-00-41-4-1024x682.jpg 1024w, https:\/\/www.ssaver.gob.mx\/difusion\/wp-content\/uploads\/sites\/23\/2025\/01\/PHOTO-2025-01-10-20-00-41-4-300x200.jpg 300w, https:\/\/www.ssaver.gob.mx\/difusion\/wp-content\/uploads\/sites\/23\/2025\/01\/PHOTO-2025-01-10-20-00-41-4-768x512.jpg 768w, https:\/\/www.ssaver.gob.mx\/difusion\/wp-content\/uploads\/sites\/23\/2025\/01\/PHOTO-2025-01-10-20-00-41-4-1536x1023.jpg 1536w, https:\/\/www.ssaver.gob.mx\/difusion\/wp-content\/uploads\/sites\/23\/2025\/01\/PHOTO-2025-01-10-20-00-41-4.jpg 1600w\" sizes=\"auto, (max-width: 1024px) 100vw, 1024px\" \/><\/figure>\n\n\n\n<figure class=\"wp-block-image size-large\"><img loading=\"lazy\" decoding=\"async\" width=\"1024\" height=\"682\" data-id=\"2968\" src=\"https:\/\/www.ssaver.gob.mx\/difusion\/wp-content\/uploads\/sites\/23\/2025\/01\/PHOTO-2025-01-10-20-00-41-5-1024x682.jpg\" alt=\"\" class=\"wp-image-2968\" srcset=\"https:\/\/www.ssaver.gob.mx\/difusion\/wp-content\/uploads\/sites\/23\/2025\/01\/PHOTO-2025-01-10-20-00-41-5-1024x682.jpg 1024w, https:\/\/www.ssaver.gob.mx\/difusion\/wp-content\/uploads\/sites\/23\/2025\/01\/PHOTO-2025-01-10-20-00-41-5-300x200.jpg 300w, https:\/\/www.ssaver.gob.mx\/difusion\/wp-content\/uploads\/sites\/23\/2025\/01\/PHOTO-2025-01-10-20-00-41-5-768x512.jpg 768w, https:\/\/www.ssaver.gob.mx\/difusion\/wp-content\/uploads\/sites\/23\/2025\/01\/PHOTO-2025-01-10-20-00-41-5-1536x1023.jpg 1536w, https:\/\/www.ssaver.gob.mx\/difusion\/wp-content\/uploads\/sites\/23\/2025\/01\/PHOTO-2025-01-10-20-00-41-5.jpg 1600w\" sizes=\"auto, (max-width: 1024px) 100vw, 1024px\" \/><\/figure>\n\n\n\n<figure class=\"wp-block-image size-large\"><img loading=\"lazy\" decoding=\"async\" width=\"1024\" height=\"683\" data-id=\"2969\" src=\"https:\/\/www.ssaver.gob.mx\/difusion\/wp-content\/uploads\/sites\/23\/2025\/01\/PHOTO-2025-01-10-20-00-41-1024x683.jpg\" alt=\"\" class=\"wp-image-2969\" srcset=\"https:\/\/www.ssaver.gob.mx\/difusion\/wp-content\/uploads\/sites\/23\/2025\/01\/PHOTO-2025-01-10-20-00-41-1024x683.jpg 1024w, https:\/\/www.ssaver.gob.mx\/difusion\/wp-content\/uploads\/sites\/23\/2025\/01\/PHOTO-2025-01-10-20-00-41-300x200.jpg 300w, https:\/\/www.ssaver.gob.mx\/difusion\/wp-content\/uploads\/sites\/23\/2025\/01\/PHOTO-2025-01-10-20-00-41-768x512.jpg 768w, https:\/\/www.ssaver.gob.mx\/difusion\/wp-content\/uploads\/sites\/23\/2025\/01\/PHOTO-2025-01-10-20-00-41-1536x1024.jpg 1536w, https:\/\/www.ssaver.gob.mx\/difusion\/wp-content\/uploads\/sites\/23\/2025\/01\/PHOTO-2025-01-10-20-00-41.jpg 1600w\" sizes=\"auto, (max-width: 1024px) 100vw, 1024px\" \/><\/figure>\n<\/figure>\n\n\n\n<p>\u201cEstamos trabajando incansablemente para que la atenci\u00f3n que ustedes requieren se les brinde con la mejor calidad; somos una administraci\u00f3n que est\u00e1 llegando con toda la fuerza y las ganas de poder servirles como lo merecen. Como bien lo dice el Secretario, la puerta est\u00e1 abierta, estamos a sus \u00f3rdenes\u201d, dijo.<\/p>\n\n\n\n<p>En otro momento, el Dr. Jorge Ortiz Gonz\u00e1lez, encargado de la Direcci\u00f3n del CECAN, se\u00f1al\u00f3 que este festejo busca que los pacientes que reciben tratamiento en el hospital tengan la oportunidad de experimentar un momento de alegr\u00eda que signifique una sonrisa.<\/p>\n\n\n\n<p>En el pres\u00eddium estuvo presente Tarheni Andrea L\u00f3pez Herrera, encargada de la Beneficencia P\u00fablica de la Secretar\u00eda, quien se dijo agradecida de formar parte de esta noble tarea de ayudar.<\/p>\n\n\n\n<p>Mar\u00eda Fernanda Garc\u00eda Beltr\u00e1n, presidenta de la Asociaci\u00f3n Lepach, agradeci\u00f3 el compromiso y apoyo de la Secretar\u00eda de Salud para trabajar en coordinaci\u00f3n en beneficio de los pacientes pedi\u00e1tricos que reciben tratamiento contra el c\u00e1ncer. \u201cHoy queremos dedicar este d\u00eda a ustedes, nuestros valientes h\u00e9roes que con su fuerza valent\u00eda y sonrisa nos ense\u00f1an cada d\u00eda lo que significa luchar por nuestros sue\u00f1os y por un futuro lleno de luz, con su lucha nos ense\u00f1an a ser mejores cada d\u00eda\u201d, agreg\u00f3.<\/p>\n","protected":false},"excerpt":{"rendered":"<p>Xalapa, Ver.- A fin de brindar alegr\u00eda y entusiasmo a pacientes pedi\u00e1tricos durante su atenci\u00f3n m\u00e9dica, la Secretar\u00eda de Salud,<\/p>\n","protected":false},"author":59,"featured_media":3282,"comment_status":"closed","ping_status":"closed","sticky":false,"template":"","format":"standard","meta":{"colormag_page_container_layout":"default_layout","colormag_page_sidebar_layout":"default_layout","footnotes":""},"categories":[119,115],"tags":[750,143,751,141,142],"class_list":["post-2963","post","type-post","status-publish","format-standard","has-post-thumbnail","hentry","category-comunicados","category-general","tag-apoyo-del-director-general","tag-cecan","tag-juan-pablo-uribe-gonzalez","tag-salud","tag-veracruz"],"_links":{"self":[{"href":"https:\/\/www.ssaver.gob.mx\/difusion\/wp-json\/wp\/v2\/posts\/2963","targetHints":{"allow":["GET"]}}],"collection":[{"href":"https:\/\/www.ssaver.gob.mx\/difusion\/wp-json\/wp\/v2\/posts"}],"about":[{"href":"https:\/\/www.ssaver.gob.mx\/difusion\/wp-json\/wp\/v2\/types\/post"}],"author":[{"embeddable":true,"href":"https:\/\/www.ssaver.gob.mx\/difusion\/wp-json\/wp\/v2\/users\/59"}],"replies":[{"embeddable":true,"href":"https:\/\/www.ssaver.gob.mx\/difusion\/wp-json\/wp\/v2\/comments?post=2963"}],"version-history":[{"count":4,"href":"https:\/\/www.ssaver.gob.mx\/difusion\/wp-json\/wp\/v2\/posts\/2963\/revisions"}],"predecessor-version":[{"id":3283,"href":"https:\/\/www.ssaver.gob.mx\/difusion\/wp-json\/wp\/v2\/posts\/2963\/revisions\/3283"}],"wp:featuredmedia":[{"embeddable":true,"href":"https:\/\/www.ssaver.gob.mx\/difusion\/wp-json\/wp\/v2\/media\/3282"}],"wp:attachment":[{"href":"https:\/\/www.ssaver.gob.mx\/difusion\/wp-json\/wp\/v2\/media?parent=2963"}],"wp:term":[{"taxonomy":"category","embeddable":true,"href":"https:\/\/www.ssaver.gob.mx\/difusion\/wp-json\/wp\/v2\/categories?post=2963"},{"taxonomy":"post_tag","embeddable":true,"href":"https:\/\/www.ssaver.gob.mx\/difusion\/wp-json\/wp\/v2\/tags?post=2963"}],"curies":[{"name":"wp","href":"https:\/\/api.w.org\/{rel}","templated":true}]}}