{"id":3074,"date":"2025-01-06T10:01:00","date_gmt":"2025-01-06T16:01:00","guid":{"rendered":"https:\/\/www.ssaver.gob.mx\/difusion\/?p=3074"},"modified":"2025-09-11T13:43:13","modified_gmt":"2025-09-11T18:43:13","slug":"magali-de-sobreviviente-de-cancer-a-enfermera-de-profesion","status":"publish","type":"post","link":"https:\/\/www.ssaver.gob.mx\/difusion\/2025\/01\/06\/magali-de-sobreviviente-de-cancer-a-enfermera-de-profesion\/","title":{"rendered":"Magali de sobreviviente de c\u00e1ncer a enfermera de profesi\u00f3n"},"content":{"rendered":"\n<p>Siendo una ni\u00f1a Magali luch\u00f3 contra el c\u00e1ncer. Volvi\u00f3 al Centro Estatal de Cancerolog\u00eda \u201cDr. Miguel Dorantes Meza\u201d (CECAN), su segunda casa, donde de la mano del personal m\u00e9dico dio la batalla m\u00e1s grande de su vida y sali\u00f3 adelante\u2026 venci\u00f3.<\/p>\n\n\n\n<figure class=\"wp-block-image size-full is-resized\"><a href=\"https:\/\/youtu.be\/gczzCYkXgoo?si=y5ce7toKFZ5NtWzc\" target=\"_blank\" rel=\" noreferrer noopener\"><img loading=\"lazy\" decoding=\"async\" width=\"1024\" height=\"720\" src=\"https:\/\/www.ssaver.gob.mx\/difusion\/wp-content\/uploads\/sites\/23\/2025\/01\/Magali-en-Yotube.jpeg\" alt=\"\" class=\"wp-image-3097\" style=\"width:1140px;height:auto\" srcset=\"https:\/\/www.ssaver.gob.mx\/difusion\/wp-content\/uploads\/sites\/23\/2025\/01\/Magali-en-Yotube.jpeg 1024w, https:\/\/www.ssaver.gob.mx\/difusion\/wp-content\/uploads\/sites\/23\/2025\/01\/Magali-en-Yotube-300x211.jpeg 300w, https:\/\/www.ssaver.gob.mx\/difusion\/wp-content\/uploads\/sites\/23\/2025\/01\/Magali-en-Yotube-768x540.jpeg 768w, https:\/\/www.ssaver.gob.mx\/difusion\/wp-content\/uploads\/sites\/23\/2025\/01\/Magali-en-Yotube-130x90.jpeg 130w\" sizes=\"auto, (max-width: 1024px) 100vw, 1024px\" \/><\/a><figcaption class=\"wp-element-caption\">Screenshot<\/figcaption><\/figure>\n","protected":false},"excerpt":{"rendered":"<p>Siendo una ni\u00f1a Magali luch\u00f3 contra el c\u00e1ncer. Volvi\u00f3 al Centro Estatal de Cancerolog\u00eda \u201cDr. Miguel Dorantes Meza\u201d (CECAN), su<\/p>\n","protected":false},"author":59,"featured_media":3097,"comment_status":"closed","ping_status":"closed","sticky":false,"template":"","format":"standard","meta":{"colormag_page_container_layout":"default_layout","colormag_page_sidebar_layout":"default_layout","footnotes":""},"categories":[118],"tags":[750,147,143,751,148,141,142],"class_list":["post-3074","post","type-post","status-publish","format-standard","has-post-thumbnail","hentry","category-historias-de-exito","tag-apoyo-del-director-general","tag-cancer","tag-cecan","tag-juan-pablo-uribe-gonzalez","tag-magali","tag-salud","tag-veracruz"],"_links":{"self":[{"href":"https:\/\/www.ssaver.gob.mx\/difusion\/wp-json\/wp\/v2\/posts\/3074","targetHints":{"allow":["GET"]}}],"collection":[{"href":"https:\/\/www.ssaver.gob.mx\/difusion\/wp-json\/wp\/v2\/posts"}],"about":[{"href":"https:\/\/www.ssaver.gob.mx\/difusion\/wp-json\/wp\/v2\/types\/post"}],"author":[{"embeddable":true,"href":"https:\/\/www.ssaver.gob.mx\/difusion\/wp-json\/wp\/v2\/users\/59"}],"replies":[{"embeddable":true,"href":"https:\/\/www.ssaver.gob.mx\/difusion\/wp-json\/wp\/v2\/comments?post=3074"}],"version-history":[{"count":4,"href":"https:\/\/www.ssaver.gob.mx\/difusion\/wp-json\/wp\/v2\/posts\/3074\/revisions"}],"predecessor-version":[{"id":5686,"href":"https:\/\/www.ssaver.gob.mx\/difusion\/wp-json\/wp\/v2\/posts\/3074\/revisions\/5686"}],"wp:featuredmedia":[{"embeddable":true,"href":"https:\/\/www.ssaver.gob.mx\/difusion\/wp-json\/wp\/v2\/media\/3097"}],"wp:attachment":[{"href":"https:\/\/www.ssaver.gob.mx\/difusion\/wp-json\/wp\/v2\/media?parent=3074"}],"wp:term":[{"taxonomy":"category","embeddable":true,"href":"https:\/\/www.ssaver.gob.mx\/difusion\/wp-json\/wp\/v2\/categories?post=3074"},{"taxonomy":"post_tag","embeddable":true,"href":"https:\/\/www.ssaver.gob.mx\/difusion\/wp-json\/wp\/v2\/tags?post=3074"}],"curies":[{"name":"wp","href":"https:\/\/api.w.org\/{rel}","templated":true}]}}