{"id":3079,"date":"2025-01-03T10:16:00","date_gmt":"2025-01-03T16:16:00","guid":{"rendered":"https:\/\/www.ssaver.gob.mx\/difusion\/?p=3079"},"modified":"2025-09-11T13:41:20","modified_gmt":"2025-09-11T18:41:20","slug":"salvar-la-vida-al-bebe-rodrigo-mision-cumplida","status":"publish","type":"post","link":"https:\/\/www.ssaver.gob.mx\/difusion\/2025\/01\/03\/salvar-la-vida-al-bebe-rodrigo-mision-cumplida\/","title":{"rendered":"Salvar la vida al beb\u00e9 Rodrigo: Misi\u00f3n Cumplida"},"content":{"rendered":"\n<p>El traslado oportuno del beb\u00e9 Calbet Rodrigo desde un hospital particular en C\u00f3rdoba hasta la Torre Pedi\u00e1trica en el Puerto de Veracruz le salv\u00f3 la vida. <\/p>\n\n\n\n<p>Por instrucciones de la gobernadora del estado, Ingeniera Rocio Nahle, en todo momento se dio seguimiento al caso del neonato que presentaba un problema pulmonar, que pod\u00eda derivar en un paro cardiaco, al tratarse de un beb\u00e9 prematuro. <\/p>\n\n\n\n<figure class=\"wp-block-image size-large is-resized\"><a href=\"https:\/\/youtu.be\/IrQpbM6amJQ?si=rVWOlpFLnHVJsHOd\" target=\"_blank\" rel=\" noreferrer noopener\"><img loading=\"lazy\" decoding=\"async\" width=\"1024\" height=\"661\" src=\"https:\/\/www.ssaver.gob.mx\/difusion\/wp-content\/uploads\/sites\/23\/2025\/01\/Bebe-salvado-1024x661.jpeg\" alt=\"\" class=\"wp-image-3098\" style=\"width:1140px;height:auto\" srcset=\"https:\/\/www.ssaver.gob.mx\/difusion\/wp-content\/uploads\/sites\/23\/2025\/01\/Bebe-salvado-1024x661.jpeg 1024w, https:\/\/www.ssaver.gob.mx\/difusion\/wp-content\/uploads\/sites\/23\/2025\/01\/Bebe-salvado-300x194.jpeg 300w, https:\/\/www.ssaver.gob.mx\/difusion\/wp-content\/uploads\/sites\/23\/2025\/01\/Bebe-salvado-768x496.jpeg 768w, https:\/\/www.ssaver.gob.mx\/difusion\/wp-content\/uploads\/sites\/23\/2025\/01\/Bebe-salvado.jpeg 1342w\" sizes=\"auto, (max-width: 1024px) 100vw, 1024px\" \/><\/a><figcaption class=\"wp-element-caption\">Screenshot<\/figcaption><\/figure>\n\n\n\n<p>Durante 20 d\u00edas Calbet Rodrigo recibi\u00f3 la mejor atenci\u00f3n de todo el personal m\u00e9dico de los Servicios de Salud de Veracruz que encabeza el Dr. Valent\u00edn Herrera Alarc\u00f3n, quien en todo momento permaneci\u00f3 al pendiente de la salud del menor hasta su recuperaci\u00f3n completa para ser dado de alta, el 31 de diciembre, sin ninguna complicaci\u00f3n.<\/p>\n","protected":false},"excerpt":{"rendered":"<p>El traslado oportuno del beb\u00e9 Calbet Rodrigo desde un hospital particular en C\u00f3rdoba hasta la Torre Pedi\u00e1trica en el Puerto<\/p>\n","protected":false},"author":59,"featured_media":3098,"comment_status":"closed","ping_status":"closed","sticky":false,"template":"","format":"standard","meta":{"colormag_page_container_layout":"default_layout","colormag_page_sidebar_layout":"default_layout","footnotes":""},"categories":[118],"tags":[750,149,151,751,141,150,142],"class_list":["post-3079","post","type-post","status-publish","format-standard","has-post-thumbnail","hentry","category-historias-de-exito","tag-apoyo-del-director-general","tag-bebes","tag-cordoba","tag-juan-pablo-uribe-gonzalez","tag-salud","tag-torre-pediatrica-veracruz","tag-veracruz"],"_links":{"self":[{"href":"https:\/\/www.ssaver.gob.mx\/difusion\/wp-json\/wp\/v2\/posts\/3079","targetHints":{"allow":["GET"]}}],"collection":[{"href":"https:\/\/www.ssaver.gob.mx\/difusion\/wp-json\/wp\/v2\/posts"}],"about":[{"href":"https:\/\/www.ssaver.gob.mx\/difusion\/wp-json\/wp\/v2\/types\/post"}],"author":[{"embeddable":true,"href":"https:\/\/www.ssaver.gob.mx\/difusion\/wp-json\/wp\/v2\/users\/59"}],"replies":[{"embeddable":true,"href":"https:\/\/www.ssaver.gob.mx\/difusion\/wp-json\/wp\/v2\/comments?post=3079"}],"version-history":[{"count":4,"href":"https:\/\/www.ssaver.gob.mx\/difusion\/wp-json\/wp\/v2\/posts\/3079\/revisions"}],"predecessor-version":[{"id":5683,"href":"https:\/\/www.ssaver.gob.mx\/difusion\/wp-json\/wp\/v2\/posts\/3079\/revisions\/5683"}],"wp:featuredmedia":[{"embeddable":true,"href":"https:\/\/www.ssaver.gob.mx\/difusion\/wp-json\/wp\/v2\/media\/3098"}],"wp:attachment":[{"href":"https:\/\/www.ssaver.gob.mx\/difusion\/wp-json\/wp\/v2\/media?parent=3079"}],"wp:term":[{"taxonomy":"category","embeddable":true,"href":"https:\/\/www.ssaver.gob.mx\/difusion\/wp-json\/wp\/v2\/categories?post=3079"},{"taxonomy":"post_tag","embeddable":true,"href":"https:\/\/www.ssaver.gob.mx\/difusion\/wp-json\/wp\/v2\/tags?post=3079"}],"curies":[{"name":"wp","href":"https:\/\/api.w.org\/{rel}","templated":true}]}}