{"id":3182,"date":"2025-01-06T10:00:00","date_gmt":"2025-01-06T16:00:00","guid":{"rendered":"https:\/\/www.ssaver.gob.mx\/difusion\/?p=3182"},"modified":"2025-09-11T13:41:06","modified_gmt":"2025-09-11T18:41:06","slug":"de-nina-enfrento-el-cancer-en-el-cecan","status":"publish","type":"post","link":"https:\/\/www.ssaver.gob.mx\/difusion\/2025\/01\/06\/de-nina-enfrento-el-cancer-en-el-cecan\/","title":{"rendered":"De ni\u00f1a enfrent\u00f3 el c\u00e1ncer en el CECAN; ahora es enfermera"},"content":{"rendered":"\n<p><\/p>\n\n\n\n<p>Xalapa, Ver.- Siendo una ni\u00f1a Magali luch\u00f3 contra el c\u00e1ncer. Volvi\u00f3 al Centro Estatal de Cancerolog\u00eda \u201cDr. Miguel Dorantes Meza\u201d (CECAN), su segunda casa y de la mano del personal m\u00e9dico dio la batalla m\u00e1s grande de su vida y sali\u00f3 adelante\u2026 venci\u00f3.<\/p>\n\n\n\n<p>Los m\u00e9dicos y enfermeras la inspiraron y decidi\u00f3 dedicar su vida a servir a los dem\u00e1s. Hoy celebra el D\u00eda de la Enfermera y, con sus hijos, el D\u00eda de Reyes. Est\u00e1 es su historia.<\/p>\n\n\n\n<p>Magali y su familia sufrieron un impacto muy fuerte, cuando al entrar a la adolescencia el cuerpo de la chica comenz\u00f3 a experimentar los achaques de un tumor maligno que crec\u00eda en su interior silenciosamente hasta convertirse en un problema grave.<\/p>\n\n\n\n<p>\u201cAs\u00ed estuve 6 meses, cuando un dolor del lado derecho del abdomen nos llev\u00f3 a un m\u00e9dico familiar, que dijo entonces que se trataba de una colitis nerviosa, que estaba muy estresada, los ex\u00e1menes, algo\u201d, aclar\u00f3 Magali.&nbsp;<\/p>\n\n\n\n<p>\u201cFue algo muy nuevo, muy impactante porque a los 17 a\u00f1os est\u00e1s enfocada en vivir la vida loca, yo lo dec\u00eda\u201d, recuerda Magali, quien ahora es enfermera de profesi\u00f3n y encontr\u00f3 su vocaci\u00f3n gracias a su padecimiento.&nbsp;<\/p>\n\n\n\n<p>Los primeros diagn\u00f3sticos fueron err\u00f3neos, desde colitis hasta un tumor en el ri\u00f1\u00f3n. Pero, finalmente fue canalizada al Centro Estatal de Cancerolog\u00eda, donde se sorprendieron de su estado de salud al descubrir el tumor cancer\u00edgeno.<\/p>\n\n\n\n<p>\u201cElla lleg\u00f3 bastante grave porque el tumor era enorme, pes\u00f3 4 kilos y medio, fue un reto porque cuando hay un tumor en el abdomen de ese tama\u00f1o resulta dif\u00edcil determinar qu\u00e9 se va a hacer primero\u201d, record\u00f3 el onc\u00f3logo pediatra Jos\u00e9 de Jes\u00fas Loeza.<\/p>\n\n\n\n<p>El pron\u00f3stico para Magali no era muy alentador, el c\u00e1ncer estaba muy avanzado y comenzaba a causar estragos en su cuerpo: \u201cMe comenzaron a salir moretones en las rodillas, en los codos y en los tobillos, y en esas \u00e1reas me daba fiebre o se pon\u00edan calientes\u201d, relat\u00f3.&nbsp;<\/p>\n\n\n\n<p>\u00bfPOR QU\u00c9 YO?&nbsp;<\/p>\n\n\n\n<p>Cuando yo entr\u00e9 al hospital odiaba a todo mundo, cre\u00eda que todos ten\u00edan la culpa de que yo estuviera enferma, a todo mundo le contestaba mal era grosera, era una mala persona\u201d, acept\u00f3.<\/p>\n\n\n\n<p>As\u00ed era Magali cuando ingres\u00f3 al CECAN para iniciar su tratamiento contra el c\u00e1ncer infantil, pero con el tiempo fue cambiando su actitud gracias a las atenciones que recibi\u00f3 durante su estancia.<\/p>\n\n\n\n<p>\u201cSon personas que te apapachan desde el d\u00eda uno. Son personas que no vienen a trabajar, vienen a dar lo mejor de si, porque no vienen por cobrar un sueldo\u201d, puntualiz\u00f3 Magali al recordar el trato de todos y cada uno de los trabajadores de los Servicios de Salud de Veracruz que participaron en su proceso de recuperaci\u00f3n.<\/p>\n\n\n\n<p><strong>CECAN, SU SEGUNDA CASA<\/strong><\/p>\n\n\n\n<p>EL Centro Estatal de Cancerolog\u00eda \u201cDr. Miguel Dorantes Meza\u201d se convirti\u00f3 en la segunda casa de Magali porque despu\u00e9s de la operaci\u00f3n para extirparle el tumor cancer\u00edgeno, que ten\u00eda alojado en un ovario, fue sometida a varias sesiones de quimioterapia para completar el tratamiento.<\/p>\n\n\n\n<p>Cuando parec\u00eda que Magali ser\u00eda dada de alta, una revisi\u00f3n de rutina encendi\u00f3 de nuevo los focos rojos y tuvo que volver a ser intervenida ante la presencia de n\u00f3dulos en un pulm\u00f3n.&nbsp;<\/p>\n\n\n\n<p>\u201cMe quitaron una parte de mi pulm\u00f3n izquierdo, posteriormente otra vez tratamiento, gracias a dios no fue c\u00e1ncer, fue tuberculosis que por la baja de mis defensas y dem\u00e1s lo adquir\u00ed. No sabemos si aqu\u00ed o en otro lugar\u201d, agreg\u00f3 Magali.<\/p>\n\n\n\n<p>Ella es una m\u00e1s de los casos de c\u00e1ncer infantil atendidos en Veracruz que se ha recuperado en su totalidad. Seg\u00fan las estad\u00edsticas oficiales de la Secretar\u00eda de Salud, de 2005 a 2024, se han curado 378 menores de tumores s\u00f3lidos y otros 261 con alg\u00fan tipo de leucemia.&nbsp;<\/p>\n\n\n\n<p><strong>DESCUBRE SU VOCACI\u00d3N<\/strong><\/p>\n\n\n\n<p>Despu\u00e9s de un a\u00f1o de tratamiento, Magali comprendi\u00f3 el esfuerzo que hacen los trabajadores de los Servicios de Salud de Veracruz por salvar la vida de cientos de menores que son diagnosticados con alg\u00fan tipo de c\u00e1ncer infantil.<\/p>\n\n\n\n<p>De ah\u00ed tomar\u00eda la decisi\u00f3n mas importante de su vida, estudiar algo relacionado con &nbsp;ciencias de la salud. \u201cMe tom\u00e9 mi a\u00f1o sab\u00e1tico, me recuper\u00e9 y le dije a mi mama que yo quer\u00eda estudiar medicina. Entrar a la UV es dificil\u00edsimo, present\u00e9 para medicina, no qued\u00e9 desafortunadamente\u201d.<\/p>\n\n\n\n<p>Pero eso no la desalent\u00f3, acompa\u00f1ada de su madre, Magali acudi\u00f3 a pedir informes a una escuela de enfermer\u00eda donde encontr\u00f3 su vocaci\u00f3n.<\/p>\n\n\n\n<p>\u201cYo le dec\u00eda a mi mam\u00e1 por algo me dejaron aqu\u00ed, para hacer algo bueno, para hacer el cambio que se necesita, estudie enfermer\u00eda, entre a hacer mi servicio social al hospital de Coatepec\u201d, apunt\u00f3 Magali.&nbsp;<\/p>\n\n\n\n<p><strong>UN EJEMPLO DE VIDA<\/strong><\/p>\n\n\n\n<p>En Veracruz, la tasa de sobrevida a cinco a\u00f1os de menores de edad con alg\u00fan tipo de c\u00e1ncer es del 64.5 por ciento, de acuerdo al Registro Nacional&nbsp; de C\u00e1ncer en Ni\u00f1os y Adolescentes (RCNA) del Sistema Nacional de Vigilancia Epidemiol\u00f3gica.<\/p>\n\n\n\n<p>Magali Mart\u00ednez no es un n\u00famero m\u00e1s de esa estad\u00edstica, sino un ejemplo de vida para quienes, de una u otra forma, se ven involucrados en el tratamiento del c\u00e1ncer en etapa infantil y juvenil y as\u00ed lo manifiestan las psic\u00f3logas que en su momento le ayudaron a sortear sus dificultades.<\/p>\n\n\n\n<p>\u201cLa recuerdo como una ni\u00f1a muy cooperadora en esa \u00e9poca, una ni\u00f1a una adolescente tambi\u00e9n pudimos trabajar muy bien con ella y con su mam\u00e1\u201d, dijo visiblemente emocionada la psic\u00f3loga infantil del CECAN, Isabel Corona, al reencontrarse con Magali durante una visita al hospital.<\/p>\n\n\n\n<p>\u201cNosotros somos un granito de todo un equipo de m\u00e9dicos, enfermeras, psic\u00f3logos, todos, somos un equipo multidisciplinario y todos contribuimos, y este es el mejor regalo\u201d, coment\u00f3 por su parte la psic\u00f3loga infantil Miriam del Carmen Gonz\u00e1lez Raga.<\/p>\n\n\n\n<p><strong>ANHELA TRABAJAR EN EL CECAN<\/strong><\/p>\n\n\n\n<p>Ahora con 31 a\u00f1os, casada y con una hija de 7 a\u00f1os, Magali sue\u00f1a con volver al Centro Estatal de Cancerolog\u00eda \u201cDr. Miguel Dorantes Meza\u201d para trabajar como enfermera y poner sus conocimientos al servicio de las y los ni\u00f1os que actualmente atraviesan por la enfermedad.<\/p>\n\n\n\n<p>\u201c\u00bfQuiero trabajar?, s\u00ed, en alg\u00fan momento me gustar\u00eda regresar como enfermera, y yo lo he platicado con todo mundo, a mi encantar\u00eda trabajar en CECAN\u201d, dijo con toda seguridad.<\/p>\n\n\n\n<p>Por el momento, Magali es mam\u00e1 de tiempo completo de lunes a viernes, y los fines de semana ayuda a su esposo, que tambi\u00e9n ejerce como enfermero, a revisar y cuidar pacientes particulares.<\/p>\n\n\n\n<p><strong>AGRADECIMIENTO TOTAL<\/strong><\/p>\n\n\n\n<p>Magali Mart\u00ednez se mostr\u00f3 profundamente agradecida con todos los trabajadores de los Servicios de Salud de Veracruz que pusieron de su parte para que fuera una sobreviviente de c\u00e1ncer infantil.<\/p>\n\n\n\n<p>\u201cQuiero dar las gracias a todo el personal tanto a m\u00e9dicos como a enfermeras, qu\u00edmicos, personal de farmacia, personal de limpieza, nutri\u00f3logos, camilleros, choferes de ambulancia, a todo el personal del CECAN y del estado de Veracruz\u201d, puntualiz\u00f3.<\/p>\n\n\n\n<p>Tambi\u00e9n hizo un llamado a los padres de familia de ni\u00f1as y ni\u00f1os con alg\u00fan tipo de c\u00e1ncer a no dejarse vencer por la enfermedad..<\/p>\n\n\n\n<p>\u201cEl que les digan que sus hijos tienen c\u00e1ncer no significa que se van a morir, actualmente hay muchos medicamentos, hay muchos m\u00e9dicos, la ciencia ha avanzado mucho. Y si yo, con un c\u00e1ncer en etapa avanzada, pude salir adelante hace muchos a\u00f1os, yo creo que los ni\u00f1os que actualmente padecen esto pueden hacerlo tambi\u00e9n\u201d.<\/p>\n","protected":false},"excerpt":{"rendered":"<p>Xalapa, Ver.- Siendo una ni\u00f1a Magali luch\u00f3 contra el c\u00e1ncer. Volvi\u00f3 al Centro Estatal de Cancerolog\u00eda \u201cDr. Miguel Dorantes Meza\u201d<\/p>\n","protected":false},"author":59,"featured_media":2798,"comment_status":"closed","ping_status":"closed","sticky":false,"template":"","format":"standard","meta":{"colormag_page_container_layout":"default_layout","colormag_page_sidebar_layout":"default_layout","footnotes":""},"categories":[119],"tags":[750,160,751,148],"class_list":["post-3182","post","type-post","status-publish","format-standard","has-post-thumbnail","hentry","category-comunicados","tag-apoyo-del-director-general","tag-comunicados","tag-juan-pablo-uribe-gonzalez","tag-magali"],"_links":{"self":[{"href":"https:\/\/www.ssaver.gob.mx\/difusion\/wp-json\/wp\/v2\/posts\/3182","targetHints":{"allow":["GET"]}}],"collection":[{"href":"https:\/\/www.ssaver.gob.mx\/difusion\/wp-json\/wp\/v2\/posts"}],"about":[{"href":"https:\/\/www.ssaver.gob.mx\/difusion\/wp-json\/wp\/v2\/types\/post"}],"author":[{"embeddable":true,"href":"https:\/\/www.ssaver.gob.mx\/difusion\/wp-json\/wp\/v2\/users\/59"}],"replies":[{"embeddable":true,"href":"https:\/\/www.ssaver.gob.mx\/difusion\/wp-json\/wp\/v2\/comments?post=3182"}],"version-history":[{"count":5,"href":"https:\/\/www.ssaver.gob.mx\/difusion\/wp-json\/wp\/v2\/posts\/3182\/revisions"}],"predecessor-version":[{"id":5426,"href":"https:\/\/www.ssaver.gob.mx\/difusion\/wp-json\/wp\/v2\/posts\/3182\/revisions\/5426"}],"wp:featuredmedia":[{"embeddable":true,"href":"https:\/\/www.ssaver.gob.mx\/difusion\/wp-json\/wp\/v2\/media\/2798"}],"wp:attachment":[{"href":"https:\/\/www.ssaver.gob.mx\/difusion\/wp-json\/wp\/v2\/media?parent=3182"}],"wp:term":[{"taxonomy":"category","embeddable":true,"href":"https:\/\/www.ssaver.gob.mx\/difusion\/wp-json\/wp\/v2\/categories?post=3182"},{"taxonomy":"post_tag","embeddable":true,"href":"https:\/\/www.ssaver.gob.mx\/difusion\/wp-json\/wp\/v2\/tags?post=3182"}],"curies":[{"name":"wp","href":"https:\/\/api.w.org\/{rel}","templated":true}]}}