{"id":3201,"date":"2025-01-16T16:27:40","date_gmt":"2025-01-16T22:27:40","guid":{"rendered":"https:\/\/www.ssaver.gob.mx\/difusion\/?p=3201"},"modified":"2025-09-11T13:45:55","modified_gmt":"2025-09-11T18:45:55","slug":"medicina-tradicional-auxiliar-en-enfermedades-respiratorias","status":"publish","type":"post","link":"https:\/\/www.ssaver.gob.mx\/difusion\/2025\/01\/16\/medicina-tradicional-auxiliar-en-enfermedades-respiratorias\/","title":{"rendered":"Medicina Tradicional, auxiliar en la proyecci\u00f3n de enfermedades respiratorias durante temporada invernal"},"content":{"rendered":"\n<p class=\"blockart-paragraph blockart-paragraph-4aae6d87\"><strong><strong>Medicina Tradicional, auxiliar en la prevenci\u00f3n de enfermedades respiratorias durante temporada inverna<\/strong>l<\/strong><\/p>\n\n\n\n<p class=\"blockart-paragraph blockart-paragraph-7fb43bd7\">&#8211; El acuyo, jengibre, or\u00e9gano orej\u00f3n, bugambilia, canela, ajo, cebolla, la guayaba y sus hojas, son plantas medicinales que act\u00faan como expectorantes<br><\/p>\n\n\n\n<p>Xalapa, Ver. &#8211; La Secretar\u00eda de Salud refuerza la prevenci\u00f3n de las enfermedades respiratorias, para lo cual integra el uso de la medicina tradicional como tratamiento auxiliar de las enfermedades propias de este periodo de fr\u00edo.<\/p>\n\n\n\n<p>Al respecto la bi\u00f3loga Ruth Hern\u00e1ndez Xoliot, encargada del Programa de Medicina Tradicional Ind\u00edgena y de la Unidad de Investigaci\u00f3n de Medicina Tradicional, inform\u00f3 que existen al menos 15 plantas que son utilizadas para tratar enfermedades asociadas a la temporada invernal, entre ellas, el vaporub, romero, menta, cachanil, crucetillo, naranja, mandarina y lim\u00f3n.<\/p>\n\n\n\n<p>Dichas plantas son catalogadas como expectorantes, y sirven para elaborar ung\u00fcentos que act\u00faan como auxiliares en la liberaci\u00f3n de las v\u00edas respiratorias, explic\u00f3 Georgina Mora Jim\u00e9nez, del Laboratorio de Investigaci\u00f3n de Medicina Tradicional de la Secretar\u00eda.<\/p>\n\n\n\n<p>Desde la pandemia por COVID-19 los m\u00e9dicos tradicionales y parteras como Mar\u00eda Sixta Manzanares Hern\u00e1ndez, recomendaron el consumo de t\u00e9s e infusiones con plantas medicinales como el acuyo, jengibre, or\u00e9gano orej\u00f3n, bugambilia, canela, ajo, cebolla, la guayaba y sus hojas, adem\u00e1s de una alimentaci\u00f3n balanceada y una buena hidrataci\u00f3n.<\/p>\n\n\n\n<p>La dependencia adem\u00e1s hace un llamado para que, ante la presencia de s\u00edntomas asociados a los padecimientos propios de la temporada, las y los veracruzanos acudan a las unidades de salud m\u00e1s cercanas para recibir la atenci\u00f3n m\u00e9dica adecuada.<\/p>\n\n\n\n<figure class=\"wp-block-image size-full\"><img loading=\"lazy\" decoding=\"async\" width=\"1280\" height=\"943\" src=\"https:\/\/www.ssaver.gob.mx\/difusion\/wp-content\/uploads\/sites\/23\/2025\/01\/7-3.jpg\" alt=\"\" class=\"wp-image-3202\" srcset=\"https:\/\/www.ssaver.gob.mx\/difusion\/wp-content\/uploads\/sites\/23\/2025\/01\/7-3.jpg 1280w, https:\/\/www.ssaver.gob.mx\/difusion\/wp-content\/uploads\/sites\/23\/2025\/01\/7-3-300x221.jpg 300w, https:\/\/www.ssaver.gob.mx\/difusion\/wp-content\/uploads\/sites\/23\/2025\/01\/7-3-1024x754.jpg 1024w, https:\/\/www.ssaver.gob.mx\/difusion\/wp-content\/uploads\/sites\/23\/2025\/01\/7-3-768x566.jpg 768w\" sizes=\"auto, (max-width: 1280px) 100vw, 1280px\" \/><\/figure>\n\n\n\n<figure class=\"wp-block-gallery has-nested-images columns-default is-cropped wp-block-gallery-1 is-layout-flex wp-block-gallery-is-layout-flex\">\n<figure class=\"wp-block-image size-large\"><img loading=\"lazy\" decoding=\"async\" width=\"1024\" height=\"683\" data-id=\"3205\" src=\"https:\/\/www.ssaver.gob.mx\/difusion\/wp-content\/uploads\/sites\/23\/2025\/01\/1-3-1024x683.jpg\" alt=\"\" class=\"wp-image-3205\" srcset=\"https:\/\/www.ssaver.gob.mx\/difusion\/wp-content\/uploads\/sites\/23\/2025\/01\/1-3-1024x683.jpg 1024w, https:\/\/www.ssaver.gob.mx\/difusion\/wp-content\/uploads\/sites\/23\/2025\/01\/1-3-300x200.jpg 300w, https:\/\/www.ssaver.gob.mx\/difusion\/wp-content\/uploads\/sites\/23\/2025\/01\/1-3-768x512.jpg 768w, https:\/\/www.ssaver.gob.mx\/difusion\/wp-content\/uploads\/sites\/23\/2025\/01\/1-3.jpg 1280w\" sizes=\"auto, (max-width: 1024px) 100vw, 1024px\" \/><\/figure>\n\n\n\n<figure class=\"wp-block-image size-large\"><img loading=\"lazy\" decoding=\"async\" width=\"1024\" height=\"718\" data-id=\"3204\" src=\"https:\/\/www.ssaver.gob.mx\/difusion\/wp-content\/uploads\/sites\/23\/2025\/01\/2-5-1024x718.jpg\" alt=\"\" class=\"wp-image-3204\" srcset=\"https:\/\/www.ssaver.gob.mx\/difusion\/wp-content\/uploads\/sites\/23\/2025\/01\/2-5-1024x718.jpg 1024w, https:\/\/www.ssaver.gob.mx\/difusion\/wp-content\/uploads\/sites\/23\/2025\/01\/2-5-300x210.jpg 300w, https:\/\/www.ssaver.gob.mx\/difusion\/wp-content\/uploads\/sites\/23\/2025\/01\/2-5-768x539.jpg 768w, https:\/\/www.ssaver.gob.mx\/difusion\/wp-content\/uploads\/sites\/23\/2025\/01\/2-5-130x90.jpg 130w, https:\/\/www.ssaver.gob.mx\/difusion\/wp-content\/uploads\/sites\/23\/2025\/01\/2-5.jpg 1280w\" sizes=\"auto, (max-width: 1024px) 100vw, 1024px\" \/><\/figure>\n\n\n\n<figure class=\"wp-block-image size-large\"><img loading=\"lazy\" decoding=\"async\" width=\"1024\" height=\"825\" data-id=\"3203\" src=\"https:\/\/www.ssaver.gob.mx\/difusion\/wp-content\/uploads\/sites\/23\/2025\/01\/3-3-1024x825.jpg\" alt=\"\" class=\"wp-image-3203\" srcset=\"https:\/\/www.ssaver.gob.mx\/difusion\/wp-content\/uploads\/sites\/23\/2025\/01\/3-3-1024x825.jpg 1024w, https:\/\/www.ssaver.gob.mx\/difusion\/wp-content\/uploads\/sites\/23\/2025\/01\/3-3-300x242.jpg 300w, https:\/\/www.ssaver.gob.mx\/difusion\/wp-content\/uploads\/sites\/23\/2025\/01\/3-3-768x619.jpg 768w, https:\/\/www.ssaver.gob.mx\/difusion\/wp-content\/uploads\/sites\/23\/2025\/01\/3-3.jpg 1280w\" sizes=\"auto, (max-width: 1024px) 100vw, 1024px\" \/><\/figure>\n<\/figure>\n\n\n\n<p><\/p>\n\n\n\n<figure class=\"wp-block-gallery has-nested-images columns-default is-cropped wp-block-gallery-2 is-layout-flex wp-block-gallery-is-layout-flex\">\n<figure class=\"wp-block-image size-large\"><img loading=\"lazy\" decoding=\"async\" width=\"1024\" height=\"702\" data-id=\"3206\" src=\"https:\/\/www.ssaver.gob.mx\/difusion\/wp-content\/uploads\/sites\/23\/2025\/01\/4-3-1024x702.jpg\" alt=\"\" class=\"wp-image-3206\" srcset=\"https:\/\/www.ssaver.gob.mx\/difusion\/wp-content\/uploads\/sites\/23\/2025\/01\/4-3-1024x702.jpg 1024w, https:\/\/www.ssaver.gob.mx\/difusion\/wp-content\/uploads\/sites\/23\/2025\/01\/4-3-300x206.jpg 300w, https:\/\/www.ssaver.gob.mx\/difusion\/wp-content\/uploads\/sites\/23\/2025\/01\/4-3-768x527.jpg 768w, https:\/\/www.ssaver.gob.mx\/difusion\/wp-content\/uploads\/sites\/23\/2025\/01\/4-3-130x90.jpg 130w, https:\/\/www.ssaver.gob.mx\/difusion\/wp-content\/uploads\/sites\/23\/2025\/01\/4-3.jpg 1280w\" sizes=\"auto, (max-width: 1024px) 100vw, 1024px\" \/><\/figure>\n\n\n\n<figure class=\"wp-block-image size-large\"><img loading=\"lazy\" decoding=\"async\" width=\"1024\" height=\"788\" data-id=\"3208\" src=\"https:\/\/www.ssaver.gob.mx\/difusion\/wp-content\/uploads\/sites\/23\/2025\/01\/5-3-1024x788.jpg\" alt=\"\" class=\"wp-image-3208\" srcset=\"https:\/\/www.ssaver.gob.mx\/difusion\/wp-content\/uploads\/sites\/23\/2025\/01\/5-3-1024x788.jpg 1024w, https:\/\/www.ssaver.gob.mx\/difusion\/wp-content\/uploads\/sites\/23\/2025\/01\/5-3-300x231.jpg 300w, https:\/\/www.ssaver.gob.mx\/difusion\/wp-content\/uploads\/sites\/23\/2025\/01\/5-3-768x591.jpg 768w, https:\/\/www.ssaver.gob.mx\/difusion\/wp-content\/uploads\/sites\/23\/2025\/01\/5-3-1536x1182.jpg 1536w, https:\/\/www.ssaver.gob.mx\/difusion\/wp-content\/uploads\/sites\/23\/2025\/01\/5-3-2048x1576.jpg 2048w\" sizes=\"auto, (max-width: 1024px) 100vw, 1024px\" \/><\/figure>\n\n\n\n<figure class=\"wp-block-image size-large\"><img loading=\"lazy\" decoding=\"async\" width=\"1024\" height=\"720\" data-id=\"3207\" src=\"https:\/\/www.ssaver.gob.mx\/difusion\/wp-content\/uploads\/sites\/23\/2025\/01\/6-3-1024x720.jpg\" alt=\"\" class=\"wp-image-3207\" srcset=\"https:\/\/www.ssaver.gob.mx\/difusion\/wp-content\/uploads\/sites\/23\/2025\/01\/6-3-1024x720.jpg 1024w, https:\/\/www.ssaver.gob.mx\/difusion\/wp-content\/uploads\/sites\/23\/2025\/01\/6-3-300x211.jpg 300w, https:\/\/www.ssaver.gob.mx\/difusion\/wp-content\/uploads\/sites\/23\/2025\/01\/6-3-768x540.jpg 768w, https:\/\/www.ssaver.gob.mx\/difusion\/wp-content\/uploads\/sites\/23\/2025\/01\/6-3-130x90.jpg 130w, https:\/\/www.ssaver.gob.mx\/difusion\/wp-content\/uploads\/sites\/23\/2025\/01\/6-3.jpg 1280w\" sizes=\"auto, (max-width: 1024px) 100vw, 1024px\" \/><\/figure>\n<\/figure>\n\n\n\n<p><\/p>\n\n\n\n<figure class=\"wp-block-gallery has-nested-images columns-default is-cropped wp-block-gallery-3 is-layout-flex wp-block-gallery-is-layout-flex\">\n<figure class=\"wp-block-image size-large\"><img loading=\"lazy\" decoding=\"async\" width=\"1024\" height=\"715\" data-id=\"3209\" src=\"https:\/\/www.ssaver.gob.mx\/difusion\/wp-content\/uploads\/sites\/23\/2025\/01\/8-3-1024x715.jpg\" alt=\"\" class=\"wp-image-3209\" srcset=\"https:\/\/www.ssaver.gob.mx\/difusion\/wp-content\/uploads\/sites\/23\/2025\/01\/8-3-1024x715.jpg 1024w, https:\/\/www.ssaver.gob.mx\/difusion\/wp-content\/uploads\/sites\/23\/2025\/01\/8-3-300x210.jpg 300w, https:\/\/www.ssaver.gob.mx\/difusion\/wp-content\/uploads\/sites\/23\/2025\/01\/8-3-768x536.jpg 768w, https:\/\/www.ssaver.gob.mx\/difusion\/wp-content\/uploads\/sites\/23\/2025\/01\/8-3-130x90.jpg 130w, https:\/\/www.ssaver.gob.mx\/difusion\/wp-content\/uploads\/sites\/23\/2025\/01\/8-3.jpg 1280w\" sizes=\"auto, (max-width: 1024px) 100vw, 1024px\" \/><\/figure>\n\n\n\n<figure class=\"wp-block-image size-large\"><img loading=\"lazy\" decoding=\"async\" width=\"1024\" height=\"746\" data-id=\"3210\" src=\"https:\/\/www.ssaver.gob.mx\/difusion\/wp-content\/uploads\/sites\/23\/2025\/01\/9-3-1024x746.jpg\" alt=\"\" class=\"wp-image-3210\" srcset=\"https:\/\/www.ssaver.gob.mx\/difusion\/wp-content\/uploads\/sites\/23\/2025\/01\/9-3-1024x746.jpg 1024w, https:\/\/www.ssaver.gob.mx\/difusion\/wp-content\/uploads\/sites\/23\/2025\/01\/9-3-300x219.jpg 300w, https:\/\/www.ssaver.gob.mx\/difusion\/wp-content\/uploads\/sites\/23\/2025\/01\/9-3-768x560.jpg 768w, https:\/\/www.ssaver.gob.mx\/difusion\/wp-content\/uploads\/sites\/23\/2025\/01\/9-3.jpg 1280w\" sizes=\"auto, (max-width: 1024px) 100vw, 1024px\" \/><\/figure>\n\n\n\n<figure class=\"wp-block-image size-large\"><img loading=\"lazy\" decoding=\"async\" width=\"1024\" height=\"675\" data-id=\"3211\" src=\"https:\/\/www.ssaver.gob.mx\/difusion\/wp-content\/uploads\/sites\/23\/2025\/01\/10-3-1024x675.jpg\" alt=\"\" class=\"wp-image-3211\" srcset=\"https:\/\/www.ssaver.gob.mx\/difusion\/wp-content\/uploads\/sites\/23\/2025\/01\/10-3-1024x675.jpg 1024w, https:\/\/www.ssaver.gob.mx\/difusion\/wp-content\/uploads\/sites\/23\/2025\/01\/10-3-300x198.jpg 300w, https:\/\/www.ssaver.gob.mx\/difusion\/wp-content\/uploads\/sites\/23\/2025\/01\/10-3-768x507.jpg 768w, https:\/\/www.ssaver.gob.mx\/difusion\/wp-content\/uploads\/sites\/23\/2025\/01\/10-3-1536x1013.jpg 1536w, https:\/\/www.ssaver.gob.mx\/difusion\/wp-content\/uploads\/sites\/23\/2025\/01\/10-3-2048x1351.jpg 2048w\" sizes=\"auto, (max-width: 1024px) 100vw, 1024px\" \/><\/figure>\n<\/figure>\n\n\n\n<p><\/p>\n","protected":false},"excerpt":{"rendered":"<p>Xalapa, Ver. &#8211; La Secretar\u00eda de Salud refuerza la prevenci\u00f3n de las enfermedades respiratorias, para lo cual integra el uso<\/p>\n","protected":false},"author":59,"featured_media":3202,"comment_status":"closed","ping_status":"closed","sticky":false,"template":"","format":"standard","meta":{"colormag_page_container_layout":"default_layout","colormag_page_sidebar_layout":"default_layout","footnotes":""},"categories":[119,115],"tags":[750,751,154,162,161,141,153,142],"class_list":["post-3201","post","type-post","status-publish","format-standard","has-post-thumbnail","hentry","category-comunicados","category-general","tag-apoyo-del-director-general","tag-juan-pablo-uribe-gonzalez","tag-medicina-tradicional","tag-plantas-medicinales","tag-prevencion-de-enfermedades","tag-salud","tag-temporada-invernal","tag-veracruz"],"_links":{"self":[{"href":"https:\/\/www.ssaver.gob.mx\/difusion\/wp-json\/wp\/v2\/posts\/3201","targetHints":{"allow":["GET"]}}],"collection":[{"href":"https:\/\/www.ssaver.gob.mx\/difusion\/wp-json\/wp\/v2\/posts"}],"about":[{"href":"https:\/\/www.ssaver.gob.mx\/difusion\/wp-json\/wp\/v2\/types\/post"}],"author":[{"embeddable":true,"href":"https:\/\/www.ssaver.gob.mx\/difusion\/wp-json\/wp\/v2\/users\/59"}],"replies":[{"embeddable":true,"href":"https:\/\/www.ssaver.gob.mx\/difusion\/wp-json\/wp\/v2\/comments?post=3201"}],"version-history":[{"count":2,"href":"https:\/\/www.ssaver.gob.mx\/difusion\/wp-json\/wp\/v2\/posts\/3201\/revisions"}],"predecessor-version":[{"id":3370,"href":"https:\/\/www.ssaver.gob.mx\/difusion\/wp-json\/wp\/v2\/posts\/3201\/revisions\/3370"}],"wp:featuredmedia":[{"embeddable":true,"href":"https:\/\/www.ssaver.gob.mx\/difusion\/wp-json\/wp\/v2\/media\/3202"}],"wp:attachment":[{"href":"https:\/\/www.ssaver.gob.mx\/difusion\/wp-json\/wp\/v2\/media?parent=3201"}],"wp:term":[{"taxonomy":"category","embeddable":true,"href":"https:\/\/www.ssaver.gob.mx\/difusion\/wp-json\/wp\/v2\/categories?post=3201"},{"taxonomy":"post_tag","embeddable":true,"href":"https:\/\/www.ssaver.gob.mx\/difusion\/wp-json\/wp\/v2\/tags?post=3201"}],"curies":[{"name":"wp","href":"https:\/\/api.w.org\/{rel}","templated":true}]}}