{"id":3285,"date":"2025-01-23T10:25:00","date_gmt":"2025-01-23T16:25:00","guid":{"rendered":"https:\/\/www.ssaver.gob.mx\/difusion\/?p=3285"},"modified":"2025-09-11T13:46:42","modified_gmt":"2025-09-11T18:46:42","slug":"mas-de-medio-millon-de-vacunas-contra-influenza-aplicadas-en-la-temporada-salud-2","status":"publish","type":"post","link":"https:\/\/www.ssaver.gob.mx\/difusion\/2025\/01\/23\/mas-de-medio-millon-de-vacunas-contra-influenza-aplicadas-en-la-temporada-salud-2\/","title":{"rendered":"M\u00e1s de medio mill\u00f3n de vacunas contra influenza aplicadas en la temporada: Salud"},"content":{"rendered":"\n<figure class=\"wp-block-image size-large is-resized\"><a href=\"https:\/\/youtu.be\/tNj-mWEevlI?si=01jZ6anbKpz1y0hu\" target=\"_blank\" rel=\" noreferrer noopener\"><img loading=\"lazy\" decoding=\"async\" width=\"1024\" height=\"580\" src=\"https:\/\/www.ssaver.gob.mx\/difusion\/wp-content\/uploads\/sites\/23\/2025\/01\/Captura-de-pantalla-2025-01-30-a-las-11.15.10\u202fa.m-1024x580.png\" alt=\"\" class=\"wp-image-3399\" style=\"width:1140px;height:auto\" srcset=\"https:\/\/www.ssaver.gob.mx\/difusion\/wp-content\/uploads\/sites\/23\/2025\/01\/Captura-de-pantalla-2025-01-30-a-las-11.15.10\u202fa.m-1024x580.png 1024w, https:\/\/www.ssaver.gob.mx\/difusion\/wp-content\/uploads\/sites\/23\/2025\/01\/Captura-de-pantalla-2025-01-30-a-las-11.15.10\u202fa.m-300x170.png 300w, https:\/\/www.ssaver.gob.mx\/difusion\/wp-content\/uploads\/sites\/23\/2025\/01\/Captura-de-pantalla-2025-01-30-a-las-11.15.10\u202fa.m-768x435.png 768w, https:\/\/www.ssaver.gob.mx\/difusion\/wp-content\/uploads\/sites\/23\/2025\/01\/Captura-de-pantalla-2025-01-30-a-las-11.15.10\u202fa.m-1536x871.png 1536w, https:\/\/www.ssaver.gob.mx\/difusion\/wp-content\/uploads\/sites\/23\/2025\/01\/Captura-de-pantalla-2025-01-30-a-las-11.15.10\u202fa.m.png 1676w\" sizes=\"auto, (max-width: 1024px) 100vw, 1024px\" \/><\/a><\/figure>\n\n\n\n<p>Xalapa, Ver.- De la meta prevista de un mill\u00f3n 354 mil 500 vacunas contra la influenza para la temporada invernal 2024-2025, a la fecha se han aplicado 672 mil 853 dosis, lo que representa un avance del 49.7 por ciento.<\/p>\n\n\n\n<p>En lo que respecta a la COVID-19, han sido inoculados 220 mil 585 veracruzanas y veracruzanos, de acuerdo con el informe semanal epidemiol\u00f3gico n\u00famero 52 de COVID, influenza y otros virus respiratorios.<\/p>\n\n\n\n<p>La Secretar\u00eda de Salud informa que las campa\u00f1as de vacunaci\u00f3n, incluida la de prevenci\u00f3n de neumon\u00eda por neumococo en adultos mayores y personas con factores de riesgo de otros grupos de edad, permanecen activas en las 11 jurisdicciones sanitarias.<\/p>\n\n\n\n<p>Adem\u00e1s de jornadas itinerantes integradas por personal m\u00e9dico, que acude casa por casa para aplicar las dosis necesarias para la protecci\u00f3n de la poblaci\u00f3n. Al respecto, el titular de la dependencia, Valent\u00edn Herrera Alarc\u00f3n, subray\u00f3 que no se bajar\u00e1 el ritmo para proteger a la mayor cantidad de personas posible.<\/p>\n\n\n\n<p>El Gobierno de Veracruz y el sector Salud ponen a disposici\u00f3n el sitio https:\/\/www.ssaver.gob.mx\/difusion\/ y las redes sociales de la dependencia, para conocer m\u00e1s acerca de las enfermedades propias del invierno y c\u00f3mo prevenirlas<\/p>\n","protected":false},"excerpt":{"rendered":"<p>Xalapa, Ver.- De la meta prevista de un mill\u00f3n 354 mil 500 vacunas contra la influenza para la temporada invernal<\/p>\n","protected":false},"author":59,"featured_media":3399,"comment_status":"closed","ping_status":"closed","sticky":false,"template":"","format":"standard","meta":{"colormag_page_container_layout":"default_layout","colormag_page_sidebar_layout":"default_layout","footnotes":""},"categories":[173],"tags":[750,152,751,169,170,168,142,156],"class_list":["post-3285","post","type-post","status-publish","format-standard","has-post-thumbnail","hentry","category-salud-en-video","tag-apoyo-del-director-general","tag-influenza","tag-juan-pablo-uribe-gonzalez","tag-salud-veracruz","tag-sector-salud-veracruz","tag-vacunas","tag-veracruz","tag-video-youtube"],"_links":{"self":[{"href":"https:\/\/www.ssaver.gob.mx\/difusion\/wp-json\/wp\/v2\/posts\/3285","targetHints":{"allow":["GET"]}}],"collection":[{"href":"https:\/\/www.ssaver.gob.mx\/difusion\/wp-json\/wp\/v2\/posts"}],"about":[{"href":"https:\/\/www.ssaver.gob.mx\/difusion\/wp-json\/wp\/v2\/types\/post"}],"author":[{"embeddable":true,"href":"https:\/\/www.ssaver.gob.mx\/difusion\/wp-json\/wp\/v2\/users\/59"}],"replies":[{"embeddable":true,"href":"https:\/\/www.ssaver.gob.mx\/difusion\/wp-json\/wp\/v2\/comments?post=3285"}],"version-history":[{"count":4,"href":"https:\/\/www.ssaver.gob.mx\/difusion\/wp-json\/wp\/v2\/posts\/3285\/revisions"}],"predecessor-version":[{"id":5698,"href":"https:\/\/www.ssaver.gob.mx\/difusion\/wp-json\/wp\/v2\/posts\/3285\/revisions\/5698"}],"wp:featuredmedia":[{"embeddable":true,"href":"https:\/\/www.ssaver.gob.mx\/difusion\/wp-json\/wp\/v2\/media\/3399"}],"wp:attachment":[{"href":"https:\/\/www.ssaver.gob.mx\/difusion\/wp-json\/wp\/v2\/media?parent=3285"}],"wp:term":[{"taxonomy":"category","embeddable":true,"href":"https:\/\/www.ssaver.gob.mx\/difusion\/wp-json\/wp\/v2\/categories?post=3285"},{"taxonomy":"post_tag","embeddable":true,"href":"https:\/\/www.ssaver.gob.mx\/difusion\/wp-json\/wp\/v2\/tags?post=3285"}],"curies":[{"name":"wp","href":"https:\/\/api.w.org\/{rel}","templated":true}]}}