{"id":3304,"date":"2025-01-27T18:36:07","date_gmt":"2025-01-28T00:36:07","guid":{"rendered":"https:\/\/www.ssaver.gob.mx\/difusion\/?p=3304"},"modified":"2025-09-11T13:47:10","modified_gmt":"2025-09-11T18:47:10","slug":"fotogaleria-tomillo-planta-ancestral-util","status":"publish","type":"post","link":"https:\/\/www.ssaver.gob.mx\/difusion\/2025\/01\/27\/fotogaleria-tomillo-planta-ancestral-util\/","title":{"rendered":"Fotogaler\u00eda: Tomillo, planta ancestral \u00fatil en el manejo de enfermedades respiratorias"},"content":{"rendered":"\n<div class=\"blockart-slider blockart-slider-6a191f35\"><div class=\"splide\"><div class=\"splide__track\"><ul class=\"splide__list\">\n<li class=\"blockart-slide blockart-slide-8f6cfe5d splide__slide\">\n<figure class=\"wp-block-image aligncenter size-full is-resized\"><img loading=\"lazy\" decoding=\"async\" width=\"1280\" height=\"885\" src=\"https:\/\/www.ssaver.gob.mx\/difusion\/wp-content\/uploads\/sites\/23\/2025\/01\/1-5.jpg\" alt=\"\" class=\"wp-image-3305\" style=\"width:1032px;height:auto\" srcset=\"https:\/\/www.ssaver.gob.mx\/difusion\/wp-content\/uploads\/sites\/23\/2025\/01\/1-5.jpg 1280w, https:\/\/www.ssaver.gob.mx\/difusion\/wp-content\/uploads\/sites\/23\/2025\/01\/1-5-300x207.jpg 300w, https:\/\/www.ssaver.gob.mx\/difusion\/wp-content\/uploads\/sites\/23\/2025\/01\/1-5-1024x708.jpg 1024w, https:\/\/www.ssaver.gob.mx\/difusion\/wp-content\/uploads\/sites\/23\/2025\/01\/1-5-768x531.jpg 768w, https:\/\/www.ssaver.gob.mx\/difusion\/wp-content\/uploads\/sites\/23\/2025\/01\/1-5-392x272.jpg 392w, https:\/\/www.ssaver.gob.mx\/difusion\/wp-content\/uploads\/sites\/23\/2025\/01\/1-5-130x90.jpg 130w\" sizes=\"auto, (max-width: 1280px) 100vw, 1280px\" \/><figcaption class=\"wp-element-caption\">Jarabe: Agua, miel, alcohol y tomillo se combinan como remedio natural que fortalece las defensas y ayuda a las personas con problemas respiratorios. Foto: Marco Antonio \/ Secretar\u00eda de Salud.<\/figcaption><\/figure>\n<\/li>\n\n\n\n<li class=\"blockart-slide blockart-slide-f28b279d splide__slide\">\n<figure class=\"wp-block-image size-large\"><img loading=\"lazy\" decoding=\"async\" width=\"1024\" height=\"683\" src=\"https:\/\/www.ssaver.gob.mx\/difusion\/wp-content\/uploads\/sites\/23\/2025\/01\/2-7-1024x683.jpg\" alt=\"\" class=\"wp-image-3306\" srcset=\"https:\/\/www.ssaver.gob.mx\/difusion\/wp-content\/uploads\/sites\/23\/2025\/01\/2-7-1024x683.jpg 1024w, https:\/\/www.ssaver.gob.mx\/difusion\/wp-content\/uploads\/sites\/23\/2025\/01\/2-7-300x200.jpg 300w, https:\/\/www.ssaver.gob.mx\/difusion\/wp-content\/uploads\/sites\/23\/2025\/01\/2-7-768x512.jpg 768w, https:\/\/www.ssaver.gob.mx\/difusion\/wp-content\/uploads\/sites\/23\/2025\/01\/2-7.jpg 1280w\" sizes=\"auto, (max-width: 1024px) 100vw, 1024px\" \/><figcaption class=\"wp-element-caption\">Mar\u00eda Mercedes Alfaro, con m\u00e1s de 15 a\u00f1os de experiencia, comparte el secreto de un jarabe natural de tomillo, el cual  no necesita refrigeraci\u00f3n. Foto: Marco Antonio \/ Secretar\u00eda de Salud<br><br><\/figcaption><\/figure>\n<\/li>\n\n\n\n<li class=\"blockart-slide blockart-slide-ddc51e78 splide__slide\">\n<figure class=\"wp-block-image size-full is-resized\"><img loading=\"lazy\" decoding=\"async\" width=\"1280\" height=\"859\" src=\"https:\/\/www.ssaver.gob.mx\/difusion\/wp-content\/uploads\/sites\/23\/2025\/01\/3-6.jpg\" alt=\"\" class=\"wp-image-3307\" style=\"width:1127px;height:auto\" srcset=\"https:\/\/www.ssaver.gob.mx\/difusion\/wp-content\/uploads\/sites\/23\/2025\/01\/3-6.jpg 1280w, https:\/\/www.ssaver.gob.mx\/difusion\/wp-content\/uploads\/sites\/23\/2025\/01\/3-6-300x201.jpg 300w, https:\/\/www.ssaver.gob.mx\/difusion\/wp-content\/uploads\/sites\/23\/2025\/01\/3-6-1024x687.jpg 1024w, https:\/\/www.ssaver.gob.mx\/difusion\/wp-content\/uploads\/sites\/23\/2025\/01\/3-6-768x515.jpg 768w\" sizes=\"auto, (max-width: 1280px) 100vw, 1280px\" \/><figcaption class=\"wp-element-caption\">La Secretar\u00eda de Salud de Veracruz promueve el uso del tomillo como auxiliar en enfermedades respiratorias. Foto: Marco Antonio \/ Secretar\u00eda de Salud<\/figcaption><\/figure>\n<\/li>\n\n\n\n<li class=\"blockart-slide blockart-slide-31b7a66b splide__slide\">\n<figure class=\"wp-block-image size-full is-resized\"><img loading=\"lazy\" decoding=\"async\" width=\"1280\" height=\"888\" src=\"https:\/\/www.ssaver.gob.mx\/difusion\/wp-content\/uploads\/sites\/23\/2025\/01\/4-6.jpg\" alt=\"\" class=\"wp-image-3308\" style=\"width:1139px;height:auto\" srcset=\"https:\/\/www.ssaver.gob.mx\/difusion\/wp-content\/uploads\/sites\/23\/2025\/01\/4-6.jpg 1280w, https:\/\/www.ssaver.gob.mx\/difusion\/wp-content\/uploads\/sites\/23\/2025\/01\/4-6-300x208.jpg 300w, https:\/\/www.ssaver.gob.mx\/difusion\/wp-content\/uploads\/sites\/23\/2025\/01\/4-6-1024x710.jpg 1024w, https:\/\/www.ssaver.gob.mx\/difusion\/wp-content\/uploads\/sites\/23\/2025\/01\/4-6-768x533.jpg 768w, https:\/\/www.ssaver.gob.mx\/difusion\/wp-content\/uploads\/sites\/23\/2025\/01\/4-6-392x272.jpg 392w, https:\/\/www.ssaver.gob.mx\/difusion\/wp-content\/uploads\/sites\/23\/2025\/01\/4-6-130x90.jpg 130w\" sizes=\"auto, (max-width: 1280px) 100vw, 1280px\" \/><figcaption class=\"wp-element-caption\">El tomillo es una planta ancestral que no solo alivia s\u00edntomas respiratorios, sino que tambi\u00e9n fortalece el sistema inmunol\u00f3gico en las personas. Foto: Marco Antonio \/ Secretar\u00eda de Salud.<\/figcaption><\/figure>\n<\/li>\n\n\n\n<li class=\"blockart-slide blockart-slide-be69545c splide__slide\">\n<figure class=\"wp-block-image aligncenter size-full is-resized\"><img loading=\"lazy\" decoding=\"async\" width=\"1280\" height=\"901\" src=\"https:\/\/www.ssaver.gob.mx\/difusion\/wp-content\/uploads\/sites\/23\/2025\/01\/5-6.jpg\" alt=\"\" class=\"wp-image-3309\" style=\"width:1124px;height:auto\" srcset=\"https:\/\/www.ssaver.gob.mx\/difusion\/wp-content\/uploads\/sites\/23\/2025\/01\/5-6.jpg 1280w, https:\/\/www.ssaver.gob.mx\/difusion\/wp-content\/uploads\/sites\/23\/2025\/01\/5-6-300x211.jpg 300w, https:\/\/www.ssaver.gob.mx\/difusion\/wp-content\/uploads\/sites\/23\/2025\/01\/5-6-1024x721.jpg 1024w, https:\/\/www.ssaver.gob.mx\/difusion\/wp-content\/uploads\/sites\/23\/2025\/01\/5-6-768x541.jpg 768w\" sizes=\"auto, (max-width: 1280px) 100vw, 1280px\" \/><figcaption class=\"wp-element-caption\">Por sus beneficios antibacterianos y analg\u00e9sicos, el tomillo es un recurso valioso en la medicina tradicional. Foto: Marco Antonio \/ Secretar\u00eda de Salud.<\/figcaption><\/figure>\n<\/li>\n\n\n\n<li class=\"blockart-slide blockart-slide-8ccd4bf0 splide__slide\">\n<figure class=\"wp-block-image aligncenter size-full is-resized\"><img loading=\"lazy\" decoding=\"async\" width=\"1280\" height=\"831\" src=\"https:\/\/www.ssaver.gob.mx\/difusion\/wp-content\/uploads\/sites\/23\/2025\/01\/6-6.jpg\" alt=\"\" class=\"wp-image-3310\" style=\"width:1114px;height:auto\" srcset=\"https:\/\/www.ssaver.gob.mx\/difusion\/wp-content\/uploads\/sites\/23\/2025\/01\/6-6.jpg 1280w, https:\/\/www.ssaver.gob.mx\/difusion\/wp-content\/uploads\/sites\/23\/2025\/01\/6-6-300x195.jpg 300w, https:\/\/www.ssaver.gob.mx\/difusion\/wp-content\/uploads\/sites\/23\/2025\/01\/6-6-1024x665.jpg 1024w, https:\/\/www.ssaver.gob.mx\/difusion\/wp-content\/uploads\/sites\/23\/2025\/01\/6-6-768x499.jpg 768w\" sizes=\"auto, (max-width: 1280px) 100vw, 1280px\" \/><figcaption class=\"wp-element-caption\">\u00bfC\u00f3mo preparar el Jarabe de tomillo? Hierve un litro de agua con tomillo, a\u00f1ade miel, alcohol y se obtiene una soluci\u00f3n f\u00e1cil de ingerir y de almacenar en casa. Foto: Marco Antonio \/ Secretar\u00eda de Salud.<\/figcaption><\/figure>\n<\/li>\n\n\n\n<li class=\"blockart-slide blockart-slide-60568557 splide__slide\">\n<figure class=\"wp-block-image aligncenter size-full is-resized\"><img loading=\"lazy\" decoding=\"async\" width=\"1280\" height=\"854\" src=\"https:\/\/www.ssaver.gob.mx\/difusion\/wp-content\/uploads\/sites\/23\/2025\/01\/7-6.jpg\" alt=\"\" class=\"wp-image-3311\" style=\"width:1140px;height:auto\" srcset=\"https:\/\/www.ssaver.gob.mx\/difusion\/wp-content\/uploads\/sites\/23\/2025\/01\/7-6.jpg 1280w, https:\/\/www.ssaver.gob.mx\/difusion\/wp-content\/uploads\/sites\/23\/2025\/01\/7-6-300x200.jpg 300w, https:\/\/www.ssaver.gob.mx\/difusion\/wp-content\/uploads\/sites\/23\/2025\/01\/7-6-1024x683.jpg 1024w, https:\/\/www.ssaver.gob.mx\/difusion\/wp-content\/uploads\/sites\/23\/2025\/01\/7-6-768x512.jpg 768w\" sizes=\"auto, (max-width: 1280px) 100vw, 1280px\" \/><figcaption class=\"wp-element-caption\">Recuerda, esta preparaci\u00f3n no reemplaza los tratamientos m\u00e9dicos, mantente hidratado y acude a una unidad de salud si presentas s\u00edntomas graves.. Foto: Marco Antonio \/ Secretar\u00eda de Salud.<\/figcaption><\/figure>\n<\/li>\n<\/ul><\/div><div class=\"splide__arrows\"><div role=\"button\" class=\"splide__arrow splide__arrow--prev\"><\/div><div role=\"button\" class=\"splide__arrow splide__arrow--next\"><\/div><\/div><\/div><\/div>\n","protected":false},"excerpt":{"rendered":"","protected":false},"author":59,"featured_media":3297,"comment_status":"closed","ping_status":"closed","sticky":false,"template":"","format":"standard","meta":{"colormag_page_container_layout":"default_layout","colormag_page_sidebar_layout":"default_layout","footnotes":""},"categories":[120,115],"tags":[750,172,751,154,141,171,142],"class_list":["post-3304","post","type-post","status-publish","format-standard","has-post-thumbnail","hentry","category-galeria-de-la-salud","category-general","tag-apoyo-del-director-general","tag-jarabe","tag-juan-pablo-uribe-gonzalez","tag-medicina-tradicional","tag-salud","tag-tomillo","tag-veracruz"],"_links":{"self":[{"href":"https:\/\/www.ssaver.gob.mx\/difusion\/wp-json\/wp\/v2\/posts\/3304","targetHints":{"allow":["GET"]}}],"collection":[{"href":"https:\/\/www.ssaver.gob.mx\/difusion\/wp-json\/wp\/v2\/posts"}],"about":[{"href":"https:\/\/www.ssaver.gob.mx\/difusion\/wp-json\/wp\/v2\/types\/post"}],"author":[{"embeddable":true,"href":"https:\/\/www.ssaver.gob.mx\/difusion\/wp-json\/wp\/v2\/users\/59"}],"replies":[{"embeddable":true,"href":"https:\/\/www.ssaver.gob.mx\/difusion\/wp-json\/wp\/v2\/comments?post=3304"}],"version-history":[{"count":19,"href":"https:\/\/www.ssaver.gob.mx\/difusion\/wp-json\/wp\/v2\/posts\/3304\/revisions"}],"predecessor-version":[{"id":4390,"href":"https:\/\/www.ssaver.gob.mx\/difusion\/wp-json\/wp\/v2\/posts\/3304\/revisions\/4390"}],"wp:featuredmedia":[{"embeddable":true,"href":"https:\/\/www.ssaver.gob.mx\/difusion\/wp-json\/wp\/v2\/media\/3297"}],"wp:attachment":[{"href":"https:\/\/www.ssaver.gob.mx\/difusion\/wp-json\/wp\/v2\/media?parent=3304"}],"wp:term":[{"taxonomy":"category","embeddable":true,"href":"https:\/\/www.ssaver.gob.mx\/difusion\/wp-json\/wp\/v2\/categories?post=3304"},{"taxonomy":"post_tag","embeddable":true,"href":"https:\/\/www.ssaver.gob.mx\/difusion\/wp-json\/wp\/v2\/tags?post=3304"}],"curies":[{"name":"wp","href":"https:\/\/api.w.org\/{rel}","templated":true}]}}