{"id":3381,"date":"2025-01-27T17:13:00","date_gmt":"2025-01-27T23:13:00","guid":{"rendered":"https:\/\/www.ssaver.gob.mx\/difusion\/?p=3381"},"modified":"2025-09-11T13:46:53","modified_gmt":"2025-09-11T18:46:53","slug":"tomillo-planta-ancestral-util-en-el-tratamiento-de-enfermedades-respiratorias","status":"publish","type":"post","link":"https:\/\/www.ssaver.gob.mx\/difusion\/2025\/01\/27\/tomillo-planta-ancestral-util-en-el-tratamiento-de-enfermedades-respiratorias\/","title":{"rendered":"Tomillo, planta ancestral, \u00fatil en el tratamiento de enfermedades respiratorias"},"content":{"rendered":"\n<figure class=\"wp-block-image size-large is-resized\"><a href=\"https:\/\/youtu.be\/iEpeSwB8M88?si=deX2eZ4djJkajFce\" target=\"_blank\" rel=\" noreferrer noopener\"><img loading=\"lazy\" decoding=\"async\" width=\"1024\" height=\"576\" src=\"https:\/\/www.ssaver.gob.mx\/difusion\/wp-content\/uploads\/sites\/23\/2025\/01\/Captura-de-pantalla-2025-01-30-a-las-11.06.35\u202fa.m-1024x576.png\" alt=\"\" class=\"wp-image-3396\" style=\"width:1140px;height:auto\" srcset=\"https:\/\/www.ssaver.gob.mx\/difusion\/wp-content\/uploads\/sites\/23\/2025\/01\/Captura-de-pantalla-2025-01-30-a-las-11.06.35\u202fa.m-1024x576.png 1024w, https:\/\/www.ssaver.gob.mx\/difusion\/wp-content\/uploads\/sites\/23\/2025\/01\/Captura-de-pantalla-2025-01-30-a-las-11.06.35\u202fa.m-300x169.png 300w, https:\/\/www.ssaver.gob.mx\/difusion\/wp-content\/uploads\/sites\/23\/2025\/01\/Captura-de-pantalla-2025-01-30-a-las-11.06.35\u202fa.m-768x432.png 768w, https:\/\/www.ssaver.gob.mx\/difusion\/wp-content\/uploads\/sites\/23\/2025\/01\/Captura-de-pantalla-2025-01-30-a-las-11.06.35\u202fa.m-1536x863.png 1536w, https:\/\/www.ssaver.gob.mx\/difusion\/wp-content\/uploads\/sites\/23\/2025\/01\/Captura-de-pantalla-2025-01-30-a-las-11.06.35\u202fa.m.png 1676w\" sizes=\"auto, (max-width: 1024px) 100vw, 1024px\" \/><\/a><\/figure>\n\n\n\n<p>Xalapa, Ver.- La Secretar\u00eda de Salud promueve pr\u00e1cticas ancestrales y el uso de plantas como el tomillo, el cual sirve como auxiliar en la prevenci\u00f3n y manejo de enfermedades como la tos y el asma, contribuye a la expulsi\u00f3n de flemas y contiene propiedades que fortalecen las defensas del organismo.<\/p>\n\n\n\n<p>En la prevenci\u00f3n y manejo de padecimientos respiratorios, el Gobierno del Estado, a trav\u00e9s de la Secretar\u00eda de Salud, promueve la medicina tradicional y el uso de plantas como el tomillo.<\/p>\n\n\n\n<p>La dependencia estatal lo sugiere como un auxiliar para la tos y el asma, ya que sus propiedades antibacterianas y analg\u00e9sicas contribuyen a la expulsi\u00f3n de flemas y fortalecen las defensas del organismo. Adem\u00e1s, recomienda su preparaci\u00f3n en jarabe, t\u00e9 o infusi\u00f3n.<\/p>\n\n\n\n<p>Una popular receta, recomendada por la terapeuta acreditada por el Centro de Estudios e Investigaci\u00f3n de Medicina Tradicional, Mar\u00eda Mercedes Alfaro Rocha, con m\u00e1s de 15 a\u00f1os de experiencia en la preparaci\u00f3n de remedios naturales, es la siguiente:<\/p>\n\n\n\n<p>1.-Hervir un litro de agua durante 20 minutos y agregar 100 gramos de tomillo.<\/p>\n\n\n\n<p>2.-Colar la infusi\u00f3n y verterla en otro recipiente.<\/p>\n\n\n\n<p>3.-A\u00f1adir un litro de miel al l\u00edquido caliente y mantener al fuego hasta que espese.<\/p>\n\n\n\n<p>4.-Almacenar en un frasco de cristal color \u00e1mbar (no necesita refrigeraci\u00f3n).<\/p>\n\n\n\n<p>Dicha preparaci\u00f3n no sustituye los tratamientos m\u00e9dicos; para recibir una atenci\u00f3n adecuada, la Secretar\u00eda recomienda mantenerse hidratado y acudir a las unidades de salud en caso de s\u00edntomas graves.<\/p>\n","protected":false},"excerpt":{"rendered":"<p>Xalapa, Ver.- La Secretar\u00eda de Salud promueve pr\u00e1cticas ancestrales y el uso de plantas como el tomillo, el cual sirve<\/p>\n","protected":false},"author":59,"featured_media":3396,"comment_status":"closed","ping_status":"closed","sticky":false,"template":"","format":"standard","meta":{"colormag_page_container_layout":"default_layout","colormag_page_sidebar_layout":"default_layout","footnotes":""},"categories":[173],"tags":[750,751,154,169,171,142,156],"class_list":["post-3381","post","type-post","status-publish","format-standard","has-post-thumbnail","hentry","category-salud-en-video","tag-apoyo-del-director-general","tag-juan-pablo-uribe-gonzalez","tag-medicina-tradicional","tag-salud-veracruz","tag-tomillo","tag-veracruz","tag-video-youtube"],"_links":{"self":[{"href":"https:\/\/www.ssaver.gob.mx\/difusion\/wp-json\/wp\/v2\/posts\/3381","targetHints":{"allow":["GET"]}}],"collection":[{"href":"https:\/\/www.ssaver.gob.mx\/difusion\/wp-json\/wp\/v2\/posts"}],"about":[{"href":"https:\/\/www.ssaver.gob.mx\/difusion\/wp-json\/wp\/v2\/types\/post"}],"author":[{"embeddable":true,"href":"https:\/\/www.ssaver.gob.mx\/difusion\/wp-json\/wp\/v2\/users\/59"}],"replies":[{"embeddable":true,"href":"https:\/\/www.ssaver.gob.mx\/difusion\/wp-json\/wp\/v2\/comments?post=3381"}],"version-history":[{"count":4,"href":"https:\/\/www.ssaver.gob.mx\/difusion\/wp-json\/wp\/v2\/posts\/3381\/revisions"}],"predecessor-version":[{"id":5699,"href":"https:\/\/www.ssaver.gob.mx\/difusion\/wp-json\/wp\/v2\/posts\/3381\/revisions\/5699"}],"wp:featuredmedia":[{"embeddable":true,"href":"https:\/\/www.ssaver.gob.mx\/difusion\/wp-json\/wp\/v2\/media\/3396"}],"wp:attachment":[{"href":"https:\/\/www.ssaver.gob.mx\/difusion\/wp-json\/wp\/v2\/media?parent=3381"}],"wp:term":[{"taxonomy":"category","embeddable":true,"href":"https:\/\/www.ssaver.gob.mx\/difusion\/wp-json\/wp\/v2\/categories?post=3381"},{"taxonomy":"post_tag","embeddable":true,"href":"https:\/\/www.ssaver.gob.mx\/difusion\/wp-json\/wp\/v2\/tags?post=3381"}],"curies":[{"name":"wp","href":"https:\/\/api.w.org\/{rel}","templated":true}]}}