{"id":3435,"date":"2025-01-31T11:14:26","date_gmt":"2025-01-31T17:14:26","guid":{"rendered":"https:\/\/www.ssaver.gob.mx\/difusion\/?p=3435"},"modified":"2025-09-11T13:47:38","modified_gmt":"2025-09-11T18:47:38","slug":"fotogaleria-gobierno-estatal-despliega-a-mas-de-500-trabajadores-de-salud-para-la-candelaria","status":"publish","type":"post","link":"https:\/\/www.ssaver.gob.mx\/difusion\/2025\/01\/31\/fotogaleria-gobierno-estatal-despliega-a-mas-de-500-trabajadores-de-salud-para-la-candelaria\/","title":{"rendered":"Fotogaler\u00eda: Gobierno estatal despliega a m\u00e1s de 500 trabajadores de Salud para La Candelaria"},"content":{"rendered":"\n<div class=\"blockart-slider blockart-slider-339e09da\"><div class=\"splide\"><div class=\"splide__track\"><ul class=\"splide__list\">\n<li class=\"blockart-slide blockart-slide-59a43546 splide__slide\">\n<figure class=\"wp-block-image aligncenter size-full is-resized\"><img loading=\"lazy\" decoding=\"async\" width=\"1280\" height=\"852\" src=\"https:\/\/www.ssaver.gob.mx\/difusion\/wp-content\/uploads\/sites\/23\/2025\/01\/PHOTO-2025-01-31-10-27-44-2-1.jpg\" alt=\"\" class=\"wp-image-3436\" style=\"object-fit:contain;width:1140px;height:auto\" srcset=\"https:\/\/www.ssaver.gob.mx\/difusion\/wp-content\/uploads\/sites\/23\/2025\/01\/PHOTO-2025-01-31-10-27-44-2-1.jpg 1280w, https:\/\/www.ssaver.gob.mx\/difusion\/wp-content\/uploads\/sites\/23\/2025\/01\/PHOTO-2025-01-31-10-27-44-2-1-300x200.jpg 300w, https:\/\/www.ssaver.gob.mx\/difusion\/wp-content\/uploads\/sites\/23\/2025\/01\/PHOTO-2025-01-31-10-27-44-2-1-1024x682.jpg 1024w, https:\/\/www.ssaver.gob.mx\/difusion\/wp-content\/uploads\/sites\/23\/2025\/01\/PHOTO-2025-01-31-10-27-44-2-1-768x511.jpg 768w\" sizes=\"auto, (max-width: 1280px) 100vw, 1280px\" \/><figcaption class=\"wp-element-caption\">El comando operativo de la Secretar\u00eda de Salud, presente en las Fiestas de la Virgen de la Candelaria 2025, en Tlacotalpan\/ Foto: Jorge Serratos\/ Secretar\u00eda de Salud.<\/figcaption><\/figure>\n<\/li>\n\n\n\n<li class=\"blockart-slide blockart-slide-6a54c5c8 splide__slide\">\n<figure class=\"wp-block-image size-large\"><img loading=\"lazy\" decoding=\"async\" width=\"1024\" height=\"682\" src=\"https:\/\/www.ssaver.gob.mx\/difusion\/wp-content\/uploads\/sites\/23\/2025\/01\/2-8-1024x682.jpg\" alt=\"\" class=\"wp-image-3441\" srcset=\"https:\/\/www.ssaver.gob.mx\/difusion\/wp-content\/uploads\/sites\/23\/2025\/01\/2-8-1024x682.jpg 1024w, https:\/\/www.ssaver.gob.mx\/difusion\/wp-content\/uploads\/sites\/23\/2025\/01\/2-8-300x200.jpg 300w, https:\/\/www.ssaver.gob.mx\/difusion\/wp-content\/uploads\/sites\/23\/2025\/01\/2-8-768x512.jpg 768w, https:\/\/www.ssaver.gob.mx\/difusion\/wp-content\/uploads\/sites\/23\/2025\/01\/2-8.jpg 1280w\" sizes=\"auto, (max-width: 1024px) 100vw, 1024px\" \/><figcaption class=\"wp-element-caption\">Personal de Protecci\u00f3n de Riesgos Sanitarios de la Secretar\u00eda de Salud presentes en el Comando Operativo de las Fiestas de la Virgen de La Candelaria 2025, en Tlacotalpan. Foto: Jorge Serratos\/ Secretar\u00eda de Salud<\/figcaption><\/figure>\n<\/li>\n\n\n\n<li class=\"blockart-slide blockart-slide-a7cdb9f3 splide__slide\">\n<figure class=\"wp-block-image size-large\"><img loading=\"lazy\" decoding=\"async\" width=\"1024\" height=\"682\" src=\"https:\/\/www.ssaver.gob.mx\/difusion\/wp-content\/uploads\/sites\/23\/2025\/01\/PHOTO-2025-01-31-10-27-44-3-1024x682.jpg\" alt=\"\" class=\"wp-image-3417\" srcset=\"https:\/\/www.ssaver.gob.mx\/difusion\/wp-content\/uploads\/sites\/23\/2025\/01\/PHOTO-2025-01-31-10-27-44-3-1024x682.jpg 1024w, https:\/\/www.ssaver.gob.mx\/difusion\/wp-content\/uploads\/sites\/23\/2025\/01\/PHOTO-2025-01-31-10-27-44-3-300x200.jpg 300w, https:\/\/www.ssaver.gob.mx\/difusion\/wp-content\/uploads\/sites\/23\/2025\/01\/PHOTO-2025-01-31-10-27-44-3-768x512.jpg 768w, https:\/\/www.ssaver.gob.mx\/difusion\/wp-content\/uploads\/sites\/23\/2025\/01\/PHOTO-2025-01-31-10-27-44-3.jpg 1280w\" sizes=\"auto, (max-width: 1024px) 100vw, 1024px\" \/><figcaption class=\"wp-element-caption\">El Comando Operativo de la Secretar\u00eda de Salud, presente en las Fiestas de la Virgen de La Candelaria 2025, en Tlacotalpan. Foto: Jorge Serratos\/ Secretar\u00eda de Salud<\/figcaption><\/figure>\n<\/li>\n\n\n\n<li class=\"blockart-slide blockart-slide-49f0ff9c splide__slide\">\n<figure class=\"wp-block-image size-large\"><img loading=\"lazy\" decoding=\"async\" width=\"1024\" height=\"682\" src=\"https:\/\/www.ssaver.gob.mx\/difusion\/wp-content\/uploads\/sites\/23\/2025\/01\/PHOTO-2025-01-31-10-27-44-4-1024x682.jpg\" alt=\"\" class=\"wp-image-3416\" srcset=\"https:\/\/www.ssaver.gob.mx\/difusion\/wp-content\/uploads\/sites\/23\/2025\/01\/PHOTO-2025-01-31-10-27-44-4-1024x682.jpg 1024w, https:\/\/www.ssaver.gob.mx\/difusion\/wp-content\/uploads\/sites\/23\/2025\/01\/PHOTO-2025-01-31-10-27-44-4-300x200.jpg 300w, https:\/\/www.ssaver.gob.mx\/difusion\/wp-content\/uploads\/sites\/23\/2025\/01\/PHOTO-2025-01-31-10-27-44-4-768x512.jpg 768w, https:\/\/www.ssaver.gob.mx\/difusion\/wp-content\/uploads\/sites\/23\/2025\/01\/PHOTO-2025-01-31-10-27-44-4.jpg 1280w\" sizes=\"auto, (max-width: 1024px) 100vw, 1024px\" \/><figcaption class=\"wp-element-caption\">Personal de la Secretar\u00eda de Salud supervisa negocios establecidos y locales semifijos, para brindar un buen servicio en estas fiestas de la Virgen de La Candelaria 2025. Foto: Jorge Serratos \/ Secretar\u00eda de Salud<\/figcaption><\/figure>\n<\/li>\n\n\n\n<li class=\"blockart-slide blockart-slide-8bb93d56 splide__slide\">\n<figure class=\"wp-block-image size-full is-resized\"><img loading=\"lazy\" decoding=\"async\" width=\"1280\" height=\"853\" src=\"https:\/\/www.ssaver.gob.mx\/difusion\/wp-content\/uploads\/sites\/23\/2025\/01\/PHOTO-2025-01-31-10-27-44-6.jpg\" alt=\"\" class=\"wp-image-3422\" style=\"width:1139px;height:auto\" srcset=\"https:\/\/www.ssaver.gob.mx\/difusion\/wp-content\/uploads\/sites\/23\/2025\/01\/PHOTO-2025-01-31-10-27-44-6.jpg 1280w, https:\/\/www.ssaver.gob.mx\/difusion\/wp-content\/uploads\/sites\/23\/2025\/01\/PHOTO-2025-01-31-10-27-44-6-300x200.jpg 300w, https:\/\/www.ssaver.gob.mx\/difusion\/wp-content\/uploads\/sites\/23\/2025\/01\/PHOTO-2025-01-31-10-27-44-6-1024x682.jpg 1024w, https:\/\/www.ssaver.gob.mx\/difusion\/wp-content\/uploads\/sites\/23\/2025\/01\/PHOTO-2025-01-31-10-27-44-6-768x512.jpg 768w\" sizes=\"auto, (max-width: 1280px) 100vw, 1280px\" \/><figcaption class=\"wp-element-caption\">Personal de Protecci\u00f3n de Riesgos Sanitarios de la Secretar\u00eda de Salud supervisaron negocios establecidos, para brindar un buen servicio a los visitantes en el marco de las fiestas de la Virgen de La Candelaria en Tlacotalpan, Veracruz. Foto: Jorge Serratos\/Secretar\u00eda de Salud.<\/figcaption><\/figure>\n<\/li>\n\n\n\n<li class=\"blockart-slide blockart-slide-28a4d683 splide__slide\">\n<figure class=\"wp-block-image aligncenter size-full is-resized\"><img loading=\"lazy\" decoding=\"async\" width=\"1280\" height=\"853\" src=\"https:\/\/www.ssaver.gob.mx\/difusion\/wp-content\/uploads\/sites\/23\/2025\/01\/PHOTO-2025-01-31-10-27-44-5.jpg\" alt=\"\" class=\"wp-image-3419\" style=\"width:1124px;height:auto\" srcset=\"https:\/\/www.ssaver.gob.mx\/difusion\/wp-content\/uploads\/sites\/23\/2025\/01\/PHOTO-2025-01-31-10-27-44-5.jpg 1280w, https:\/\/www.ssaver.gob.mx\/difusion\/wp-content\/uploads\/sites\/23\/2025\/01\/PHOTO-2025-01-31-10-27-44-5-300x200.jpg 300w, https:\/\/www.ssaver.gob.mx\/difusion\/wp-content\/uploads\/sites\/23\/2025\/01\/PHOTO-2025-01-31-10-27-44-5-1024x682.jpg 1024w, https:\/\/www.ssaver.gob.mx\/difusion\/wp-content\/uploads\/sites\/23\/2025\/01\/PHOTO-2025-01-31-10-27-44-5-768x512.jpg 768w\" sizes=\"auto, (max-width: 1280px) 100vw, 1280px\" \/><figcaption class=\"wp-element-caption\">Personal del \u00e1rea de Protecci\u00f3n de Riesgos Sanitarios de la Secretar\u00eda de Salud supervisaron locales semifijos que se colocaron para las fiestas de la Virgen de La Candelaria, en Tlacotalpan, Veracruz. Foto: Jorge Serratos\/ Secretar\u00eda de Salud.<\/figcaption><\/figure>\n<\/li>\n\n\n\n<li class=\"blockart-slide blockart-slide-7f30d979 splide__slide\">\n<figure class=\"wp-block-image aligncenter size-full is-resized\"><img loading=\"lazy\" decoding=\"async\" width=\"1280\" height=\"853\" src=\"https:\/\/www.ssaver.gob.mx\/difusion\/wp-content\/uploads\/sites\/23\/2025\/01\/PHOTO-2025-01-31-10-27-44-10.jpg\" alt=\"\" class=\"wp-image-3424\" style=\"width:1140px;height:auto\" srcset=\"https:\/\/www.ssaver.gob.mx\/difusion\/wp-content\/uploads\/sites\/23\/2025\/01\/PHOTO-2025-01-31-10-27-44-10.jpg 1280w, https:\/\/www.ssaver.gob.mx\/difusion\/wp-content\/uploads\/sites\/23\/2025\/01\/PHOTO-2025-01-31-10-27-44-10-300x200.jpg 300w, https:\/\/www.ssaver.gob.mx\/difusion\/wp-content\/uploads\/sites\/23\/2025\/01\/PHOTO-2025-01-31-10-27-44-10-1024x682.jpg 1024w, https:\/\/www.ssaver.gob.mx\/difusion\/wp-content\/uploads\/sites\/23\/2025\/01\/PHOTO-2025-01-31-10-27-44-10-768x512.jpg 768w\" sizes=\"auto, (max-width: 1280px) 100vw, 1280px\" \/><figcaption class=\"wp-element-caption\">Personal del \u00e1rea de Protecci\u00f3n de Riesgos Sanitarios activo, supervisando instalaciones y servicios en los comercios establecidos y semi fijos en las fiestas de la Virgen de La Candelaria 2025. Foto: Jorge Serratos\/Secretar\u00eda de Salud.<\/figcaption><\/figure>\n<\/li>\n\n\n\n<li class=\"blockart-slide blockart-slide-bce0f646 splide__slide\">\n<figure class=\"wp-block-image size-large\"><img loading=\"lazy\" decoding=\"async\" width=\"1024\" height=\"682\" src=\"https:\/\/www.ssaver.gob.mx\/difusion\/wp-content\/uploads\/sites\/23\/2025\/01\/9-6-1024x682.jpg\" alt=\"\" class=\"wp-image-3442\" srcset=\"https:\/\/www.ssaver.gob.mx\/difusion\/wp-content\/uploads\/sites\/23\/2025\/01\/9-6-1024x682.jpg 1024w, https:\/\/www.ssaver.gob.mx\/difusion\/wp-content\/uploads\/sites\/23\/2025\/01\/9-6-300x200.jpg 300w, https:\/\/www.ssaver.gob.mx\/difusion\/wp-content\/uploads\/sites\/23\/2025\/01\/9-6-768x512.jpg 768w, https:\/\/www.ssaver.gob.mx\/difusion\/wp-content\/uploads\/sites\/23\/2025\/01\/9-6.jpg 1280w\" sizes=\"auto, (max-width: 1024px) 100vw, 1024px\" \/><figcaption class=\"wp-element-caption\">El municipio de Tlacotlapan recibir\u00e1 a miles de visitantes nacionales e internacionales durante las festividades a la Virgen de La Candelaria 2025. Foto: Jorge Serratos\/ Secretar\u00eda de Salud<\/figcaption><\/figure>\n<\/li>\n\n\n\n<li class=\"blockart-slide blockart-slide-1a6c334b splide__slide\">\n<figure class=\"wp-block-image size-large\"><img loading=\"lazy\" decoding=\"async\" width=\"1024\" height=\"682\" src=\"https:\/\/www.ssaver.gob.mx\/difusion\/wp-content\/uploads\/sites\/23\/2025\/01\/PHOTO-2025-01-31-10-27-44-8-1024x682.jpg\" alt=\"\" class=\"wp-image-3420\" srcset=\"https:\/\/www.ssaver.gob.mx\/difusion\/wp-content\/uploads\/sites\/23\/2025\/01\/PHOTO-2025-01-31-10-27-44-8-1024x682.jpg 1024w, https:\/\/www.ssaver.gob.mx\/difusion\/wp-content\/uploads\/sites\/23\/2025\/01\/PHOTO-2025-01-31-10-27-44-8-300x200.jpg 300w, https:\/\/www.ssaver.gob.mx\/difusion\/wp-content\/uploads\/sites\/23\/2025\/01\/PHOTO-2025-01-31-10-27-44-8-768x512.jpg 768w, https:\/\/www.ssaver.gob.mx\/difusion\/wp-content\/uploads\/sites\/23\/2025\/01\/PHOTO-2025-01-31-10-27-44-8.jpg 1280w\" sizes=\"auto, (max-width: 1024px) 100vw, 1024px\" \/><figcaption class=\"wp-element-caption\">Los comercios establecidos siendo inspeccionados por el personal de la Secretar\u00eda de Salud, presente en las fiestas de la Virgen de La Candelaria 2025.<\/figcaption><\/figure>\n<\/li>\n\n\n\n<li class=\"blockart-slide blockart-slide-f8289b7c splide__slide\">\n<figure class=\"wp-block-image size-large\"><img loading=\"lazy\" decoding=\"async\" width=\"1024\" height=\"768\" src=\"https:\/\/www.ssaver.gob.mx\/difusion\/wp-content\/uploads\/sites\/23\/2025\/01\/WhatsApp-Image-2025-01-31-at-12.36.17-PM-1024x768.jpeg\" alt=\"\" class=\"wp-image-3446\" srcset=\"https:\/\/www.ssaver.gob.mx\/difusion\/wp-content\/uploads\/sites\/23\/2025\/01\/WhatsApp-Image-2025-01-31-at-12.36.17-PM-1024x768.jpeg 1024w, https:\/\/www.ssaver.gob.mx\/difusion\/wp-content\/uploads\/sites\/23\/2025\/01\/WhatsApp-Image-2025-01-31-at-12.36.17-PM-300x225.jpeg 300w, https:\/\/www.ssaver.gob.mx\/difusion\/wp-content\/uploads\/sites\/23\/2025\/01\/WhatsApp-Image-2025-01-31-at-12.36.17-PM-768x576.jpeg 768w, https:\/\/www.ssaver.gob.mx\/difusion\/wp-content\/uploads\/sites\/23\/2025\/01\/WhatsApp-Image-2025-01-31-at-12.36.17-PM.jpeg 1280w\" sizes=\"auto, (max-width: 1024px) 100vw, 1024px\" \/><figcaption class=\"wp-element-caption\">Personal del \u00e1rea de Protecci\u00f3n de Riesgos Sanitarios de la Secretar\u00eda de Salud en acci\u00f3n, supervisando los comercios semi fijos en las festividades de la Virgen de La Candelaria 2025, en Tlacotalpan.<\/figcaption><\/figure>\n<\/li>\n<\/ul><\/div><div class=\"splide__arrows\"><div role=\"button\" class=\"splide__arrow splide__arrow--prev\"><\/div><div role=\"button\" class=\"splide__arrow splide__arrow--next\"><\/div><\/div><\/div><\/div>\n","protected":false},"excerpt":{"rendered":"","protected":false},"author":59,"featured_media":3425,"comment_status":"closed","ping_status":"closed","sticky":false,"template":"","format":"standard","meta":{"colormag_page_container_layout":"default_layout","colormag_page_sidebar_layout":"default_layout","footnotes":""},"categories":[120,115],"tags":[750,124,751,181,141,182,142],"class_list":["post-3435","post","type-post","status-publish","format-standard","has-post-thumbnail","hentry","category-galeria-de-la-salud","category-general","tag-apoyo-del-director-general","tag-fotogaleria","tag-juan-pablo-uribe-gonzalez","tag-la-candelaria","tag-salud","tag-tlacotalpan","tag-veracruz"],"_links":{"self":[{"href":"https:\/\/www.ssaver.gob.mx\/difusion\/wp-json\/wp\/v2\/posts\/3435","targetHints":{"allow":["GET"]}}],"collection":[{"href":"https:\/\/www.ssaver.gob.mx\/difusion\/wp-json\/wp\/v2\/posts"}],"about":[{"href":"https:\/\/www.ssaver.gob.mx\/difusion\/wp-json\/wp\/v2\/types\/post"}],"author":[{"embeddable":true,"href":"https:\/\/www.ssaver.gob.mx\/difusion\/wp-json\/wp\/v2\/users\/59"}],"replies":[{"embeddable":true,"href":"https:\/\/www.ssaver.gob.mx\/difusion\/wp-json\/wp\/v2\/comments?post=3435"}],"version-history":[{"count":9,"href":"https:\/\/www.ssaver.gob.mx\/difusion\/wp-json\/wp\/v2\/posts\/3435\/revisions"}],"predecessor-version":[{"id":4388,"href":"https:\/\/www.ssaver.gob.mx\/difusion\/wp-json\/wp\/v2\/posts\/3435\/revisions\/4388"}],"wp:featuredmedia":[{"embeddable":true,"href":"https:\/\/www.ssaver.gob.mx\/difusion\/wp-json\/wp\/v2\/media\/3425"}],"wp:attachment":[{"href":"https:\/\/www.ssaver.gob.mx\/difusion\/wp-json\/wp\/v2\/media?parent=3435"}],"wp:term":[{"taxonomy":"category","embeddable":true,"href":"https:\/\/www.ssaver.gob.mx\/difusion\/wp-json\/wp\/v2\/categories?post=3435"},{"taxonomy":"post_tag","embeddable":true,"href":"https:\/\/www.ssaver.gob.mx\/difusion\/wp-json\/wp\/v2\/tags?post=3435"}],"curies":[{"name":"wp","href":"https:\/\/api.w.org\/{rel}","templated":true}]}}