{"id":3460,"date":"2025-02-03T12:39:05","date_gmt":"2025-02-03T18:39:05","guid":{"rendered":"https:\/\/www.ssaver.gob.mx\/difusion\/?p=3460"},"modified":"2025-09-11T13:44:45","modified_gmt":"2025-09-11T18:44:45","slug":"karla-fernanda-testimonio-de-victoria-en-la-lucha-contra-el-cancer","status":"publish","type":"post","link":"https:\/\/www.ssaver.gob.mx\/difusion\/2025\/02\/03\/karla-fernanda-testimonio-de-victoria-en-la-lucha-contra-el-cancer\/","title":{"rendered":"Karla Fernanda, testimonio de victoria en la lucha contra el c\u00e1ncer"},"content":{"rendered":"\n<p class=\"blockart-paragraph blockart-paragraph-5d6c4abe\"><strong><strong><strong>Karla Fernanda, testimonio de victoria en la lucha contra el c\u00e1ncer<\/strong><\/strong><\/strong><\/p>\n\n\n\n<p class=\"blockart-paragraph blockart-paragraph-8dcb92d1\">&#8211; Otro caso de \u00e9xito en el CECAN: a siete a\u00f1os de su diagn\u00f3stico, recibe alta definitiva<br>&#8211; El 4 de febrero se conmemora el D\u00eda Mundial contra el C\u00e1ncer<br><\/p>\n\n\n\n<p>Xalapa, Ver., lunes 03 de febrero de 2025.- Con el toque de campana en el Centro Estatal de Cancerolog\u00eda (CECAN) Dr. Miguel Dorantes Mesa, Karla Fernanda Dom\u00ednguez, celebr\u00f3 su victoria contra el c\u00e1ncer, acompa\u00f1ada de su familia y del personal de la Secretar\u00eda de Salud que la atendi\u00f3 desde su ingreso hace siete a\u00f1os.\u00a0<\/p>\n\n\n\n<p>Antes de colocar su foto en el \u00e1rbol de la vida, acto que simboliza un nuevo comienzo para los pacientes que superan este padecimiento, Karla Fernanda agradeci\u00f3 al equipo de profesionales que estuvo siempre a su lado: \u201cGracias a ellos sigo viva\u201d.&nbsp;<\/p>\n\n\n\n<p>El 27 de julio de 2018 le fue diagnosticado de sarcoma de Ewing, el segundo c\u00e1ncer \u00f3seo m\u00e1s frecuente, que hab\u00eda crecido r\u00e1pidamente y requiri\u00f3 quimioterapias, as\u00ed como varias cirug\u00edas para erradicarlo.<\/p>\n\n\n\n<p>A su corta edad, ya sabe que quiere dedicarse a la medicina para ayudar a otros, como la ayudaron a ella.&nbsp;<\/p>\n\n\n\n<p>Su madre, Pamela de la Mora, reconoci\u00f3 al Gobierno del Estado, encabezado por la gobernadora Roc\u00edo Nahle Garc\u00eda, por garantizar espacios dignos para el cuidado de la salud, adem\u00e1s de brindar una atenci\u00f3n de calidad y con un enfoque humanista.&nbsp;<\/p>\n\n\n\n<p>\u201cLlegamos sin esperanza y aqu\u00ed la encontramos. Los m\u00e9dicos, el personal de enfermer\u00eda y el administrativo ahora son nuestra familia; los vemos con respeto, admiraci\u00f3n y mucho cari\u00f1o. Hoy es un d\u00eda especial, despu\u00e9s de mucho tiempo se logr\u00f3\u201d, manifest\u00f3.&nbsp;<\/p>\n\n\n\n<p>Este martes 4 de febrero se conmemora el D\u00eda Mundial contra el C\u00e1ncer, con el objetivo de concientizar a la poblaci\u00f3n sobre este padecimiento y movilizar a la sociedad para avanzar en su prevenci\u00f3n y control.&nbsp;<\/p>\n\n\n\n<p><\/p>\n\n\n\n<p><\/p>\n\n\n\n<figure class=\"wp-block-gallery has-nested-images columns-default is-cropped wp-block-gallery-1 is-layout-flex wp-block-gallery-is-layout-flex\">\n<figure class=\"wp-block-image size-large\"><img loading=\"lazy\" decoding=\"async\" width=\"1024\" height=\"788\" data-id=\"3461\" src=\"https:\/\/www.ssaver.gob.mx\/difusion\/wp-content\/uploads\/sites\/23\/2025\/02\/PHOTO-2025-02-03-12-11-02-2-1024x788.jpg\" alt=\"\" class=\"wp-image-3461\" srcset=\"https:\/\/www.ssaver.gob.mx\/difusion\/wp-content\/uploads\/sites\/23\/2025\/02\/PHOTO-2025-02-03-12-11-02-2-1024x788.jpg 1024w, https:\/\/www.ssaver.gob.mx\/difusion\/wp-content\/uploads\/sites\/23\/2025\/02\/PHOTO-2025-02-03-12-11-02-2-300x231.jpg 300w, https:\/\/www.ssaver.gob.mx\/difusion\/wp-content\/uploads\/sites\/23\/2025\/02\/PHOTO-2025-02-03-12-11-02-2-768x591.jpg 768w, https:\/\/www.ssaver.gob.mx\/difusion\/wp-content\/uploads\/sites\/23\/2025\/02\/PHOTO-2025-02-03-12-11-02-2-1536x1183.jpg 1536w, https:\/\/www.ssaver.gob.mx\/difusion\/wp-content\/uploads\/sites\/23\/2025\/02\/PHOTO-2025-02-03-12-11-02-2.jpg 1600w\" sizes=\"auto, (max-width: 1024px) 100vw, 1024px\" \/><\/figure>\n\n\n\n<figure class=\"wp-block-image size-large\"><img loading=\"lazy\" decoding=\"async\" width=\"1024\" height=\"717\" data-id=\"3463\" src=\"https:\/\/www.ssaver.gob.mx\/difusion\/wp-content\/uploads\/sites\/23\/2025\/02\/PHOTO-2025-02-03-12-11-02-1024x717.jpg\" alt=\"\" class=\"wp-image-3463\" srcset=\"https:\/\/www.ssaver.gob.mx\/difusion\/wp-content\/uploads\/sites\/23\/2025\/02\/PHOTO-2025-02-03-12-11-02-1024x717.jpg 1024w, https:\/\/www.ssaver.gob.mx\/difusion\/wp-content\/uploads\/sites\/23\/2025\/02\/PHOTO-2025-02-03-12-11-02-300x210.jpg 300w, https:\/\/www.ssaver.gob.mx\/difusion\/wp-content\/uploads\/sites\/23\/2025\/02\/PHOTO-2025-02-03-12-11-02-768x538.jpg 768w, https:\/\/www.ssaver.gob.mx\/difusion\/wp-content\/uploads\/sites\/23\/2025\/02\/PHOTO-2025-02-03-12-11-02-1536x1075.jpg 1536w, https:\/\/www.ssaver.gob.mx\/difusion\/wp-content\/uploads\/sites\/23\/2025\/02\/PHOTO-2025-02-03-12-11-02-130x90.jpg 130w, https:\/\/www.ssaver.gob.mx\/difusion\/wp-content\/uploads\/sites\/23\/2025\/02\/PHOTO-2025-02-03-12-11-02.jpg 1600w\" sizes=\"auto, (max-width: 1024px) 100vw, 1024px\" \/><\/figure>\n\n\n\n<figure class=\"wp-block-image size-large\"><img loading=\"lazy\" decoding=\"async\" width=\"1024\" height=\"805\" data-id=\"3462\" src=\"https:\/\/www.ssaver.gob.mx\/difusion\/wp-content\/uploads\/sites\/23\/2025\/02\/PHOTO-2025-02-03-12-11-03-2-1024x805.jpg\" alt=\"\" class=\"wp-image-3462\" srcset=\"https:\/\/www.ssaver.gob.mx\/difusion\/wp-content\/uploads\/sites\/23\/2025\/02\/PHOTO-2025-02-03-12-11-03-2-1024x805.jpg 1024w, https:\/\/www.ssaver.gob.mx\/difusion\/wp-content\/uploads\/sites\/23\/2025\/02\/PHOTO-2025-02-03-12-11-03-2-300x236.jpg 300w, https:\/\/www.ssaver.gob.mx\/difusion\/wp-content\/uploads\/sites\/23\/2025\/02\/PHOTO-2025-02-03-12-11-03-2-768x604.jpg 768w, https:\/\/www.ssaver.gob.mx\/difusion\/wp-content\/uploads\/sites\/23\/2025\/02\/PHOTO-2025-02-03-12-11-03-2-1536x1208.jpg 1536w, https:\/\/www.ssaver.gob.mx\/difusion\/wp-content\/uploads\/sites\/23\/2025\/02\/PHOTO-2025-02-03-12-11-03-2.jpg 1600w\" sizes=\"auto, (max-width: 1024px) 100vw, 1024px\" \/><\/figure>\n\n\n\n<figure class=\"wp-block-image size-large\"><img loading=\"lazy\" decoding=\"async\" width=\"1024\" height=\"684\" data-id=\"3464\" src=\"https:\/\/www.ssaver.gob.mx\/difusion\/wp-content\/uploads\/sites\/23\/2025\/02\/PHOTO-2025-02-03-12-11-03-3-1024x684.jpg\" alt=\"\" class=\"wp-image-3464\" srcset=\"https:\/\/www.ssaver.gob.mx\/difusion\/wp-content\/uploads\/sites\/23\/2025\/02\/PHOTO-2025-02-03-12-11-03-3-1024x684.jpg 1024w, https:\/\/www.ssaver.gob.mx\/difusion\/wp-content\/uploads\/sites\/23\/2025\/02\/PHOTO-2025-02-03-12-11-03-3-300x200.jpg 300w, https:\/\/www.ssaver.gob.mx\/difusion\/wp-content\/uploads\/sites\/23\/2025\/02\/PHOTO-2025-02-03-12-11-03-3-768x513.jpg 768w, https:\/\/www.ssaver.gob.mx\/difusion\/wp-content\/uploads\/sites\/23\/2025\/02\/PHOTO-2025-02-03-12-11-03-3-1536x1025.jpg 1536w, https:\/\/www.ssaver.gob.mx\/difusion\/wp-content\/uploads\/sites\/23\/2025\/02\/PHOTO-2025-02-03-12-11-03-3.jpg 1600w\" sizes=\"auto, (max-width: 1024px) 100vw, 1024px\" \/><\/figure>\n\n\n\n<figure class=\"wp-block-image size-large\"><img loading=\"lazy\" decoding=\"async\" width=\"1024\" height=\"723\" data-id=\"3465\" src=\"https:\/\/www.ssaver.gob.mx\/difusion\/wp-content\/uploads\/sites\/23\/2025\/02\/PHOTO-2025-02-03-12-11-03-1024x723.jpg\" alt=\"\" class=\"wp-image-3465\" srcset=\"https:\/\/www.ssaver.gob.mx\/difusion\/wp-content\/uploads\/sites\/23\/2025\/02\/PHOTO-2025-02-03-12-11-03-1024x723.jpg 1024w, https:\/\/www.ssaver.gob.mx\/difusion\/wp-content\/uploads\/sites\/23\/2025\/02\/PHOTO-2025-02-03-12-11-03-300x212.jpg 300w, https:\/\/www.ssaver.gob.mx\/difusion\/wp-content\/uploads\/sites\/23\/2025\/02\/PHOTO-2025-02-03-12-11-03-768x542.jpg 768w, https:\/\/www.ssaver.gob.mx\/difusion\/wp-content\/uploads\/sites\/23\/2025\/02\/PHOTO-2025-02-03-12-11-03-1536x1085.jpg 1536w, https:\/\/www.ssaver.gob.mx\/difusion\/wp-content\/uploads\/sites\/23\/2025\/02\/PHOTO-2025-02-03-12-11-03.jpg 1600w\" sizes=\"auto, (max-width: 1024px) 100vw, 1024px\" \/><\/figure>\n<\/figure>\n\n\n\n<p><\/p>\n","protected":false},"excerpt":{"rendered":"<p>Xalapa, Ver., lunes 03 de febrero de 2025.- Con el toque de campana en el Centro Estatal de Cancerolog\u00eda (CECAN)<\/p>\n","protected":false},"author":59,"featured_media":3466,"comment_status":"closed","ping_status":"closed","sticky":false,"template":"","format":"standard","meta":{"colormag_page_container_layout":"default_layout","colormag_page_sidebar_layout":"default_layout","footnotes":""},"categories":[119,115],"tags":[750,143,187,751,141,137],"class_list":["post-3460","post","type-post","status-publish","format-standard","has-post-thumbnail","hentry","category-comunicados","category-general","tag-apoyo-del-director-general","tag-cecan","tag-dia-mundial-contra-el-cancer","tag-juan-pablo-uribe-gonzalez","tag-salud","tag-xalapa"],"_links":{"self":[{"href":"https:\/\/www.ssaver.gob.mx\/difusion\/wp-json\/wp\/v2\/posts\/3460","targetHints":{"allow":["GET"]}}],"collection":[{"href":"https:\/\/www.ssaver.gob.mx\/difusion\/wp-json\/wp\/v2\/posts"}],"about":[{"href":"https:\/\/www.ssaver.gob.mx\/difusion\/wp-json\/wp\/v2\/types\/post"}],"author":[{"embeddable":true,"href":"https:\/\/www.ssaver.gob.mx\/difusion\/wp-json\/wp\/v2\/users\/59"}],"replies":[{"embeddable":true,"href":"https:\/\/www.ssaver.gob.mx\/difusion\/wp-json\/wp\/v2\/comments?post=3460"}],"version-history":[{"count":2,"href":"https:\/\/www.ssaver.gob.mx\/difusion\/wp-json\/wp\/v2\/posts\/3460\/revisions"}],"predecessor-version":[{"id":3471,"href":"https:\/\/www.ssaver.gob.mx\/difusion\/wp-json\/wp\/v2\/posts\/3460\/revisions\/3471"}],"wp:featuredmedia":[{"embeddable":true,"href":"https:\/\/www.ssaver.gob.mx\/difusion\/wp-json\/wp\/v2\/media\/3466"}],"wp:attachment":[{"href":"https:\/\/www.ssaver.gob.mx\/difusion\/wp-json\/wp\/v2\/media?parent=3460"}],"wp:term":[{"taxonomy":"category","embeddable":true,"href":"https:\/\/www.ssaver.gob.mx\/difusion\/wp-json\/wp\/v2\/categories?post=3460"},{"taxonomy":"post_tag","embeddable":true,"href":"https:\/\/www.ssaver.gob.mx\/difusion\/wp-json\/wp\/v2\/tags?post=3460"}],"curies":[{"name":"wp","href":"https:\/\/api.w.org\/{rel}","templated":true}]}}