{"id":3473,"date":"2025-02-03T13:07:57","date_gmt":"2025-02-03T19:07:57","guid":{"rendered":"https:\/\/www.ssaver.gob.mx\/difusion\/?p=3473"},"modified":"2025-09-11T13:44:40","modified_gmt":"2025-09-11T18:44:40","slug":"fotogaleria-karla-fernanda-testimonio-de-victoria-en-la-lucha-contra-el-cancer","status":"publish","type":"post","link":"https:\/\/www.ssaver.gob.mx\/difusion\/2025\/02\/03\/fotogaleria-karla-fernanda-testimonio-de-victoria-en-la-lucha-contra-el-cancer\/","title":{"rendered":"Fotogaler\u00eda: Karla Fernanda, testimonio de victoria en la lucha contra el c\u00e1ncer"},"content":{"rendered":"\n<div class=\"blockart-slider blockart-slider-068557bd\"><div class=\"splide\"><div class=\"splide__track\"><ul class=\"splide__list\">\n<li class=\"blockart-slide blockart-slide-7630b969 splide__slide\">\n<figure class=\"wp-block-image aligncenter size-full is-resized\"><img loading=\"lazy\" decoding=\"async\" width=\"1600\" height=\"1258\" src=\"https:\/\/www.ssaver.gob.mx\/difusion\/wp-content\/uploads\/sites\/23\/2025\/02\/01.jpg\" alt=\"\" class=\"wp-image-3475\" style=\"object-fit:contain;width:1140px;height:auto\" srcset=\"https:\/\/www.ssaver.gob.mx\/difusion\/wp-content\/uploads\/sites\/23\/2025\/02\/01.jpg 1600w, https:\/\/www.ssaver.gob.mx\/difusion\/wp-content\/uploads\/sites\/23\/2025\/02\/01-300x236.jpg 300w, https:\/\/www.ssaver.gob.mx\/difusion\/wp-content\/uploads\/sites\/23\/2025\/02\/01-1024x805.jpg 1024w, https:\/\/www.ssaver.gob.mx\/difusion\/wp-content\/uploads\/sites\/23\/2025\/02\/01-768x604.jpg 768w, https:\/\/www.ssaver.gob.mx\/difusion\/wp-content\/uploads\/sites\/23\/2025\/02\/01-1536x1208.jpg 1536w\" sizes=\"auto, (max-width: 1600px) 100vw, 1600px\" \/><figcaption class=\"wp-element-caption\">Karla Fernanda, uncaso de \u00e9xito en el CECAN: a siete a\u00f1os de su diagn\u00f3stico, recibe alta definitiva. Foto: Marco Antonio \/ Secretar\u00eda de Salud<br><\/figcaption><\/figure>\n<\/li>\n\n\n\n<li class=\"blockart-slide blockart-slide-fafd9305 splide__slide\">\n<figure class=\"wp-block-image size-large\"><img loading=\"lazy\" decoding=\"async\" width=\"1024\" height=\"788\" src=\"https:\/\/www.ssaver.gob.mx\/difusion\/wp-content\/uploads\/sites\/23\/2025\/02\/02-1024x788.jpg\" alt=\"\" class=\"wp-image-3479\" srcset=\"https:\/\/www.ssaver.gob.mx\/difusion\/wp-content\/uploads\/sites\/23\/2025\/02\/02-1024x788.jpg 1024w, https:\/\/www.ssaver.gob.mx\/difusion\/wp-content\/uploads\/sites\/23\/2025\/02\/02-300x231.jpg 300w, https:\/\/www.ssaver.gob.mx\/difusion\/wp-content\/uploads\/sites\/23\/2025\/02\/02-768x591.jpg 768w, https:\/\/www.ssaver.gob.mx\/difusion\/wp-content\/uploads\/sites\/23\/2025\/02\/02-1536x1183.jpg 1536w, https:\/\/www.ssaver.gob.mx\/difusion\/wp-content\/uploads\/sites\/23\/2025\/02\/02.jpg 1600w\" sizes=\"auto, (max-width: 1024px) 100vw, 1024px\" \/><figcaption class=\"wp-element-caption\">Con el toque de campana en el Centro Estatal de Cancerolog\u00eda (CECAN) Dr. Miguel Dorantes Mesa, Karla Fernanda Dom\u00ednguez, celebr\u00f3 su victoria contra el c\u00e1ncer, acompa\u00f1ada de su familia y del personal de la Secretar\u00eda de Salud. Foto: Marco Antonio \/ Secretar\u00eda de Salud<\/figcaption><\/figure>\n<\/li>\n\n\n\n<li class=\"blockart-slide blockart-slide-995c5003 splide__slide\">\n<figure class=\"wp-block-image size-large\"><img loading=\"lazy\" decoding=\"async\" width=\"1024\" height=\"717\" src=\"https:\/\/www.ssaver.gob.mx\/difusion\/wp-content\/uploads\/sites\/23\/2025\/02\/03-1024x717.jpg\" alt=\"\" class=\"wp-image-3478\" srcset=\"https:\/\/www.ssaver.gob.mx\/difusion\/wp-content\/uploads\/sites\/23\/2025\/02\/03-1024x717.jpg 1024w, https:\/\/www.ssaver.gob.mx\/difusion\/wp-content\/uploads\/sites\/23\/2025\/02\/03-300x210.jpg 300w, https:\/\/www.ssaver.gob.mx\/difusion\/wp-content\/uploads\/sites\/23\/2025\/02\/03-768x538.jpg 768w, https:\/\/www.ssaver.gob.mx\/difusion\/wp-content\/uploads\/sites\/23\/2025\/02\/03-1536x1075.jpg 1536w, https:\/\/www.ssaver.gob.mx\/difusion\/wp-content\/uploads\/sites\/23\/2025\/02\/03-130x90.jpg 130w, https:\/\/www.ssaver.gob.mx\/difusion\/wp-content\/uploads\/sites\/23\/2025\/02\/03.jpg 1600w\" sizes=\"auto, (max-width: 1024px) 100vw, 1024px\" \/><figcaption class=\"wp-element-caption\">Karla Fernanda agradeci\u00f3 al equipo de profesionales que estuvo siempre a su lado: \u00abGracias a ellos sigo viva\u00bb.&nbsp; Foto: Marco Antonio \/ Secretar\u00eda de Salud<\/figcaption><\/figure>\n<\/li>\n\n\n\n<li class=\"blockart-slide blockart-slide-f2e9f2ea splide__slide\">\n<figure class=\"wp-block-image size-large\"><img loading=\"lazy\" decoding=\"async\" width=\"1024\" height=\"723\" src=\"https:\/\/www.ssaver.gob.mx\/difusion\/wp-content\/uploads\/sites\/23\/2025\/02\/04-1024x723.jpg\" alt=\"\" class=\"wp-image-3477\" srcset=\"https:\/\/www.ssaver.gob.mx\/difusion\/wp-content\/uploads\/sites\/23\/2025\/02\/04-1024x723.jpg 1024w, https:\/\/www.ssaver.gob.mx\/difusion\/wp-content\/uploads\/sites\/23\/2025\/02\/04-300x212.jpg 300w, https:\/\/www.ssaver.gob.mx\/difusion\/wp-content\/uploads\/sites\/23\/2025\/02\/04-768x542.jpg 768w, https:\/\/www.ssaver.gob.mx\/difusion\/wp-content\/uploads\/sites\/23\/2025\/02\/04-1536x1085.jpg 1536w, https:\/\/www.ssaver.gob.mx\/difusion\/wp-content\/uploads\/sites\/23\/2025\/02\/04.jpg 1600w\" sizes=\"auto, (max-width: 1024px) 100vw, 1024px\" \/><figcaption class=\"wp-element-caption\">La familia de Karla Fernanda&nbsp;reconoci\u00f3 al Gobierno del Estado, encabezado por la gobernadora Roc\u00edo Nahle Garc\u00eda, por garantizar espacios dignos para el cuidado de la salud. Foto: Marco Antonio\/ Secretar\u00eda de Salud<\/figcaption><\/figure>\n<\/li>\n\n\n\n<li class=\"blockart-slide blockart-slide-986bc446 splide__slide\">\n<figure class=\"wp-block-image size-full is-resized\"><img loading=\"lazy\" decoding=\"async\" width=\"1600\" height=\"1068\" src=\"https:\/\/www.ssaver.gob.mx\/difusion\/wp-content\/uploads\/sites\/23\/2025\/02\/05.jpg\" alt=\"\" class=\"wp-image-3476\" style=\"width:1139px;height:auto\" srcset=\"https:\/\/www.ssaver.gob.mx\/difusion\/wp-content\/uploads\/sites\/23\/2025\/02\/05.jpg 1600w, https:\/\/www.ssaver.gob.mx\/difusion\/wp-content\/uploads\/sites\/23\/2025\/02\/05-300x200.jpg 300w, https:\/\/www.ssaver.gob.mx\/difusion\/wp-content\/uploads\/sites\/23\/2025\/02\/05-1024x684.jpg 1024w, https:\/\/www.ssaver.gob.mx\/difusion\/wp-content\/uploads\/sites\/23\/2025\/02\/05-768x513.jpg 768w, https:\/\/www.ssaver.gob.mx\/difusion\/wp-content\/uploads\/sites\/23\/2025\/02\/05-1536x1025.jpg 1536w\" sizes=\"auto, (max-width: 1600px) 100vw, 1600px\" \/><figcaption class=\"wp-element-caption\">Este martes 4 de febrero se conmemora el D\u00eda Mundial contra el C\u00e1ncer, la Secretar\u00eda de Salud concientiza a la poblaci\u00f3n sobre este padecimiento.<\/figcaption><\/figure>\n<\/li>\n<\/ul><\/div><div class=\"splide__arrows\"><div role=\"button\" class=\"splide__arrow splide__arrow--prev\"><\/div><div role=\"button\" class=\"splide__arrow splide__arrow--next\"><\/div><\/div><\/div><\/div>\n","protected":false},"excerpt":{"rendered":"","protected":false},"author":3,"featured_media":3479,"comment_status":"closed","ping_status":"closed","sticky":false,"template":"","format":"standard","meta":{"colormag_page_container_layout":"default_layout","colormag_page_sidebar_layout":"default_layout","footnotes":""},"categories":[120,115],"tags":[750,124,751,181,141,182,142],"class_list":["post-3473","post","type-post","status-publish","format-standard","has-post-thumbnail","hentry","category-galeria-de-la-salud","category-general","tag-apoyo-del-director-general","tag-fotogaleria","tag-juan-pablo-uribe-gonzalez","tag-la-candelaria","tag-salud","tag-tlacotalpan","tag-veracruz"],"_links":{"self":[{"href":"https:\/\/www.ssaver.gob.mx\/difusion\/wp-json\/wp\/v2\/posts\/3473","targetHints":{"allow":["GET"]}}],"collection":[{"href":"https:\/\/www.ssaver.gob.mx\/difusion\/wp-json\/wp\/v2\/posts"}],"about":[{"href":"https:\/\/www.ssaver.gob.mx\/difusion\/wp-json\/wp\/v2\/types\/post"}],"author":[{"embeddable":true,"href":"https:\/\/www.ssaver.gob.mx\/difusion\/wp-json\/wp\/v2\/users\/3"}],"replies":[{"embeddable":true,"href":"https:\/\/www.ssaver.gob.mx\/difusion\/wp-json\/wp\/v2\/comments?post=3473"}],"version-history":[{"count":8,"href":"https:\/\/www.ssaver.gob.mx\/difusion\/wp-json\/wp\/v2\/posts\/3473\/revisions"}],"predecessor-version":[{"id":4387,"href":"https:\/\/www.ssaver.gob.mx\/difusion\/wp-json\/wp\/v2\/posts\/3473\/revisions\/4387"}],"wp:featuredmedia":[{"embeddable":true,"href":"https:\/\/www.ssaver.gob.mx\/difusion\/wp-json\/wp\/v2\/media\/3479"}],"wp:attachment":[{"href":"https:\/\/www.ssaver.gob.mx\/difusion\/wp-json\/wp\/v2\/media?parent=3473"}],"wp:term":[{"taxonomy":"category","embeddable":true,"href":"https:\/\/www.ssaver.gob.mx\/difusion\/wp-json\/wp\/v2\/categories?post=3473"},{"taxonomy":"post_tag","embeddable":true,"href":"https:\/\/www.ssaver.gob.mx\/difusion\/wp-json\/wp\/v2\/tags?post=3473"}],"curies":[{"name":"wp","href":"https:\/\/api.w.org\/{rel}","templated":true}]}}