{"id":3562,"date":"2025-02-06T11:49:50","date_gmt":"2025-02-06T17:49:50","guid":{"rendered":"https:\/\/www.ssaver.gob.mx\/difusion\/?p=3562"},"modified":"2025-09-11T13:43:43","modified_gmt":"2025-09-11T18:43:43","slug":"veracruz-hace-historia-con-cirugia-fetal","status":"publish","type":"post","link":"https:\/\/www.ssaver.gob.mx\/difusion\/2025\/02\/06\/veracruz-hace-historia-con-cirugia-fetal\/","title":{"rendered":"Veracruz hace historia: realizan con \u00e9xito la primera cirug\u00eda fetal en hospital p\u00fablico"},"content":{"rendered":"\n<p class=\"blockart-paragraph blockart-paragraph-28cc75d6\"><strong>Veracruz hace historia: realizan con \u00e9xito la primera cirug\u00eda fetal en hospital p\u00fablico<\/strong><\/p>\n\n\n\n<p class=\"blockart-paragraph blockart-paragraph-20f8a4cc\">&#8211; En el CAE operan con \u00e9xito a beb\u00e9 con espina b\u00edfida antes de nacer<br><\/p>\n\n\n\n<p>Xalapa, Ver., jueves 06 de febrero de 2025.\u2013 Gracias a un diagn\u00f3stico oportuno en atenci\u00f3n primaria, especialistas del Centro de Alta Especialidad (CAE) Dr. Rafael Lucio realizaron con \u00e9xito la primera cirug\u00eda fetal en Veracruz, interviniendo a una paciente con 26.2 semanas de gestaci\u00f3n para corregir un caso de mielomeningocele (espina b\u00edfida).<\/p>\n\n\n\n<p>La paciente, Mar\u00eda Guadalupe Espinoza Hern\u00e1ndez, de 33 a\u00f1os y originaria de Las Vigas de Ram\u00edrez, fue referida al CAE, donde se confirm\u00f3 la malformaci\u00f3n fetal y se le brind\u00f3 informaci\u00f3n sobre la posibilidad de una intervenci\u00f3n quir\u00fargica.<\/p>\n\n\n\n<p>Paralelamente, recibi\u00f3 atenci\u00f3n en la consulta de embarazo de alto riesgo y fue monitoreada por especialistas en neurolog\u00eda debido a su diagn\u00f3stico de epilepsia.<\/p>\n\n\n\n<p>\u201cLa cirug\u00eda fetal tiene distintos objetivos, como tratamiento, prevenci\u00f3n y paliaci\u00f3n. No todas las pacientes son candidatas, ya que deben cumplir criterios m\u00e9dicos y quir\u00fargicos muy espec\u00edficos\u201d, explic\u00f3 la jefa del Servicio de Ginecolog\u00eda del CAE, Berenice Venegas Espinoza.<\/p>\n\n\n\n<p>En tanto la subespecialista en Medicina Materno-Fetal, Am\u00e9rica P\u00e9rez, destac\u00f3 la importancia del diagn\u00f3stico temprano. \u201cEste caso se identific\u00f3 en el primer trimestre, entre las semanas 11 y 13, periodo clave para la detecci\u00f3n de malformaciones cong\u00e9nitas y la toma de decisiones m\u00e9dicas oportunas\u201d.<\/p>\n\n\n\n<p>A nivel institucional, la cirug\u00eda fetal no es com\u00fan en M\u00e9xico debido a su alto costo, en Veracruz, se llev\u00f3 a cabo por primera vez en un hospital p\u00fablico gracias al apoyo de la Secretar\u00eda de Salud, la infraestructura hospitalaria y el equipo de especialistas del CAE.<\/p>\n\n\n\n<p>\u201cGracias a Dios todo sali\u00f3 bien, espero que m\u00e1s mujeres tengan acceso a este tipo de atenci\u00f3n, porque es un procedimiento muy caro y aqu\u00ed me lo brindaron sin costo\u201d, expres\u00f3 Mar\u00eda Guadalupe, quien se encuentra en recuperaci\u00f3n en el \u00e1rea de Gineco-Obstetricia.<\/p>\n\n\n\n<p><\/p>\n\n\n\n<p><\/p>\n\n\n\n<figure class=\"wp-block-gallery has-nested-images columns-default is-cropped wp-block-gallery-1 is-layout-flex wp-block-gallery-is-layout-flex\">\n<figure class=\"wp-block-image size-large\"><img loading=\"lazy\" decoding=\"async\" width=\"1024\" height=\"569\" data-id=\"3564\" src=\"https:\/\/www.ssaver.gob.mx\/difusion\/wp-content\/uploads\/sites\/23\/2025\/02\/1-1-1024x569.jpg\" alt=\"\" class=\"wp-image-3564\" srcset=\"https:\/\/www.ssaver.gob.mx\/difusion\/wp-content\/uploads\/sites\/23\/2025\/02\/1-1-1024x569.jpg 1024w, https:\/\/www.ssaver.gob.mx\/difusion\/wp-content\/uploads\/sites\/23\/2025\/02\/1-1-300x167.jpg 300w, https:\/\/www.ssaver.gob.mx\/difusion\/wp-content\/uploads\/sites\/23\/2025\/02\/1-1-768x427.jpg 768w, https:\/\/www.ssaver.gob.mx\/difusion\/wp-content\/uploads\/sites\/23\/2025\/02\/1-1-1536x854.jpg 1536w, https:\/\/www.ssaver.gob.mx\/difusion\/wp-content\/uploads\/sites\/23\/2025\/02\/1-1-2048x1139.jpg 2048w, https:\/\/www.ssaver.gob.mx\/difusion\/wp-content\/uploads\/sites\/23\/2025\/02\/1-1-800x445.jpg 800w\" sizes=\"auto, (max-width: 1024px) 100vw, 1024px\" \/><\/figure>\n\n\n\n<figure class=\"wp-block-image size-large\"><img loading=\"lazy\" decoding=\"async\" width=\"1024\" height=\"682\" data-id=\"3567\" src=\"https:\/\/www.ssaver.gob.mx\/difusion\/wp-content\/uploads\/sites\/23\/2025\/02\/2-1-1024x682.jpg\" alt=\"\" class=\"wp-image-3567\" srcset=\"https:\/\/www.ssaver.gob.mx\/difusion\/wp-content\/uploads\/sites\/23\/2025\/02\/2-1-1024x682.jpg 1024w, https:\/\/www.ssaver.gob.mx\/difusion\/wp-content\/uploads\/sites\/23\/2025\/02\/2-1-300x200.jpg 300w, https:\/\/www.ssaver.gob.mx\/difusion\/wp-content\/uploads\/sites\/23\/2025\/02\/2-1-768x512.jpg 768w, https:\/\/www.ssaver.gob.mx\/difusion\/wp-content\/uploads\/sites\/23\/2025\/02\/2-1.jpg 1280w\" sizes=\"auto, (max-width: 1024px) 100vw, 1024px\" \/><\/figure>\n\n\n\n<figure class=\"wp-block-image size-large\"><img loading=\"lazy\" decoding=\"async\" width=\"768\" height=\"1024\" data-id=\"3565\" src=\"https:\/\/www.ssaver.gob.mx\/difusion\/wp-content\/uploads\/sites\/23\/2025\/02\/3-768x1024.jpg\" alt=\"\" class=\"wp-image-3565\" srcset=\"https:\/\/www.ssaver.gob.mx\/difusion\/wp-content\/uploads\/sites\/23\/2025\/02\/3-768x1024.jpg 768w, https:\/\/www.ssaver.gob.mx\/difusion\/wp-content\/uploads\/sites\/23\/2025\/02\/3-225x300.jpg 225w, https:\/\/www.ssaver.gob.mx\/difusion\/wp-content\/uploads\/sites\/23\/2025\/02\/3-1152x1536.jpg 1152w, https:\/\/www.ssaver.gob.mx\/difusion\/wp-content\/uploads\/sites\/23\/2025\/02\/3.jpg 1200w\" sizes=\"auto, (max-width: 768px) 100vw, 768px\" \/><\/figure>\n\n\n\n<figure class=\"wp-block-image size-large\"><img loading=\"lazy\" decoding=\"async\" width=\"1024\" height=\"569\" data-id=\"3563\" src=\"https:\/\/www.ssaver.gob.mx\/difusion\/wp-content\/uploads\/sites\/23\/2025\/02\/4CIRUGIA-FETAL-1024x569.jpg\" alt=\"\" class=\"wp-image-3563\" srcset=\"https:\/\/www.ssaver.gob.mx\/difusion\/wp-content\/uploads\/sites\/23\/2025\/02\/4CIRUGIA-FETAL-1024x569.jpg 1024w, https:\/\/www.ssaver.gob.mx\/difusion\/wp-content\/uploads\/sites\/23\/2025\/02\/4CIRUGIA-FETAL-300x167.jpg 300w, https:\/\/www.ssaver.gob.mx\/difusion\/wp-content\/uploads\/sites\/23\/2025\/02\/4CIRUGIA-FETAL-768x427.jpg 768w, https:\/\/www.ssaver.gob.mx\/difusion\/wp-content\/uploads\/sites\/23\/2025\/02\/4CIRUGIA-FETAL-1536x854.jpg 1536w, https:\/\/www.ssaver.gob.mx\/difusion\/wp-content\/uploads\/sites\/23\/2025\/02\/4CIRUGIA-FETAL-2048x1139.jpg 2048w, https:\/\/www.ssaver.gob.mx\/difusion\/wp-content\/uploads\/sites\/23\/2025\/02\/4CIRUGIA-FETAL-800x445.jpg 800w\" sizes=\"auto, (max-width: 1024px) 100vw, 1024px\" \/><\/figure>\n\n\n\n<figure class=\"wp-block-image size-large\"><img loading=\"lazy\" decoding=\"async\" width=\"792\" height=\"1024\" data-id=\"3566\" src=\"https:\/\/www.ssaver.gob.mx\/difusion\/wp-content\/uploads\/sites\/23\/2025\/02\/5-792x1024.jpg\" alt=\"\" class=\"wp-image-3566\" srcset=\"https:\/\/www.ssaver.gob.mx\/difusion\/wp-content\/uploads\/sites\/23\/2025\/02\/5-792x1024.jpg 792w, https:\/\/www.ssaver.gob.mx\/difusion\/wp-content\/uploads\/sites\/23\/2025\/02\/5-232x300.jpg 232w, https:\/\/www.ssaver.gob.mx\/difusion\/wp-content\/uploads\/sites\/23\/2025\/02\/5-768x992.jpg 768w, https:\/\/www.ssaver.gob.mx\/difusion\/wp-content\/uploads\/sites\/23\/2025\/02\/5.jpg 900w\" sizes=\"auto, (max-width: 792px) 100vw, 792px\" \/><\/figure>\n\n\n\n<figure class=\"wp-block-image size-large\"><img loading=\"lazy\" decoding=\"async\" width=\"1024\" height=\"683\" data-id=\"3568\" src=\"https:\/\/www.ssaver.gob.mx\/difusion\/wp-content\/uploads\/sites\/23\/2025\/02\/6-1024x683.jpg\" alt=\"\" class=\"wp-image-3568\" srcset=\"https:\/\/www.ssaver.gob.mx\/difusion\/wp-content\/uploads\/sites\/23\/2025\/02\/6-1024x683.jpg 1024w, https:\/\/www.ssaver.gob.mx\/difusion\/wp-content\/uploads\/sites\/23\/2025\/02\/6-300x200.jpg 300w, https:\/\/www.ssaver.gob.mx\/difusion\/wp-content\/uploads\/sites\/23\/2025\/02\/6-768x512.jpg 768w, https:\/\/www.ssaver.gob.mx\/difusion\/wp-content\/uploads\/sites\/23\/2025\/02\/6.jpg 1280w\" sizes=\"auto, (max-width: 1024px) 100vw, 1024px\" \/><\/figure>\n<\/figure>\n\n\n\n<p><\/p>\n","protected":false},"excerpt":{"rendered":"<p>Xalapa, Ver., jueves 06 de febrero de 2025.\u2013 Gracias a un diagn\u00f3stico oportuno en atenci\u00f3n primaria, especialistas del Centro de<\/p>\n","protected":false},"author":59,"featured_media":3563,"comment_status":"closed","ping_status":"closed","sticky":false,"template":"","format":"standard","meta":{"colormag_page_container_layout":"default_layout","colormag_page_sidebar_layout":"default_layout","footnotes":""},"categories":[119,115],"tags":[750,149,192,195,193,751,194,141,137],"class_list":["post-3562","post","type-post","status-publish","format-standard","has-post-thumbnail","hentry","category-comunicados","category-general","tag-apoyo-del-director-general","tag-bebes","tag-cae-xalapa","tag-centro-de-alta-especialidad-rafael-lucio","tag-cirugia-fetal","tag-juan-pablo-uribe-gonzalez","tag-maternidad","tag-salud","tag-xalapa"],"_links":{"self":[{"href":"https:\/\/www.ssaver.gob.mx\/difusion\/wp-json\/wp\/v2\/posts\/3562","targetHints":{"allow":["GET"]}}],"collection":[{"href":"https:\/\/www.ssaver.gob.mx\/difusion\/wp-json\/wp\/v2\/posts"}],"about":[{"href":"https:\/\/www.ssaver.gob.mx\/difusion\/wp-json\/wp\/v2\/types\/post"}],"author":[{"embeddable":true,"href":"https:\/\/www.ssaver.gob.mx\/difusion\/wp-json\/wp\/v2\/users\/59"}],"replies":[{"embeddable":true,"href":"https:\/\/www.ssaver.gob.mx\/difusion\/wp-json\/wp\/v2\/comments?post=3562"}],"version-history":[{"count":2,"href":"https:\/\/www.ssaver.gob.mx\/difusion\/wp-json\/wp\/v2\/posts\/3562\/revisions"}],"predecessor-version":[{"id":3570,"href":"https:\/\/www.ssaver.gob.mx\/difusion\/wp-json\/wp\/v2\/posts\/3562\/revisions\/3570"}],"wp:featuredmedia":[{"embeddable":true,"href":"https:\/\/www.ssaver.gob.mx\/difusion\/wp-json\/wp\/v2\/media\/3563"}],"wp:attachment":[{"href":"https:\/\/www.ssaver.gob.mx\/difusion\/wp-json\/wp\/v2\/media?parent=3562"}],"wp:term":[{"taxonomy":"category","embeddable":true,"href":"https:\/\/www.ssaver.gob.mx\/difusion\/wp-json\/wp\/v2\/categories?post=3562"},{"taxonomy":"post_tag","embeddable":true,"href":"https:\/\/www.ssaver.gob.mx\/difusion\/wp-json\/wp\/v2\/tags?post=3562"}],"curies":[{"name":"wp","href":"https:\/\/api.w.org\/{rel}","templated":true}]}}