{"id":3631,"date":"2025-02-15T09:06:48","date_gmt":"2025-02-15T15:06:48","guid":{"rendered":"https:\/\/www.ssaver.gob.mx\/difusion\/?p=3631"},"modified":"2025-09-11T13:48:28","modified_gmt":"2025-09-11T18:48:28","slug":"heroes-de-capa-blanca-combaten-al-cancer","status":"publish","type":"post","link":"https:\/\/www.ssaver.gob.mx\/difusion\/2025\/02\/15\/heroes-de-capa-blanca-combaten-al-cancer\/","title":{"rendered":"H\u00e9roes de capa blanca que combaten al c\u00e1ncer infantil en Veracruz"},"content":{"rendered":"\n<p class=\"blockart-paragraph blockart-paragraph-59e04044\"><strong><strong>H\u00e9roes de capa blanca que combaten al c\u00e1ncer infantil en Veracruz<\/strong><br>\u00a0<\/strong><\/p>\n\n\n\n<p class=\"blockart-paragraph blockart-paragraph-7f569432\">-\u00a1Familiares del paciente de la cama cuatro!- se escucha a las afueras del CECAN, las personas alrededor replican el llamado, hasta que una mujer mayor se acerca a la puerta del hospital, inicia su traves\u00eda en este hospital.<br><\/p>\n\n\n\n<figure class=\"wp-block-image size-large\"><img loading=\"lazy\" decoding=\"async\" width=\"1024\" height=\"569\" src=\"https:\/\/www.ssaver.gob.mx\/difusion\/wp-content\/uploads\/sites\/23\/2025\/02\/RETRATOS-2-1024x569.jpg\" alt=\"\" class=\"wp-image-3694\" srcset=\"https:\/\/www.ssaver.gob.mx\/difusion\/wp-content\/uploads\/sites\/23\/2025\/02\/RETRATOS-2-1024x569.jpg 1024w, https:\/\/www.ssaver.gob.mx\/difusion\/wp-content\/uploads\/sites\/23\/2025\/02\/RETRATOS-2-300x167.jpg 300w, https:\/\/www.ssaver.gob.mx\/difusion\/wp-content\/uploads\/sites\/23\/2025\/02\/RETRATOS-2-768x427.jpg 768w, https:\/\/www.ssaver.gob.mx\/difusion\/wp-content\/uploads\/sites\/23\/2025\/02\/RETRATOS-2-1536x854.jpg 1536w, https:\/\/www.ssaver.gob.mx\/difusion\/wp-content\/uploads\/sites\/23\/2025\/02\/RETRATOS-2-2048x1139.jpg 2048w, https:\/\/www.ssaver.gob.mx\/difusion\/wp-content\/uploads\/sites\/23\/2025\/02\/RETRATOS-2-800x445.jpg 800w\" sizes=\"auto, (max-width: 1024px) 100vw, 1024px\" \/><\/figure>\n\n\n\n<hr class=\"wp-block-separator has-alpha-channel-opacity is-style-wide\" \/>\n\n\n\n<p>Xalapa, Ver., 15 de febrero de 2025 &#8211; Amanece en Xalapa, con el bullicio del tr\u00e1fico vial, la ciudad veracruzana comienza a despertar; los sue\u00f1os nocturnos se desvanecen y el d\u00eda comienza a transcurrir. Pero en una ciudad que dorm\u00eda, no todos logran conciliar el sue\u00f1o, no todos pueden permitirse el descanso, no en el Centro Estatal de Cancerolog\u00eda \u201cDr. Miguel Dorantes Mesa\u201d (CECAN), de la Secretar\u00eda de Salud.<\/p>\n\n\n\n<p>Al interior del hospital, la vida lucha a contrarreloj para combatir a ese enemigo en com\u00fan. Aqu\u00ed, el d\u00eda no inicia con el sonido del despertador, sino con el murmullo de especialistas que se preparan para otra jornada, porque en este hospital, la batalla nunca se detiene y menos cuando se trata de ni\u00f1os con c\u00e1ncer.<\/p>\n\n\n\n<p>En el CECAN, cada especialista se convierte en un guerrero veracruzano en la lucha contra el c\u00e1ncer infantil. Detr\u00e1s de cada historia hay un equipo de h\u00e9roes an\u00f3nimos; saben que cada ni\u00f1o que cruza sus puertas necesita atenci\u00f3n m\u00e9dica, pero tambi\u00e9n un entorno de amor y esperanza, y que no descansan hasta verlos sonre\u00edr de nuevo.<\/p>\n\n\n\n<p>La instrucci\u00f3n de la gobernadora del estado, ingeniera Norma Roc\u00eda Nahle Garc\u00eda, es clara, la salud de las y los veracruzanos es primordial, y por amor a Veracruz, todo ni\u00f1o y ni\u00f1a tiene garantizados sus tratamientos, de la mano de equipos multidisciplinarios que d\u00eda y noche entregan su trabajo en favor de los peque\u00f1os pacientes.<\/p>\n\n\n\n<p>Al dar las siete de la ma\u00f1ana, se abre la puerta principal de entrada del CECAN. Pacientes y familiares formados en la caseta de entrada se preparan para ingresar, guardias de seguridad toman los datos de cada uno y siguen su camino.<\/p>\n\n\n\n<p>Los rostros de quienes llegan a esta unidad de especialidad, contienen historias de esperanza y confianza, depositadas en los h\u00e9roes silenciosos del CECAN, que con esfuerzo diario se convierten en s\u00edmbolos de amor y vocaci\u00f3n de servicio, con la misi\u00f3n de salvar vidas; los m\u00e1s peque\u00f1os, los ni\u00f1os, son quienes mayores retos representan a su tarea.<\/p>\n\n\n\n<p><\/p>\n\n\n\n<hr class=\"wp-block-separator has-alpha-channel-opacity is-style-wide\" \/>\n\n\n\n<hr class=\"wp-block-separator has-alpha-channel-opacity\" \/>\n\n\n\n<p class=\"has-white-color has-text-color has-background has-link-color wp-elements-d1c655f59c919c998642a83d67116a38\" style=\"background-color:#8f0c0c;font-size:20px\">\u00abCicatrices de guerra\u00bb: testimonios de lucha y recuperaci\u00f3n<\/p>\n\n\n\n<p><\/p>\n\n\n\n<figure class=\"wp-block-image size-large\"><img loading=\"lazy\" decoding=\"async\" width=\"1024\" height=\"616\" src=\"https:\/\/www.ssaver.gob.mx\/difusion\/wp-content\/uploads\/sites\/23\/2025\/02\/Captura-de-pantalla-2025-02-14-a-las-1.58.13\u202fp.m-1024x616.png\" alt=\"\" class=\"wp-image-3755\" srcset=\"https:\/\/www.ssaver.gob.mx\/difusion\/wp-content\/uploads\/sites\/23\/2025\/02\/Captura-de-pantalla-2025-02-14-a-las-1.58.13\u202fp.m-1024x616.png 1024w, https:\/\/www.ssaver.gob.mx\/difusion\/wp-content\/uploads\/sites\/23\/2025\/02\/Captura-de-pantalla-2025-02-14-a-las-1.58.13\u202fp.m-300x180.png 300w, https:\/\/www.ssaver.gob.mx\/difusion\/wp-content\/uploads\/sites\/23\/2025\/02\/Captura-de-pantalla-2025-02-14-a-las-1.58.13\u202fp.m-768x462.png 768w, https:\/\/www.ssaver.gob.mx\/difusion\/wp-content\/uploads\/sites\/23\/2025\/02\/Captura-de-pantalla-2025-02-14-a-las-1.58.13\u202fp.m.png 1280w\" sizes=\"auto, (max-width: 1024px) 100vw, 1024px\" \/><\/figure>\n\n\n\n<hr class=\"wp-block-separator has-alpha-channel-opacity is-style-wide\" \/>\n\n\n\n<figure class=\"wp-block-gallery has-nested-images columns-default is-cropped wp-block-gallery-1 is-layout-flex wp-block-gallery-is-layout-flex\">\n<figure class=\"wp-block-image size-large\"><img loading=\"lazy\" decoding=\"async\" width=\"960\" height=\"640\" data-id=\"3696\" src=\"https:\/\/www.ssaver.gob.mx\/difusion\/wp-content\/uploads\/sites\/23\/2025\/02\/JOSE-10.jpg\" alt=\"\" class=\"wp-image-3696\" srcset=\"https:\/\/www.ssaver.gob.mx\/difusion\/wp-content\/uploads\/sites\/23\/2025\/02\/JOSE-10.jpg 960w, https:\/\/www.ssaver.gob.mx\/difusion\/wp-content\/uploads\/sites\/23\/2025\/02\/JOSE-10-300x200.jpg 300w, https:\/\/www.ssaver.gob.mx\/difusion\/wp-content\/uploads\/sites\/23\/2025\/02\/JOSE-10-768x512.jpg 768w\" sizes=\"auto, (max-width: 960px) 100vw, 960px\" \/><\/figure>\n<\/figure>\n\n\n\n<div style=\"height:15px\" aria-hidden=\"true\" class=\"wp-block-spacer\"><\/div>\n\n\n\n<div class=\"wp-block-columns is-layout-flex wp-container-core-columns-is-layout-28f84493 wp-block-columns-is-layout-flex\">\n<div class=\"wp-block-column is-vertically-aligned-center is-layout-flow wp-block-column-is-layout-flow\" style=\"flex-basis:65%\">\n<p class=\"has-text-align-center\">Caminando por los pasillos del CECAN, el doctor Jos\u00e9 de Jes\u00fas Loeza Oliva, mejor conocido como \u201cPepe Luche\u201d, no olvida la primera vez que lleg\u00f3 a este hospital hace 12 a\u00f1os; con mirada pensativa, el onc\u00f3logo y trasplant\u00f3logo pediatra, trae al presente el recuerdo de querer curar a todo paciente infantil diagnosticado con c\u00e1ncer que ha atendido. \u201cPlaticar con ellos te cambia la vida, uno piensa ense\u00f1arles a vivir, cambi\u00e9 mi chip, ellos me ense\u00f1an a vivir..<\/p>\n\n\n\n<p>Hay cicatrices buenas y malas, yo digo que son cicatrices de guerra, que te hacen seguir adelante\u201d, comparte con una sonrisa y visiblemente conmovido, asegurando que en el hospital los pacientes peque\u00f1itos, en especial, siempre tendr\u00e1n un trato de calidad y calidez.<\/p>\n<\/div>\n\n\n\n<div class=\"wp-block-column is-layout-flow wp-block-column-is-layout-flow\" style=\"flex-basis:66.66%\">\n<figure class=\"wp-block-image aligncenter size-large\" style=\"margin-top:6.1rem;margin-bottom:6.1rem\"><img loading=\"lazy\" decoding=\"async\" width=\"1024\" height=\"683\" src=\"https:\/\/www.ssaver.gob.mx\/difusion\/wp-content\/uploads\/sites\/23\/2025\/02\/JOSE-9-1-1024x683.jpg\" alt=\"\" class=\"wp-image-3717\" srcset=\"https:\/\/www.ssaver.gob.mx\/difusion\/wp-content\/uploads\/sites\/23\/2025\/02\/JOSE-9-1-1024x683.jpg 1024w, https:\/\/www.ssaver.gob.mx\/difusion\/wp-content\/uploads\/sites\/23\/2025\/02\/JOSE-9-1-300x200.jpg 300w, https:\/\/www.ssaver.gob.mx\/difusion\/wp-content\/uploads\/sites\/23\/2025\/02\/JOSE-9-1-768x512.jpg 768w, https:\/\/www.ssaver.gob.mx\/difusion\/wp-content\/uploads\/sites\/23\/2025\/02\/JOSE-9-1-1536x1024.jpg 1536w, https:\/\/www.ssaver.gob.mx\/difusion\/wp-content\/uploads\/sites\/23\/2025\/02\/JOSE-9-1-2048x1366.jpg 2048w\" sizes=\"auto, (max-width: 1024px) 100vw, 1024px\" \/><\/figure>\n<\/div>\n<\/div>\n\n\n\n<div style=\"height:15px\" aria-hidden=\"true\" class=\"wp-block-spacer\"><\/div>\n\n\n\n<p class=\"has-white-color has-text-color has-background has-link-color wp-elements-b9629e6111f435c225cf6301ba514ba6\" style=\"background-color:#8f0c0c;font-size:20px\">Una labor que siempre deja huella<\/p>\n\n\n\n<div class=\"wp-block-group is-nowrap is-layout-flex wp-container-core-group-is-layout-6c531013 wp-block-group-is-layout-flex\">\n<div class=\"wp-block-group is-nowrap is-layout-flex wp-container-core-group-is-layout-6c531013 wp-block-group-is-layout-flex\">\n<div class=\"wp-block-group is-content-justification-center is-nowrap is-layout-flex wp-container-core-group-is-layout-23441af8 wp-block-group-is-layout-flex\">\n<p class=\"has-text-align-left\">\u00d3scar Ren\u00e9 Carmona Mora es enfermero pediatra, est\u00e1 seguro que su misi\u00f3n va m\u00e1s all\u00e1 de administrar medicamentos. \u201cEstamos a pie de cama, somos los primeros en notar cambios, en calmar miedos, en dar \u00e1nimo\u201d, explica mientras se coloca una bata m\u00e9dica; en el \u00e1rea de aislados hay un paciente que requiere su atenci\u00f3n.<\/p>\n\n\n\n<p class=\"has-text-align-left\">Los ni\u00f1os, con su sinceridad y espontaneidad han sido su mayor escuela, se han convertido en amigos de lucha cuando logra hacer \u201cclic\u201d con ellos. \u201cHay veces en que no quieren hablar, ah\u00ed es donde entra nuestra labor: sonre\u00edrles, encontrar la forma de ganarnos su confianza, aunque no siempre lo notemos, nuestro trabajo deja huella\u201d.<\/p>\n<\/div>\n<\/div>\n<\/div>\n\n\n\n<hr class=\"wp-block-separator has-alpha-channel-opacity\" \/>\n\n\n\n<figure class=\"wp-block-image size-full\"><img loading=\"lazy\" decoding=\"async\" width=\"1922\" height=\"1166\" src=\"https:\/\/www.ssaver.gob.mx\/difusion\/wp-content\/uploads\/sites\/23\/2025\/02\/Captura-de-pantalla-2025-02-19-a-las-3.12.05\u202fp.m.png\" alt=\"\" class=\"wp-image-3843\" srcset=\"https:\/\/www.ssaver.gob.mx\/difusion\/wp-content\/uploads\/sites\/23\/2025\/02\/Captura-de-pantalla-2025-02-19-a-las-3.12.05\u202fp.m.png 1922w, https:\/\/www.ssaver.gob.mx\/difusion\/wp-content\/uploads\/sites\/23\/2025\/02\/Captura-de-pantalla-2025-02-19-a-las-3.12.05\u202fp.m-300x182.png 300w, https:\/\/www.ssaver.gob.mx\/difusion\/wp-content\/uploads\/sites\/23\/2025\/02\/Captura-de-pantalla-2025-02-19-a-las-3.12.05\u202fp.m-1024x621.png 1024w, https:\/\/www.ssaver.gob.mx\/difusion\/wp-content\/uploads\/sites\/23\/2025\/02\/Captura-de-pantalla-2025-02-19-a-las-3.12.05\u202fp.m-768x466.png 768w, https:\/\/www.ssaver.gob.mx\/difusion\/wp-content\/uploads\/sites\/23\/2025\/02\/Captura-de-pantalla-2025-02-19-a-las-3.12.05\u202fp.m-1536x932.png 1536w\" sizes=\"auto, (max-width: 1922px) 100vw, 1922px\" \/><\/figure>\n\n\n\n<hr class=\"wp-block-separator has-alpha-channel-opacity\" \/>\n\n\n\n<p><\/p>\n\n\n\n<figure class=\"wp-block-gallery has-nested-images columns-default is-cropped wp-block-gallery-2 is-layout-flex wp-block-gallery-is-layout-flex\">\n<figure class=\"wp-block-image size-large\"><img loading=\"lazy\" decoding=\"async\" width=\"1024\" height=\"683\" data-id=\"3700\" src=\"https:\/\/www.ssaver.gob.mx\/difusion\/wp-content\/uploads\/sites\/23\/2025\/02\/RENE-2-1024x683.jpg\" alt=\"\" class=\"wp-image-3700\" srcset=\"https:\/\/www.ssaver.gob.mx\/difusion\/wp-content\/uploads\/sites\/23\/2025\/02\/RENE-2-1024x683.jpg 1024w, https:\/\/www.ssaver.gob.mx\/difusion\/wp-content\/uploads\/sites\/23\/2025\/02\/RENE-2-300x200.jpg 300w, https:\/\/www.ssaver.gob.mx\/difusion\/wp-content\/uploads\/sites\/23\/2025\/02\/RENE-2-768x512.jpg 768w, https:\/\/www.ssaver.gob.mx\/difusion\/wp-content\/uploads\/sites\/23\/2025\/02\/RENE-2-1536x1024.jpg 1536w, https:\/\/www.ssaver.gob.mx\/difusion\/wp-content\/uploads\/sites\/23\/2025\/02\/RENE-2-2048x1365.jpg 2048w\" sizes=\"auto, (max-width: 1024px) 100vw, 1024px\" \/><\/figure>\n\n\n\n<figure class=\"wp-block-image size-large\"><img loading=\"lazy\" decoding=\"async\" width=\"1024\" height=\"683\" data-id=\"3702\" src=\"https:\/\/www.ssaver.gob.mx\/difusion\/wp-content\/uploads\/sites\/23\/2025\/02\/RENE-3-1024x683.jpg\" alt=\"\" class=\"wp-image-3702\" srcset=\"https:\/\/www.ssaver.gob.mx\/difusion\/wp-content\/uploads\/sites\/23\/2025\/02\/RENE-3-1024x683.jpg 1024w, https:\/\/www.ssaver.gob.mx\/difusion\/wp-content\/uploads\/sites\/23\/2025\/02\/RENE-3-300x200.jpg 300w, https:\/\/www.ssaver.gob.mx\/difusion\/wp-content\/uploads\/sites\/23\/2025\/02\/RENE-3-768x512.jpg 768w, https:\/\/www.ssaver.gob.mx\/difusion\/wp-content\/uploads\/sites\/23\/2025\/02\/RENE-3-1536x1024.jpg 1536w, https:\/\/www.ssaver.gob.mx\/difusion\/wp-content\/uploads\/sites\/23\/2025\/02\/RENE-3-2048x1365.jpg 2048w\" sizes=\"auto, (max-width: 1024px) 100vw, 1024px\" \/><\/figure>\n\n\n\n<figure class=\"wp-block-image size-large\"><img loading=\"lazy\" decoding=\"async\" width=\"1024\" height=\"683\" data-id=\"3701\" src=\"https:\/\/www.ssaver.gob.mx\/difusion\/wp-content\/uploads\/sites\/23\/2025\/02\/RENE-4-1024x683.jpg\" alt=\"\" class=\"wp-image-3701\" srcset=\"https:\/\/www.ssaver.gob.mx\/difusion\/wp-content\/uploads\/sites\/23\/2025\/02\/RENE-4-1024x683.jpg 1024w, https:\/\/www.ssaver.gob.mx\/difusion\/wp-content\/uploads\/sites\/23\/2025\/02\/RENE-4-300x200.jpg 300w, https:\/\/www.ssaver.gob.mx\/difusion\/wp-content\/uploads\/sites\/23\/2025\/02\/RENE-4-768x512.jpg 768w, https:\/\/www.ssaver.gob.mx\/difusion\/wp-content\/uploads\/sites\/23\/2025\/02\/RENE-4-1536x1024.jpg 1536w, https:\/\/www.ssaver.gob.mx\/difusion\/wp-content\/uploads\/sites\/23\/2025\/02\/RENE-4-2048x1366.jpg 2048w\" sizes=\"auto, (max-width: 1024px) 100vw, 1024px\" \/><\/figure>\n<\/figure>\n\n\n\n<p><\/p>\n\n\n\n<hr class=\"wp-block-separator has-alpha-channel-opacity\" \/>\n\n\n\n<p class=\"has-white-color has-text-color has-background has-link-color wp-elements-6c95cc3885add001d389a0b59164df20\" style=\"background-color:#8f0c0c;font-size:20px\">H\u00e9roes de capa blanca que combaten al c\u00e1ncer infantil en Veracruz<\/p>\n\n\n\n\n\n<p><\/p>\n\n\n\n<hr class=\"wp-block-separator has-alpha-channel-opacity\" \/>\n\n\n\n<p class=\"has-white-color has-text-color has-background has-link-color wp-elements-3c24a9f7afc496ca26ee2de717b945c8\" style=\"background-color:#8f0c0c;font-size:20px\">El primer frente de batalla: la mente y el coraz\u00f3n<\/p>\n\n\n\n<p><\/p>\n\n\n\n<figure class=\"wp-block-image size-large\"><img loading=\"lazy\" decoding=\"async\" width=\"1024\" height=\"614\" src=\"https:\/\/www.ssaver.gob.mx\/difusion\/wp-content\/uploads\/sites\/23\/2025\/02\/Captura-de-pantalla-2025-02-19-a-las-3.14.54\u202fp.m-1024x614.png\" alt=\"\" class=\"wp-image-3844\" srcset=\"https:\/\/www.ssaver.gob.mx\/difusion\/wp-content\/uploads\/sites\/23\/2025\/02\/Captura-de-pantalla-2025-02-19-a-las-3.14.54\u202fp.m-1024x614.png 1024w, https:\/\/www.ssaver.gob.mx\/difusion\/wp-content\/uploads\/sites\/23\/2025\/02\/Captura-de-pantalla-2025-02-19-a-las-3.14.54\u202fp.m-300x180.png 300w, https:\/\/www.ssaver.gob.mx\/difusion\/wp-content\/uploads\/sites\/23\/2025\/02\/Captura-de-pantalla-2025-02-19-a-las-3.14.54\u202fp.m-768x460.png 768w, https:\/\/www.ssaver.gob.mx\/difusion\/wp-content\/uploads\/sites\/23\/2025\/02\/Captura-de-pantalla-2025-02-19-a-las-3.14.54\u202fp.m-1536x921.png 1536w, https:\/\/www.ssaver.gob.mx\/difusion\/wp-content\/uploads\/sites\/23\/2025\/02\/Captura-de-pantalla-2025-02-19-a-las-3.14.54\u202fp.m.png 1932w\" sizes=\"auto, (max-width: 1024px) 100vw, 1024px\" \/><\/figure>\n\n\n\n<p>La salud mental, es componente b\u00e1sico para que los tratamientos oncol\u00f3gicos cumplan su funci\u00f3n. Cuando se abren las puertas del elevador, en el piso cuatro del Centro de Cancerolog\u00eda, la psic\u00f3loga Ingrid Griset Ortiz Riveros inicia su jornada; con mirada atenta, recorre las camas donde ni\u00f1os y adolescentes enfrentan el c\u00e1ncer. Su trabajo es tambi\u00e9n tender una mano a sus familias para encontrar esperanza en medio del caos.<\/p>\n\n\n\n<p>Comparte que en su trabajo es importante mantener la objetividad, sin embargo, en 19 a\u00f1os de servicio, ha aprendido que no hay una barrera entre el coraz\u00f3n y la profesi\u00f3n m\u00e9dica. \u201cNo hay una sola historia igual. Hay casos que te duelen; nuestra misi\u00f3n es fortalecerlos para que sigan adelante\u201d.<\/p>\n\n\n\n<p class=\"has-white-color has-text-color has-background has-link-color wp-elements-b42943fc314229d6d74e5315fef461b7\" style=\"background-color:#8f0c0c;font-size:20px\">Una misi\u00f3n que trasciende el tiempo<\/p>\n\n\n\n<figure class=\"wp-block-image size-large\"><img loading=\"lazy\" decoding=\"async\" width=\"1024\" height=\"615\" src=\"https:\/\/www.ssaver.gob.mx\/difusion\/wp-content\/uploads\/sites\/23\/2025\/02\/Captura-de-pantalla-2025-02-14-a-las-1.49.36\u202fp.m-1024x615.png\" alt=\"\" class=\"wp-image-3754\" srcset=\"https:\/\/www.ssaver.gob.mx\/difusion\/wp-content\/uploads\/sites\/23\/2025\/02\/Captura-de-pantalla-2025-02-14-a-las-1.49.36\u202fp.m-1024x615.png 1024w, https:\/\/www.ssaver.gob.mx\/difusion\/wp-content\/uploads\/sites\/23\/2025\/02\/Captura-de-pantalla-2025-02-14-a-las-1.49.36\u202fp.m-300x180.png 300w, https:\/\/www.ssaver.gob.mx\/difusion\/wp-content\/uploads\/sites\/23\/2025\/02\/Captura-de-pantalla-2025-02-14-a-las-1.49.36\u202fp.m-768x461.png 768w, https:\/\/www.ssaver.gob.mx\/difusion\/wp-content\/uploads\/sites\/23\/2025\/02\/Captura-de-pantalla-2025-02-14-a-las-1.49.36\u202fp.m.png 1280w\" sizes=\"auto, (max-width: 1024px) 100vw, 1024px\" \/><\/figure>\n\n\n\n<p>Desde hace 21 a\u00f1os, la onc\u00f3loga Diana Magnolia Reyes Morales, ha visto pasar cientos de rostros, cuando comienza a hablar de las experiencias vividas con los peque\u00f1os pacientes, se detiene y baja la mirada denotando melancol\u00eda, despu\u00e9s de unos segundos, contin\u00faa mencionando que el com\u00fan denominador de esas historias es el diagn\u00f3stico tard\u00edo.<\/p>\n\n\n\n<p>Lamenta que a\u00fan con los avances m\u00e9dicos, y la estructura hospitalaria con la que cuenta la Secretar\u00eda de Salud, siguen llegando pacientes pedi\u00e1tricos con c\u00e1ncer en etapas avanzadas, lo que significa tratamientos m\u00e1s largos, cirug\u00edas m\u00e1s agresivas y menos probabilidades de \u00e9xito, por lo que el combate de esta enfermedad es permanente y cada d\u00eda se fortalece.<\/p>\n\n\n\n<p>El lazo dorado simboliza la lucha contra el c\u00e1ncer infantil, pero para ella, es una bandera, que le recuerda que, aunque la lucha es dura, cada ni\u00f1o que toca la campana al vencer la enfermedad, es un recordatorio de que vale la pena seguir. \u201cLos ves crecer, los ves luchar, y cuando logran salir adelante, es una victoria para todos\u201d, dice con orgullo y sonr\u00ede.<\/p>\n\n\n\n<p><\/p>\n\n\n\n<figure class=\"wp-block-gallery has-nested-images columns-default is-cropped wp-block-gallery-3 is-layout-flex wp-block-gallery-is-layout-flex\">\n<figure class=\"wp-block-image size-large\"><img loading=\"lazy\" decoding=\"async\" width=\"1024\" height=\"683\" data-id=\"3706\" src=\"https:\/\/www.ssaver.gob.mx\/difusion\/wp-content\/uploads\/sites\/23\/2025\/02\/DIANA-11-1024x683.jpg\" alt=\"\" class=\"wp-image-3706\" srcset=\"https:\/\/www.ssaver.gob.mx\/difusion\/wp-content\/uploads\/sites\/23\/2025\/02\/DIANA-11-1024x683.jpg 1024w, https:\/\/www.ssaver.gob.mx\/difusion\/wp-content\/uploads\/sites\/23\/2025\/02\/DIANA-11-300x200.jpg 300w, https:\/\/www.ssaver.gob.mx\/difusion\/wp-content\/uploads\/sites\/23\/2025\/02\/DIANA-11-768x512.jpg 768w, https:\/\/www.ssaver.gob.mx\/difusion\/wp-content\/uploads\/sites\/23\/2025\/02\/DIANA-11-1536x1024.jpg 1536w, https:\/\/www.ssaver.gob.mx\/difusion\/wp-content\/uploads\/sites\/23\/2025\/02\/DIANA-11-2048x1366.jpg 2048w\" sizes=\"auto, (max-width: 1024px) 100vw, 1024px\" \/><\/figure>\n\n\n\n<figure class=\"wp-block-image size-large\"><img loading=\"lazy\" decoding=\"async\" width=\"1024\" height=\"683\" data-id=\"3705\" src=\"https:\/\/www.ssaver.gob.mx\/difusion\/wp-content\/uploads\/sites\/23\/2025\/02\/DIANA-13-1024x683.jpg\" alt=\"\" class=\"wp-image-3705\" srcset=\"https:\/\/www.ssaver.gob.mx\/difusion\/wp-content\/uploads\/sites\/23\/2025\/02\/DIANA-13-1024x683.jpg 1024w, https:\/\/www.ssaver.gob.mx\/difusion\/wp-content\/uploads\/sites\/23\/2025\/02\/DIANA-13-300x200.jpg 300w, https:\/\/www.ssaver.gob.mx\/difusion\/wp-content\/uploads\/sites\/23\/2025\/02\/DIANA-13-768x512.jpg 768w, https:\/\/www.ssaver.gob.mx\/difusion\/wp-content\/uploads\/sites\/23\/2025\/02\/DIANA-13-1536x1024.jpg 1536w, https:\/\/www.ssaver.gob.mx\/difusion\/wp-content\/uploads\/sites\/23\/2025\/02\/DIANA-13-2048x1366.jpg 2048w\" sizes=\"auto, (max-width: 1024px) 100vw, 1024px\" \/><\/figure>\n<\/figure>\n\n\n\n<p><\/p>\n\n\n\n<hr class=\"wp-block-separator has-alpha-channel-opacity\" \/>\n\n\n\n<p><\/p>\n\n\n\n<p class=\"has-white-color has-text-color has-background has-link-color wp-elements-b320c0b038c15df64a059e49de689b96\" style=\"background-color:#8f0c0c;font-size:20px\">Los H\u00e9roes de capa blanca, \u00a1en acci\u00f3n!<\/p>\n\n\n\n<hr class=\"wp-block-separator has-alpha-channel-opacity\" \/>\n\n\n\n<div class=\"blockart-slider blockart-slider-284aea98\"><div class=\"splide\"><div class=\"splide__track\"><ul class=\"splide__list\">\n<li class=\"blockart-slide blockart-slide-4cb2eb72 splide__slide\">\n<figure class=\"wp-block-image aligncenter size-full is-resized\"><img loading=\"lazy\" decoding=\"async\" width=\"2560\" height=\"1707\" src=\"https:\/\/www.ssaver.gob.mx\/difusion\/wp-content\/uploads\/sites\/23\/2025\/02\/RENE-1-scaled.jpg\" alt=\"\" class=\"wp-image-3699\" style=\"object-fit:contain;width:1140px;height:auto\" srcset=\"https:\/\/www.ssaver.gob.mx\/difusion\/wp-content\/uploads\/sites\/23\/2025\/02\/RENE-1-scaled.jpg 2560w, https:\/\/www.ssaver.gob.mx\/difusion\/wp-content\/uploads\/sites\/23\/2025\/02\/RENE-1-300x200.jpg 300w, https:\/\/www.ssaver.gob.mx\/difusion\/wp-content\/uploads\/sites\/23\/2025\/02\/RENE-1-1024x683.jpg 1024w, https:\/\/www.ssaver.gob.mx\/difusion\/wp-content\/uploads\/sites\/23\/2025\/02\/RENE-1-768x512.jpg 768w, https:\/\/www.ssaver.gob.mx\/difusion\/wp-content\/uploads\/sites\/23\/2025\/02\/RENE-1-1536x1024.jpg 1536w, https:\/\/www.ssaver.gob.mx\/difusion\/wp-content\/uploads\/sites\/23\/2025\/02\/RENE-1-2048x1365.jpg 2048w\" sizes=\"auto, (max-width: 2560px) 100vw, 2560px\" \/><figcaption class=\"wp-element-caption\">Entrevista con el enfermero del Centro Estatal de Cancerolog\u00eda \u00abDr. Miguel Dorantes Meza\u00bb, \u00d3scar Ren\u00e9 Carmona Mora. Foto: Jorge Serratos\/ Secretaria de Salud.<br><\/figcaption><\/figure>\n<\/li>\n\n\n\n<li class=\"blockart-slide blockart-slide-96fd78fe splide__slide\">\n<figure class=\"wp-block-image size-large\"><img loading=\"lazy\" decoding=\"async\" width=\"1024\" height=\"683\" src=\"https:\/\/www.ssaver.gob.mx\/difusion\/wp-content\/uploads\/sites\/23\/2025\/02\/RENE-2-1-1024x683.jpg\" alt=\"\" class=\"wp-image-3710\" srcset=\"https:\/\/www.ssaver.gob.mx\/difusion\/wp-content\/uploads\/sites\/23\/2025\/02\/RENE-2-1-1024x683.jpg 1024w, https:\/\/www.ssaver.gob.mx\/difusion\/wp-content\/uploads\/sites\/23\/2025\/02\/RENE-2-1-300x200.jpg 300w, https:\/\/www.ssaver.gob.mx\/difusion\/wp-content\/uploads\/sites\/23\/2025\/02\/RENE-2-1-768x512.jpg 768w, https:\/\/www.ssaver.gob.mx\/difusion\/wp-content\/uploads\/sites\/23\/2025\/02\/RENE-2-1-1536x1024.jpg 1536w, https:\/\/www.ssaver.gob.mx\/difusion\/wp-content\/uploads\/sites\/23\/2025\/02\/RENE-2-1-2048x1365.jpg 2048w\" sizes=\"auto, (max-width: 1024px) 100vw, 1024px\" \/><figcaption class=\"wp-element-caption\">Entrevista con el enfermero del Centro Estatal de Cancerolog\u00eda \u00abDr. Miguel Dorantes Meza\u00bb, \u00d3scar Ren\u00e9 Carmona Mora. Foto: Jorge Serratos\/ Secretaria de Salud.<\/figcaption><\/figure>\n<\/li>\n\n\n\n<li class=\"blockart-slide blockart-slide-f1b09cbf splide__slide\">\n<figure class=\"wp-block-image size-large\"><img loading=\"lazy\" decoding=\"async\" width=\"1024\" height=\"683\" src=\"https:\/\/www.ssaver.gob.mx\/difusion\/wp-content\/uploads\/sites\/23\/2025\/02\/RENE-3-1-1024x683.jpg\" alt=\"\" class=\"wp-image-3711\" srcset=\"https:\/\/www.ssaver.gob.mx\/difusion\/wp-content\/uploads\/sites\/23\/2025\/02\/RENE-3-1-1024x683.jpg 1024w, https:\/\/www.ssaver.gob.mx\/difusion\/wp-content\/uploads\/sites\/23\/2025\/02\/RENE-3-1-300x200.jpg 300w, https:\/\/www.ssaver.gob.mx\/difusion\/wp-content\/uploads\/sites\/23\/2025\/02\/RENE-3-1-768x512.jpg 768w, https:\/\/www.ssaver.gob.mx\/difusion\/wp-content\/uploads\/sites\/23\/2025\/02\/RENE-3-1-1536x1024.jpg 1536w, https:\/\/www.ssaver.gob.mx\/difusion\/wp-content\/uploads\/sites\/23\/2025\/02\/RENE-3-1-2048x1365.jpg 2048w\" sizes=\"auto, (max-width: 1024px) 100vw, 1024px\" \/><figcaption class=\"wp-element-caption\">Entrevista con el enfermero del Centro Estatal de Cancerolog\u00eda \u00abDr. Miguel Dorantes Meza\u00bb, \u00d3scar Ren\u00e9 Carmona Mora. Foto: Jorge Serratos\/ Secretaria de Salud.<\/figcaption><\/figure>\n<\/li>\n\n\n\n<li class=\"blockart-slide blockart-slide-7f3c4b3b splide__slide\">\n<figure class=\"wp-block-image size-large\"><img loading=\"lazy\" decoding=\"async\" width=\"1024\" height=\"683\" src=\"https:\/\/www.ssaver.gob.mx\/difusion\/wp-content\/uploads\/sites\/23\/2025\/02\/RENE-4-1-1024x683.jpg\" alt=\"\" class=\"wp-image-3712\" srcset=\"https:\/\/www.ssaver.gob.mx\/difusion\/wp-content\/uploads\/sites\/23\/2025\/02\/RENE-4-1-1024x683.jpg 1024w, https:\/\/www.ssaver.gob.mx\/difusion\/wp-content\/uploads\/sites\/23\/2025\/02\/RENE-4-1-300x200.jpg 300w, https:\/\/www.ssaver.gob.mx\/difusion\/wp-content\/uploads\/sites\/23\/2025\/02\/RENE-4-1-768x512.jpg 768w, https:\/\/www.ssaver.gob.mx\/difusion\/wp-content\/uploads\/sites\/23\/2025\/02\/RENE-4-1-1536x1024.jpg 1536w, https:\/\/www.ssaver.gob.mx\/difusion\/wp-content\/uploads\/sites\/23\/2025\/02\/RENE-4-1-2048x1366.jpg 2048w\" sizes=\"auto, (max-width: 1024px) 100vw, 1024px\" \/><figcaption class=\"wp-element-caption\">Entrevista con el enfermero del Centro Estatal de Cancerolog\u00eda \u00abDr. Miguel Dorantes Meza\u00bb, \u00d3scar Ren\u00e9 Carmona Mora. Foto: Jorge Serratos\/ Secretaria de Salud.Foto: Marco Antonio\/ Secretaria de Salud.<\/figcaption><\/figure>\n<\/li>\n\n\n\n<li class=\"blockart-slide blockart-slide-3a496404 splide__slide\">\n<figure class=\"wp-block-image size-full is-resized\"><img loading=\"lazy\" decoding=\"async\" width=\"2560\" height=\"1707\" src=\"https:\/\/www.ssaver.gob.mx\/difusion\/wp-content\/uploads\/sites\/23\/2025\/02\/INGRID-5-scaled.jpg\" alt=\"\" class=\"wp-image-3713\" style=\"width:1139px;height:auto\" srcset=\"https:\/\/www.ssaver.gob.mx\/difusion\/wp-content\/uploads\/sites\/23\/2025\/02\/INGRID-5-scaled.jpg 2560w, https:\/\/www.ssaver.gob.mx\/difusion\/wp-content\/uploads\/sites\/23\/2025\/02\/INGRID-5-300x200.jpg 300w, https:\/\/www.ssaver.gob.mx\/difusion\/wp-content\/uploads\/sites\/23\/2025\/02\/INGRID-5-1024x683.jpg 1024w, https:\/\/www.ssaver.gob.mx\/difusion\/wp-content\/uploads\/sites\/23\/2025\/02\/INGRID-5-768x512.jpg 768w, https:\/\/www.ssaver.gob.mx\/difusion\/wp-content\/uploads\/sites\/23\/2025\/02\/INGRID-5-1536x1024.jpg 1536w, https:\/\/www.ssaver.gob.mx\/difusion\/wp-content\/uploads\/sites\/23\/2025\/02\/INGRID-5-2048x1366.jpg 2048w\" sizes=\"auto, (max-width: 2560px) 100vw, 2560px\" \/><figcaption class=\"wp-element-caption\">La psic\u00f3loga Ingrid Griset Ortiz Riveros del Centro Estatal de Cancerolog\u00eda \u00abDr. Miguel Dorantes Meza\u00bb. Foto: Jorge Serratos \/ Secretar\u00eda de Salud<\/figcaption><\/figure>\n<\/li>\n\n\n\n<li class=\"blockart-slide blockart-slide-017dc5c6 splide__slide\">\n<figure class=\"wp-block-image size-large\"><img loading=\"lazy\" decoding=\"async\" width=\"1024\" height=\"683\" src=\"https:\/\/www.ssaver.gob.mx\/difusion\/wp-content\/uploads\/sites\/23\/2025\/02\/INGRID-6-1-1024x683.jpg\" alt=\"\" class=\"wp-image-3714\" srcset=\"https:\/\/www.ssaver.gob.mx\/difusion\/wp-content\/uploads\/sites\/23\/2025\/02\/INGRID-6-1-1024x683.jpg 1024w, https:\/\/www.ssaver.gob.mx\/difusion\/wp-content\/uploads\/sites\/23\/2025\/02\/INGRID-6-1-300x200.jpg 300w, https:\/\/www.ssaver.gob.mx\/difusion\/wp-content\/uploads\/sites\/23\/2025\/02\/INGRID-6-1-768x512.jpg 768w, https:\/\/www.ssaver.gob.mx\/difusion\/wp-content\/uploads\/sites\/23\/2025\/02\/INGRID-6-1-1536x1024.jpg 1536w, https:\/\/www.ssaver.gob.mx\/difusion\/wp-content\/uploads\/sites\/23\/2025\/02\/INGRID-6-1-2048x1365.jpg 2048w\" sizes=\"auto, (max-width: 1024px) 100vw, 1024px\" \/><figcaption class=\"wp-element-caption\">La psic\u00f3loga Ingrid Griset Ortiz Riveros del Centro Estatal de Cancerolog\u00eda \u00abDr. Miguel Dorantes Meza\u00bb. Foto: Jorge Serratos \/ Secretar\u00eda de Salud<\/figcaption><\/figure>\n<\/li>\n\n\n\n<li class=\"blockart-slide blockart-slide-7cf11add splide__slide\">\n<figure class=\"wp-block-image size-large\"><img loading=\"lazy\" decoding=\"async\" width=\"1024\" height=\"683\" src=\"https:\/\/www.ssaver.gob.mx\/difusion\/wp-content\/uploads\/sites\/23\/2025\/02\/INGRID-7-1024x683.jpg\" alt=\"\" class=\"wp-image-3715\" srcset=\"https:\/\/www.ssaver.gob.mx\/difusion\/wp-content\/uploads\/sites\/23\/2025\/02\/INGRID-7-1024x683.jpg 1024w, https:\/\/www.ssaver.gob.mx\/difusion\/wp-content\/uploads\/sites\/23\/2025\/02\/INGRID-7-300x200.jpg 300w, https:\/\/www.ssaver.gob.mx\/difusion\/wp-content\/uploads\/sites\/23\/2025\/02\/INGRID-7-768x512.jpg 768w, https:\/\/www.ssaver.gob.mx\/difusion\/wp-content\/uploads\/sites\/23\/2025\/02\/INGRID-7-1536x1024.jpg 1536w, https:\/\/www.ssaver.gob.mx\/difusion\/wp-content\/uploads\/sites\/23\/2025\/02\/INGRID-7-2048x1365.jpg 2048w\" sizes=\"auto, (max-width: 1024px) 100vw, 1024px\" \/><figcaption class=\"wp-element-caption\">La psic\u00f3loga Ingrid Griset Ortiz Riveros del Centro Estatal de Cancerolog\u00eda \u00abDr. Miguel Dorantes Meza\u00bb. Foto: Jorge Serratos \/ Secretar\u00eda de Salud.<\/figcaption><\/figure>\n<\/li>\n\n\n\n<li class=\"blockart-slide blockart-slide-47304ec6 splide__slide\">\n<figure class=\"wp-block-image size-full\"><img loading=\"lazy\" decoding=\"async\" width=\"2560\" height=\"1706\" src=\"https:\/\/www.ssaver.gob.mx\/difusion\/wp-content\/uploads\/sites\/23\/2025\/02\/JOSE-8-1-scaled.jpg\" alt=\"\" class=\"wp-image-3716\" srcset=\"https:\/\/www.ssaver.gob.mx\/difusion\/wp-content\/uploads\/sites\/23\/2025\/02\/JOSE-8-1-scaled.jpg 2560w, https:\/\/www.ssaver.gob.mx\/difusion\/wp-content\/uploads\/sites\/23\/2025\/02\/JOSE-8-1-300x200.jpg 300w, https:\/\/www.ssaver.gob.mx\/difusion\/wp-content\/uploads\/sites\/23\/2025\/02\/JOSE-8-1-1024x683.jpg 1024w, https:\/\/www.ssaver.gob.mx\/difusion\/wp-content\/uploads\/sites\/23\/2025\/02\/JOSE-8-1-768x512.jpg 768w, https:\/\/www.ssaver.gob.mx\/difusion\/wp-content\/uploads\/sites\/23\/2025\/02\/JOSE-8-1-1536x1024.jpg 1536w, https:\/\/www.ssaver.gob.mx\/difusion\/wp-content\/uploads\/sites\/23\/2025\/02\/JOSE-8-1-2048x1365.jpg 2048w\" sizes=\"auto, (max-width: 2560px) 100vw, 2560px\" \/><figcaption class=\"wp-element-caption\">El onc\u00f3logo Jos\u00e9 Jes\u00fas Loeza Oliva, del Centro Estatal de Cancerolog\u00eda \u00abDr.Miguel Dorantes Meza\u00bb. Foto: Jorge Serratos\/ Secretar\u00eda de Salud.<\/figcaption><\/figure>\n<\/li>\n\n\n\n<li class=\"blockart-slide blockart-slide-3a6dd339 splide__slide\">\n<figure class=\"wp-block-image size-large\"><img loading=\"lazy\" decoding=\"async\" width=\"1024\" height=\"683\" src=\"https:\/\/www.ssaver.gob.mx\/difusion\/wp-content\/uploads\/sites\/23\/2025\/02\/JOSE-9-1-1024x683.jpg\" alt=\"\" class=\"wp-image-3717\" srcset=\"https:\/\/www.ssaver.gob.mx\/difusion\/wp-content\/uploads\/sites\/23\/2025\/02\/JOSE-9-1-1024x683.jpg 1024w, https:\/\/www.ssaver.gob.mx\/difusion\/wp-content\/uploads\/sites\/23\/2025\/02\/JOSE-9-1-300x200.jpg 300w, https:\/\/www.ssaver.gob.mx\/difusion\/wp-content\/uploads\/sites\/23\/2025\/02\/JOSE-9-1-768x512.jpg 768w, https:\/\/www.ssaver.gob.mx\/difusion\/wp-content\/uploads\/sites\/23\/2025\/02\/JOSE-9-1-1536x1024.jpg 1536w, https:\/\/www.ssaver.gob.mx\/difusion\/wp-content\/uploads\/sites\/23\/2025\/02\/JOSE-9-1-2048x1366.jpg 2048w\" sizes=\"auto, (max-width: 1024px) 100vw, 1024px\" \/><figcaption class=\"wp-element-caption\">El onc\u00f3logo Jos\u00e9 Jes\u00fas Loeza Oliva, del Centro Estatal de Cancerolog\u00eda \u00abDr.Miguel Dorantes Meza\u00bb. Foto: Jorge Serratos\/ Secretar\u00eda de Salud.<\/figcaption><\/figure>\n<\/li>\n\n\n\n<li class=\"blockart-slide blockart-slide-fef10c7b splide__slide\">\n<figure class=\"wp-block-image size-full\"><img loading=\"lazy\" decoding=\"async\" width=\"960\" height=\"640\" src=\"https:\/\/www.ssaver.gob.mx\/difusion\/wp-content\/uploads\/sites\/23\/2025\/02\/JOSE-10-1.jpg\" alt=\"\" class=\"wp-image-3718\" srcset=\"https:\/\/www.ssaver.gob.mx\/difusion\/wp-content\/uploads\/sites\/23\/2025\/02\/JOSE-10-1.jpg 960w, https:\/\/www.ssaver.gob.mx\/difusion\/wp-content\/uploads\/sites\/23\/2025\/02\/JOSE-10-1-300x200.jpg 300w, https:\/\/www.ssaver.gob.mx\/difusion\/wp-content\/uploads\/sites\/23\/2025\/02\/JOSE-10-1-768x512.jpg 768w\" sizes=\"auto, (max-width: 960px) 100vw, 960px\" \/><figcaption class=\"wp-element-caption\">El onc\u00f3logo Jos\u00e9 Jes\u00fas Loeza Oliva, del Centro Estatal de Cancerolog\u00eda \u00abDr.Miguel Dorantes Meza\u00bb. Foto: Jorge Serratos\/ Secretar\u00eda de Salud.<\/figcaption><\/figure>\n<\/li>\n\n\n\n<li class=\"blockart-slide blockart-slide-a0a60876 splide__slide\">\n<figure class=\"wp-block-image size-large\"><img loading=\"lazy\" decoding=\"async\" width=\"1024\" height=\"683\" src=\"https:\/\/www.ssaver.gob.mx\/difusion\/wp-content\/uploads\/sites\/23\/2025\/02\/DIANA-11-1-1024x683.jpg\" alt=\"\" class=\"wp-image-3719\" srcset=\"https:\/\/www.ssaver.gob.mx\/difusion\/wp-content\/uploads\/sites\/23\/2025\/02\/DIANA-11-1-1024x683.jpg 1024w, https:\/\/www.ssaver.gob.mx\/difusion\/wp-content\/uploads\/sites\/23\/2025\/02\/DIANA-11-1-300x200.jpg 300w, https:\/\/www.ssaver.gob.mx\/difusion\/wp-content\/uploads\/sites\/23\/2025\/02\/DIANA-11-1-768x512.jpg 768w, https:\/\/www.ssaver.gob.mx\/difusion\/wp-content\/uploads\/sites\/23\/2025\/02\/DIANA-11-1-1536x1024.jpg 1536w, https:\/\/www.ssaver.gob.mx\/difusion\/wp-content\/uploads\/sites\/23\/2025\/02\/DIANA-11-1-2048x1366.jpg 2048w\" sizes=\"auto, (max-width: 1024px) 100vw, 1024px\" \/><figcaption class=\"wp-element-caption\">La onc\u00f3loga Diana Magnolia Reyes Morales, del Centro Estatal de Cancerolog\u00eda \u00abDr.Miguel Dorantes Meza\u00bb. Foto: Jorge Serratos\/ Secretar\u00eda de Salud.<\/figcaption><\/figure>\n<\/li>\n\n\n\n<li class=\"blockart-slide blockart-slide-1e64acb3 splide__slide\">\n<figure class=\"wp-block-image size-large\"><img loading=\"lazy\" decoding=\"async\" width=\"1024\" height=\"683\" src=\"https:\/\/www.ssaver.gob.mx\/difusion\/wp-content\/uploads\/sites\/23\/2025\/02\/DIANA-12-1-1024x683.jpg\" alt=\"\" class=\"wp-image-3720\" srcset=\"https:\/\/www.ssaver.gob.mx\/difusion\/wp-content\/uploads\/sites\/23\/2025\/02\/DIANA-12-1-1024x683.jpg 1024w, https:\/\/www.ssaver.gob.mx\/difusion\/wp-content\/uploads\/sites\/23\/2025\/02\/DIANA-12-1-300x200.jpg 300w, https:\/\/www.ssaver.gob.mx\/difusion\/wp-content\/uploads\/sites\/23\/2025\/02\/DIANA-12-1-768x512.jpg 768w, https:\/\/www.ssaver.gob.mx\/difusion\/wp-content\/uploads\/sites\/23\/2025\/02\/DIANA-12-1-1536x1024.jpg 1536w, https:\/\/www.ssaver.gob.mx\/difusion\/wp-content\/uploads\/sites\/23\/2025\/02\/DIANA-12-1-2048x1365.jpg 2048w\" sizes=\"auto, (max-width: 1024px) 100vw, 1024px\" \/><figcaption class=\"wp-element-caption\">La onc\u00f3loga Diana Magnolia Reyes Morales, del Centro Estatal de Cancerolog\u00eda \u00abDr.Miguel Dorantes Meza\u00bb. Foto: Jorge Serratos\/ Secretar\u00eda de Salud<\/figcaption><\/figure>\n<\/li>\n\n\n\n<li class=\"blockart-slide blockart-slide-2fc9496d splide__slide\">\n<figure class=\"wp-block-image size-large\"><img loading=\"lazy\" decoding=\"async\" width=\"1024\" height=\"683\" src=\"https:\/\/www.ssaver.gob.mx\/difusion\/wp-content\/uploads\/sites\/23\/2025\/02\/DIANA-13-1-1024x683.jpg\" alt=\"\" class=\"wp-image-3721\" srcset=\"https:\/\/www.ssaver.gob.mx\/difusion\/wp-content\/uploads\/sites\/23\/2025\/02\/DIANA-13-1-1024x683.jpg 1024w, https:\/\/www.ssaver.gob.mx\/difusion\/wp-content\/uploads\/sites\/23\/2025\/02\/DIANA-13-1-300x200.jpg 300w, https:\/\/www.ssaver.gob.mx\/difusion\/wp-content\/uploads\/sites\/23\/2025\/02\/DIANA-13-1-768x512.jpg 768w, https:\/\/www.ssaver.gob.mx\/difusion\/wp-content\/uploads\/sites\/23\/2025\/02\/DIANA-13-1-1536x1024.jpg 1536w, https:\/\/www.ssaver.gob.mx\/difusion\/wp-content\/uploads\/sites\/23\/2025\/02\/DIANA-13-1-2048x1366.jpg 2048w\" sizes=\"auto, (max-width: 1024px) 100vw, 1024px\" \/><figcaption class=\"wp-element-caption\">La onc\u00f3loga Diana Magnolia Reyes Morales, del Centro Estatal de Cancerolog\u00eda \u00abDr.Miguel Dorantes Meza\u00bb. Foto: Jorge Serratos\/ Secretar\u00eda de Salud.<\/figcaption><\/figure>\n<\/li>\n<\/ul><\/div><div class=\"splide__arrows\"><div role=\"button\" class=\"splide__arrow splide__arrow--prev\"><\/div><div role=\"button\" class=\"splide__arrow splide__arrow--next\"><\/div><\/div><\/div><\/div>\n\n\n\n<hr class=\"wp-block-separator has-alpha-channel-opacity\" \/>\n\n\n\n<p class=\"has-white-color has-text-color has-background has-link-color has-medium-font-size wp-elements-f18b7040c9db3d9fc0f50ab1d357cd5a\" style=\"background-color:#8f0c0c\">\u00a1Por amor a Veracruz!<\/p>\n\n\n\n<p><\/p>\n","protected":false},"excerpt":{"rendered":"<p>Xalapa, Ver., 15 de febrero de 2025 &#8211; Amanece en Xalapa, con el bullicio del tr\u00e1fico vial, la ciudad veracruzana<\/p>\n","protected":false},"author":59,"featured_media":3724,"comment_status":"closed","ping_status":"closed","sticky":false,"template":"","format":"standard","meta":{"colormag_page_container_layout":"default_layout","colormag_page_sidebar_layout":"default_layout","footnotes":""},"categories":[119,115],"tags":[750,207,143,751,141,189,184,137],"class_list":["post-3631","post","type-post","status-publish","format-standard","has-post-thumbnail","hentry","category-comunicados","category-general","tag-apoyo-del-director-general","tag-cancer-infantil","tag-cecan","tag-juan-pablo-uribe-gonzalez","tag-salud","tag-secretaria-de-salud-de-veracruz","tag-sesver","tag-xalapa"],"_links":{"self":[{"href":"https:\/\/www.ssaver.gob.mx\/difusion\/wp-json\/wp\/v2\/posts\/3631","targetHints":{"allow":["GET"]}}],"collection":[{"href":"https:\/\/www.ssaver.gob.mx\/difusion\/wp-json\/wp\/v2\/posts"}],"about":[{"href":"https:\/\/www.ssaver.gob.mx\/difusion\/wp-json\/wp\/v2\/types\/post"}],"author":[{"embeddable":true,"href":"https:\/\/www.ssaver.gob.mx\/difusion\/wp-json\/wp\/v2\/users\/59"}],"replies":[{"embeddable":true,"href":"https:\/\/www.ssaver.gob.mx\/difusion\/wp-json\/wp\/v2\/comments?post=3631"}],"version-history":[{"count":49,"href":"https:\/\/www.ssaver.gob.mx\/difusion\/wp-json\/wp\/v2\/posts\/3631\/revisions"}],"predecessor-version":[{"id":3819,"href":"https:\/\/www.ssaver.gob.mx\/difusion\/wp-json\/wp\/v2\/posts\/3631\/revisions\/3819"}],"wp:featuredmedia":[{"embeddable":true,"href":"https:\/\/www.ssaver.gob.mx\/difusion\/wp-json\/wp\/v2\/media\/3724"}],"wp:attachment":[{"href":"https:\/\/www.ssaver.gob.mx\/difusion\/wp-json\/wp\/v2\/media?parent=3631"}],"wp:term":[{"taxonomy":"category","embeddable":true,"href":"https:\/\/www.ssaver.gob.mx\/difusion\/wp-json\/wp\/v2\/categories?post=3631"},{"taxonomy":"post_tag","embeddable":true,"href":"https:\/\/www.ssaver.gob.mx\/difusion\/wp-json\/wp\/v2\/tags?post=3631"}],"curies":[{"name":"wp","href":"https:\/\/api.w.org\/{rel}","templated":true}]}}