{"id":3644,"date":"2025-02-12T12:01:19","date_gmt":"2025-02-12T18:01:19","guid":{"rendered":"https:\/\/www.ssaver.gob.mx\/difusion\/?p=3644"},"modified":"2025-09-11T13:47:58","modified_gmt":"2025-09-11T18:47:58","slug":"reconoce-salud-a-odontologos-veracruzanos","status":"publish","type":"post","link":"https:\/\/www.ssaver.gob.mx\/difusion\/2025\/02\/12\/reconoce-salud-a-odontologos-veracruzanos\/","title":{"rendered":"Reconoce Salud a odont\u00f3logos veracruzanos por d\u00e9cadas de servicio"},"content":{"rendered":"\n<p class=\"blockart-paragraph blockart-paragraph-e83de79e\"><strong><strong><strong><strong>Reconoce Salud a odont\u00f3logos veracruzanos por d\u00e9cadas de servicio<\/strong><\/strong><\/strong><\/strong><\/p>\n\n\n\n<p class=\"blockart-paragraph blockart-paragraph-e301b45c\">&#8211; M\u00e1s de 2 mil 400 m\u00e9dicos recibieron capacitaci\u00f3n en el primer foro estatal.<br>&#8211; Especialistas de las 11 jurisdicciones fueron homenajeados por su trayectoria.<br><\/p>\n\n\n\n<p>Xalapa, Ver., mi\u00e9rcoles 11 de febrero de 2025.- En el marco del D\u00eda Mundial del Odont\u00f3logo, la Secretar\u00eda de Salud llev\u00f3 a cabo el Primer Congreso Estatal de Odontolog\u00eda los d\u00edas 10 y 11 de febrero, donde se entregaron reconocimientos a especialistas de entre 17 y 52 a\u00f1os de servicio en unidades m\u00e9dicas.<\/p>\n\n\n\n<p>M\u00e1s de 400 profesionales participaron de manera presencial, mientras que otros 2 mil lo hicieron a trav\u00e9s de plataformas digitales.<\/p>\n\n\n\n<p>Durante el Congreso, abordaron temas como la enfermedad periodontal, t\u00f3picos en odontopediatr\u00eda, tendencias en restauraciones, preservaci\u00f3n alveolar y la relaci\u00f3n entre salud bucal y bienestar general, adem\u00e1s de la conferencia Complicaciones en cirug\u00eda maxilofacial.&nbsp;<\/p>\n\n\n\n<p>\u201cEs la primera entrega de reconocimientos en una d\u00e9cada, con ella, la administraci\u00f3n de la gobernadora Roc\u00edo Nahle Garc\u00eda destaca su labor diaria en la atenci\u00f3n de calidad a miles de personas\u201d, manifest\u00f3 el director de Atenci\u00f3n M\u00e9dica de la Secretar\u00eda de Salud, Jos\u00e9 Salvador Aburto Morales.&nbsp;<\/p>\n\n\n\n<p>Por su parte, la directora de Salud P\u00fablica, Mar\u00eda Luisa S\u00e1nchez Murrieta, resalt\u00f3 que la odontolog\u00eda no solo se enfoca en tratar enfermedades dentales, sino que tambi\u00e9n desempe\u00f1a un papel clave en la prevenci\u00f3n y educaci\u00f3n para mejorar la calidad de vida de la poblaci\u00f3n.&nbsp;<\/p>\n\n\n\n<p>El Gobierno del Estado reconoce el esfuerzo constante de estos profesionales por mantenerse actualizados y por su contribuci\u00f3n a la promoci\u00f3n de h\u00e1bitos saludables en la sociedad.&nbsp;<\/p>\n\n\n\n<figure class=\"wp-block-gallery has-nested-images columns-default is-cropped wp-block-gallery-1 is-layout-flex wp-block-gallery-is-layout-flex\">\n<figure class=\"wp-block-image size-large\"><img loading=\"lazy\" decoding=\"async\" width=\"1024\" height=\"682\" data-id=\"3645\" src=\"https:\/\/www.ssaver.gob.mx\/difusion\/wp-content\/uploads\/sites\/23\/2025\/02\/PHOTO-2025-02-12-11-16-34-1024x682.jpg\" alt=\"\" class=\"wp-image-3645\" srcset=\"https:\/\/www.ssaver.gob.mx\/difusion\/wp-content\/uploads\/sites\/23\/2025\/02\/PHOTO-2025-02-12-11-16-34-1024x682.jpg 1024w, https:\/\/www.ssaver.gob.mx\/difusion\/wp-content\/uploads\/sites\/23\/2025\/02\/PHOTO-2025-02-12-11-16-34-300x200.jpg 300w, https:\/\/www.ssaver.gob.mx\/difusion\/wp-content\/uploads\/sites\/23\/2025\/02\/PHOTO-2025-02-12-11-16-34-768x512.jpg 768w, https:\/\/www.ssaver.gob.mx\/difusion\/wp-content\/uploads\/sites\/23\/2025\/02\/PHOTO-2025-02-12-11-16-34.jpg 1280w\" sizes=\"auto, (max-width: 1024px) 100vw, 1024px\" \/><\/figure>\n<\/figure>\n\n\n\n<figure class=\"wp-block-gallery has-nested-images columns-default is-cropped wp-block-gallery-2 is-layout-flex wp-block-gallery-is-layout-flex\">\n<figure class=\"wp-block-image size-large\"><img loading=\"lazy\" decoding=\"async\" width=\"1024\" height=\"682\" data-id=\"3647\" src=\"https:\/\/www.ssaver.gob.mx\/difusion\/wp-content\/uploads\/sites\/23\/2025\/02\/PHOTO-2025-02-12-11-16-32-1024x682.jpg\" alt=\"\" class=\"wp-image-3647\" srcset=\"https:\/\/www.ssaver.gob.mx\/difusion\/wp-content\/uploads\/sites\/23\/2025\/02\/PHOTO-2025-02-12-11-16-32-1024x682.jpg 1024w, https:\/\/www.ssaver.gob.mx\/difusion\/wp-content\/uploads\/sites\/23\/2025\/02\/PHOTO-2025-02-12-11-16-32-300x200.jpg 300w, https:\/\/www.ssaver.gob.mx\/difusion\/wp-content\/uploads\/sites\/23\/2025\/02\/PHOTO-2025-02-12-11-16-32-768x512.jpg 768w, https:\/\/www.ssaver.gob.mx\/difusion\/wp-content\/uploads\/sites\/23\/2025\/02\/PHOTO-2025-02-12-11-16-32.jpg 1280w\" sizes=\"auto, (max-width: 1024px) 100vw, 1024px\" \/><\/figure>\n\n\n\n<figure class=\"wp-block-image size-large\"><img loading=\"lazy\" decoding=\"async\" width=\"1024\" height=\"682\" data-id=\"3646\" src=\"https:\/\/www.ssaver.gob.mx\/difusion\/wp-content\/uploads\/sites\/23\/2025\/02\/PHOTO-2025-02-12-11-16-33-1024x682.jpg\" alt=\"\" class=\"wp-image-3646\" srcset=\"https:\/\/www.ssaver.gob.mx\/difusion\/wp-content\/uploads\/sites\/23\/2025\/02\/PHOTO-2025-02-12-11-16-33-1024x682.jpg 1024w, https:\/\/www.ssaver.gob.mx\/difusion\/wp-content\/uploads\/sites\/23\/2025\/02\/PHOTO-2025-02-12-11-16-33-300x200.jpg 300w, https:\/\/www.ssaver.gob.mx\/difusion\/wp-content\/uploads\/sites\/23\/2025\/02\/PHOTO-2025-02-12-11-16-33-768x512.jpg 768w, https:\/\/www.ssaver.gob.mx\/difusion\/wp-content\/uploads\/sites\/23\/2025\/02\/PHOTO-2025-02-12-11-16-33.jpg 1280w\" sizes=\"auto, (max-width: 1024px) 100vw, 1024px\" \/><\/figure>\n\n\n\n<figure class=\"wp-block-image size-large\"><img loading=\"lazy\" decoding=\"async\" width=\"1024\" height=\"682\" data-id=\"3648\" src=\"https:\/\/www.ssaver.gob.mx\/difusion\/wp-content\/uploads\/sites\/23\/2025\/02\/PHOTO-2025-02-12-11-16-34-1-1024x682.jpg\" alt=\"\" class=\"wp-image-3648\" srcset=\"https:\/\/www.ssaver.gob.mx\/difusion\/wp-content\/uploads\/sites\/23\/2025\/02\/PHOTO-2025-02-12-11-16-34-1-1024x682.jpg 1024w, https:\/\/www.ssaver.gob.mx\/difusion\/wp-content\/uploads\/sites\/23\/2025\/02\/PHOTO-2025-02-12-11-16-34-1-300x200.jpg 300w, https:\/\/www.ssaver.gob.mx\/difusion\/wp-content\/uploads\/sites\/23\/2025\/02\/PHOTO-2025-02-12-11-16-34-1-768x512.jpg 768w, https:\/\/www.ssaver.gob.mx\/difusion\/wp-content\/uploads\/sites\/23\/2025\/02\/PHOTO-2025-02-12-11-16-34-1.jpg 1280w\" sizes=\"auto, (max-width: 1024px) 100vw, 1024px\" \/><\/figure>\n<\/figure>\n","protected":false},"excerpt":{"rendered":"<p>Xalapa, Ver., mi\u00e9rcoles 11 de febrero de 2025.- En el marco del D\u00eda Mundial del Odont\u00f3logo, la Secretar\u00eda de Salud<\/p>\n","protected":false},"author":59,"featured_media":3649,"comment_status":"closed","ping_status":"closed","sticky":false,"template":"","format":"standard","meta":{"colormag_page_container_layout":"default_layout","colormag_page_sidebar_layout":"default_layout","footnotes":""},"categories":[119,115],"tags":[750,206,203,205,751,204,141,189,184,142,137],"class_list":["post-3644","post","type-post","status-publish","format-standard","has-post-thumbnail","hentry","category-comunicados","category-general","tag-apoyo-del-director-general","tag-cirujano-dentista","tag-dentista","tag-dia-del-odontologo","tag-juan-pablo-uribe-gonzalez","tag-odontologos","tag-salud","tag-secretaria-de-salud-de-veracruz","tag-sesver","tag-veracruz","tag-xalapa"],"_links":{"self":[{"href":"https:\/\/www.ssaver.gob.mx\/difusion\/wp-json\/wp\/v2\/posts\/3644","targetHints":{"allow":["GET"]}}],"collection":[{"href":"https:\/\/www.ssaver.gob.mx\/difusion\/wp-json\/wp\/v2\/posts"}],"about":[{"href":"https:\/\/www.ssaver.gob.mx\/difusion\/wp-json\/wp\/v2\/types\/post"}],"author":[{"embeddable":true,"href":"https:\/\/www.ssaver.gob.mx\/difusion\/wp-json\/wp\/v2\/users\/59"}],"replies":[{"embeddable":true,"href":"https:\/\/www.ssaver.gob.mx\/difusion\/wp-json\/wp\/v2\/comments?post=3644"}],"version-history":[{"count":3,"href":"https:\/\/www.ssaver.gob.mx\/difusion\/wp-json\/wp\/v2\/posts\/3644\/revisions"}],"predecessor-version":[{"id":3664,"href":"https:\/\/www.ssaver.gob.mx\/difusion\/wp-json\/wp\/v2\/posts\/3644\/revisions\/3664"}],"wp:featuredmedia":[{"embeddable":true,"href":"https:\/\/www.ssaver.gob.mx\/difusion\/wp-json\/wp\/v2\/media\/3649"}],"wp:attachment":[{"href":"https:\/\/www.ssaver.gob.mx\/difusion\/wp-json\/wp\/v2\/media?parent=3644"}],"wp:term":[{"taxonomy":"category","embeddable":true,"href":"https:\/\/www.ssaver.gob.mx\/difusion\/wp-json\/wp\/v2\/categories?post=3644"},{"taxonomy":"post_tag","embeddable":true,"href":"https:\/\/www.ssaver.gob.mx\/difusion\/wp-json\/wp\/v2\/tags?post=3644"}],"curies":[{"name":"wp","href":"https:\/\/api.w.org\/{rel}","templated":true}]}}