{"id":3759,"date":"2025-02-15T09:11:09","date_gmt":"2025-02-15T15:11:09","guid":{"rendered":"https:\/\/www.ssaver.gob.mx\/difusion\/?p=3759"},"modified":"2025-09-11T13:48:37","modified_gmt":"2025-09-11T18:48:37","slug":"fotogaleria-heroes-de-capa-blanca-combaten-cancer-infantil","status":"publish","type":"post","link":"https:\/\/www.ssaver.gob.mx\/difusion\/2025\/02\/15\/fotogaleria-heroes-de-capa-blanca-combaten-cancer-infantil\/","title":{"rendered":"Fotogaler\u00eda: H\u00e9roes de capa blanca que combaten al c\u00e1ncer infantil en Veracruz"},"content":{"rendered":"\n<div class=\"blockart-slider blockart-slider-7df4238f\"><div class=\"splide\"><div class=\"splide__track\"><ul class=\"splide__list\">\n<li class=\"blockart-slide blockart-slide-f155106f splide__slide\">\n<figure class=\"wp-block-image size-large\"><img loading=\"lazy\" decoding=\"async\" width=\"1024\" height=\"683\" src=\"https:\/\/www.ssaver.gob.mx\/difusion\/wp-content\/uploads\/sites\/23\/2025\/02\/RENE-2-1-1024x683.jpg\" alt=\"\" class=\"wp-image-3710\" srcset=\"https:\/\/www.ssaver.gob.mx\/difusion\/wp-content\/uploads\/sites\/23\/2025\/02\/RENE-2-1-1024x683.jpg 1024w, https:\/\/www.ssaver.gob.mx\/difusion\/wp-content\/uploads\/sites\/23\/2025\/02\/RENE-2-1-300x200.jpg 300w, https:\/\/www.ssaver.gob.mx\/difusion\/wp-content\/uploads\/sites\/23\/2025\/02\/RENE-2-1-768x512.jpg 768w, https:\/\/www.ssaver.gob.mx\/difusion\/wp-content\/uploads\/sites\/23\/2025\/02\/RENE-2-1-1536x1024.jpg 1536w, https:\/\/www.ssaver.gob.mx\/difusion\/wp-content\/uploads\/sites\/23\/2025\/02\/RENE-2-1-2048x1365.jpg 2048w\" sizes=\"auto, (max-width: 1024px) 100vw, 1024px\" \/><figcaption class=\"wp-element-caption\">Entrevista con el enfermero del Centro Estatal de Cancerolog\u00eda \u00abDr. Miguel Dorantes Meza\u00bb, \u00d3scar Ren\u00e9 Carmona Mora. Foto: Jorge Serratos\/ Secretaria de Salud.<\/figcaption><\/figure>\n<\/li>\n\n\n\n<li class=\"blockart-slide blockart-slide-b8f5521a splide__slide\">\n<figure class=\"wp-block-image size-large\"><img loading=\"lazy\" decoding=\"async\" width=\"1024\" height=\"683\" src=\"https:\/\/www.ssaver.gob.mx\/difusion\/wp-content\/uploads\/sites\/23\/2025\/02\/RENE-3-1-1024x683.jpg\" alt=\"\" class=\"wp-image-3711\" srcset=\"https:\/\/www.ssaver.gob.mx\/difusion\/wp-content\/uploads\/sites\/23\/2025\/02\/RENE-3-1-1024x683.jpg 1024w, https:\/\/www.ssaver.gob.mx\/difusion\/wp-content\/uploads\/sites\/23\/2025\/02\/RENE-3-1-300x200.jpg 300w, https:\/\/www.ssaver.gob.mx\/difusion\/wp-content\/uploads\/sites\/23\/2025\/02\/RENE-3-1-768x512.jpg 768w, https:\/\/www.ssaver.gob.mx\/difusion\/wp-content\/uploads\/sites\/23\/2025\/02\/RENE-3-1-1536x1024.jpg 1536w, https:\/\/www.ssaver.gob.mx\/difusion\/wp-content\/uploads\/sites\/23\/2025\/02\/RENE-3-1-2048x1365.jpg 2048w\" sizes=\"auto, (max-width: 1024px) 100vw, 1024px\" \/><figcaption class=\"wp-element-caption\">Entrevista con el enfermero del Centro Estatal de Cancerolog\u00eda \u00abDr. Miguel Dorantes Meza\u00bb, \u00d3scar Ren\u00e9 Carmona Mora. Foto: Jorge Serratos\/ Secretaria de Salud.<\/figcaption><\/figure>\n<\/li>\n\n\n\n<li class=\"blockart-slide blockart-slide-e27234e0 splide__slide\">\n<figure class=\"wp-block-image size-large\"><img loading=\"lazy\" decoding=\"async\" width=\"1024\" height=\"683\" src=\"https:\/\/www.ssaver.gob.mx\/difusion\/wp-content\/uploads\/sites\/23\/2025\/02\/RENE-4-1-1024x683.jpg\" alt=\"\" class=\"wp-image-3712\" srcset=\"https:\/\/www.ssaver.gob.mx\/difusion\/wp-content\/uploads\/sites\/23\/2025\/02\/RENE-4-1-1024x683.jpg 1024w, https:\/\/www.ssaver.gob.mx\/difusion\/wp-content\/uploads\/sites\/23\/2025\/02\/RENE-4-1-300x200.jpg 300w, https:\/\/www.ssaver.gob.mx\/difusion\/wp-content\/uploads\/sites\/23\/2025\/02\/RENE-4-1-768x512.jpg 768w, https:\/\/www.ssaver.gob.mx\/difusion\/wp-content\/uploads\/sites\/23\/2025\/02\/RENE-4-1-1536x1024.jpg 1536w, https:\/\/www.ssaver.gob.mx\/difusion\/wp-content\/uploads\/sites\/23\/2025\/02\/RENE-4-1-2048x1366.jpg 2048w\" sizes=\"auto, (max-width: 1024px) 100vw, 1024px\" \/><figcaption class=\"wp-element-caption\">Entrevista con el enfermero del Centro Estatal de Cancerolog\u00eda \u00abDr. Miguel Dorantes Meza\u00bb, \u00d3scar Ren\u00e9 Carmona Mora. Foto: Jorge Serratos\/ Secretaria de Salud.Foto: Marco Antonio\/ Secretaria de Salud.<\/figcaption><\/figure>\n<\/li>\n\n\n\n<li class=\"blockart-slide blockart-slide-f293930c splide__slide\">\n<figure class=\"wp-block-image size-full is-resized\"><img loading=\"lazy\" decoding=\"async\" width=\"2560\" height=\"1707\" src=\"https:\/\/www.ssaver.gob.mx\/difusion\/wp-content\/uploads\/sites\/23\/2025\/02\/INGRID-5-scaled.jpg\" alt=\"\" class=\"wp-image-3713\" style=\"width:1139px;height:auto\" srcset=\"https:\/\/www.ssaver.gob.mx\/difusion\/wp-content\/uploads\/sites\/23\/2025\/02\/INGRID-5-scaled.jpg 2560w, https:\/\/www.ssaver.gob.mx\/difusion\/wp-content\/uploads\/sites\/23\/2025\/02\/INGRID-5-300x200.jpg 300w, https:\/\/www.ssaver.gob.mx\/difusion\/wp-content\/uploads\/sites\/23\/2025\/02\/INGRID-5-1024x683.jpg 1024w, https:\/\/www.ssaver.gob.mx\/difusion\/wp-content\/uploads\/sites\/23\/2025\/02\/INGRID-5-768x512.jpg 768w, https:\/\/www.ssaver.gob.mx\/difusion\/wp-content\/uploads\/sites\/23\/2025\/02\/INGRID-5-1536x1024.jpg 1536w, https:\/\/www.ssaver.gob.mx\/difusion\/wp-content\/uploads\/sites\/23\/2025\/02\/INGRID-5-2048x1366.jpg 2048w\" sizes=\"auto, (max-width: 2560px) 100vw, 2560px\" \/><figcaption class=\"wp-element-caption\">La psic\u00f3loga Ingrid Griset Ortiz Riveros del Centro Estatal de Cancerolog\u00eda \u00abDr. Miguel Dorantes Meza\u00bb. Foto: Jorge Serratos \/ Secretar\u00eda de Salud<\/figcaption><\/figure>\n<\/li>\n\n\n\n<li class=\"blockart-slide blockart-slide-1228e1ea splide__slide\">\n<figure class=\"wp-block-image size-large\"><img loading=\"lazy\" decoding=\"async\" width=\"1024\" height=\"682\" src=\"https:\/\/www.ssaver.gob.mx\/difusion\/wp-content\/uploads\/sites\/23\/2025\/02\/PHOTO-2025-02-19-15-03-31-1024x682.jpg\" alt=\"\" class=\"wp-image-3839\" srcset=\"https:\/\/www.ssaver.gob.mx\/difusion\/wp-content\/uploads\/sites\/23\/2025\/02\/PHOTO-2025-02-19-15-03-31-1024x682.jpg 1024w, https:\/\/www.ssaver.gob.mx\/difusion\/wp-content\/uploads\/sites\/23\/2025\/02\/PHOTO-2025-02-19-15-03-31-300x200.jpg 300w, https:\/\/www.ssaver.gob.mx\/difusion\/wp-content\/uploads\/sites\/23\/2025\/02\/PHOTO-2025-02-19-15-03-31-768x512.jpg 768w, https:\/\/www.ssaver.gob.mx\/difusion\/wp-content\/uploads\/sites\/23\/2025\/02\/PHOTO-2025-02-19-15-03-31.jpg 1280w\" sizes=\"auto, (max-width: 1024px) 100vw, 1024px\" \/><figcaption class=\"wp-element-caption\">La psic\u00f3loga Ingrid Griset Ortiz Riveros del Centro Estatal de Cancerolog\u00eda \u00abDr. Miguel Dorantes Meza\u00bb. Foto: Jorge Serratos \/ Secretar\u00eda de Salud<\/figcaption><\/figure>\n<\/li>\n\n\n\n<li class=\"blockart-slide blockart-slide-0141989d splide__slide\">\n<figure class=\"wp-block-image size-large\"><img loading=\"lazy\" decoding=\"async\" width=\"1024\" height=\"683\" src=\"https:\/\/www.ssaver.gob.mx\/difusion\/wp-content\/uploads\/sites\/23\/2025\/02\/INGRID-7-1024x683.jpg\" alt=\"\" class=\"wp-image-3715\" srcset=\"https:\/\/www.ssaver.gob.mx\/difusion\/wp-content\/uploads\/sites\/23\/2025\/02\/INGRID-7-1024x683.jpg 1024w, https:\/\/www.ssaver.gob.mx\/difusion\/wp-content\/uploads\/sites\/23\/2025\/02\/INGRID-7-300x200.jpg 300w, https:\/\/www.ssaver.gob.mx\/difusion\/wp-content\/uploads\/sites\/23\/2025\/02\/INGRID-7-768x512.jpg 768w, https:\/\/www.ssaver.gob.mx\/difusion\/wp-content\/uploads\/sites\/23\/2025\/02\/INGRID-7-1536x1024.jpg 1536w, https:\/\/www.ssaver.gob.mx\/difusion\/wp-content\/uploads\/sites\/23\/2025\/02\/INGRID-7-2048x1365.jpg 2048w\" sizes=\"auto, (max-width: 1024px) 100vw, 1024px\" \/><figcaption class=\"wp-element-caption\">La psic\u00f3loga Ingrid Griset Ortiz Riveros del Centro Estatal de Cancerolog\u00eda \u00abDr. Miguel Dorantes Meza\u00bb. Foto: Jorge Serratos \/ Secretar\u00eda de Salud.<\/figcaption><\/figure>\n<\/li>\n\n\n\n<li class=\"blockart-slide blockart-slide-d6a103a3 splide__slide\">\n<figure class=\"wp-block-image size-full\"><img loading=\"lazy\" decoding=\"async\" width=\"2560\" height=\"1706\" src=\"https:\/\/www.ssaver.gob.mx\/difusion\/wp-content\/uploads\/sites\/23\/2025\/02\/JOSE-8-1-scaled.jpg\" alt=\"\" class=\"wp-image-3716\" srcset=\"https:\/\/www.ssaver.gob.mx\/difusion\/wp-content\/uploads\/sites\/23\/2025\/02\/JOSE-8-1-scaled.jpg 2560w, https:\/\/www.ssaver.gob.mx\/difusion\/wp-content\/uploads\/sites\/23\/2025\/02\/JOSE-8-1-300x200.jpg 300w, https:\/\/www.ssaver.gob.mx\/difusion\/wp-content\/uploads\/sites\/23\/2025\/02\/JOSE-8-1-1024x683.jpg 1024w, https:\/\/www.ssaver.gob.mx\/difusion\/wp-content\/uploads\/sites\/23\/2025\/02\/JOSE-8-1-768x512.jpg 768w, https:\/\/www.ssaver.gob.mx\/difusion\/wp-content\/uploads\/sites\/23\/2025\/02\/JOSE-8-1-1536x1024.jpg 1536w, https:\/\/www.ssaver.gob.mx\/difusion\/wp-content\/uploads\/sites\/23\/2025\/02\/JOSE-8-1-2048x1365.jpg 2048w\" sizes=\"auto, (max-width: 2560px) 100vw, 2560px\" \/><figcaption class=\"wp-element-caption\">El onc\u00f3logo Jos\u00e9 Jes\u00fas Loeza Oliva, del Centro Estatal de Cancerolog\u00eda \u00abDr.Miguel Dorantes Meza\u00bb. Foto: Jorge Serratos\/ Secretar\u00eda de Salud.<\/figcaption><\/figure>\n<\/li>\n\n\n\n<li class=\"blockart-slide blockart-slide-abde4e84 splide__slide\">\n<figure class=\"wp-block-image size-large\"><img loading=\"lazy\" decoding=\"async\" width=\"1024\" height=\"683\" src=\"https:\/\/www.ssaver.gob.mx\/difusion\/wp-content\/uploads\/sites\/23\/2025\/02\/JOSE-9-1-1024x683.jpg\" alt=\"\" class=\"wp-image-3717\" srcset=\"https:\/\/www.ssaver.gob.mx\/difusion\/wp-content\/uploads\/sites\/23\/2025\/02\/JOSE-9-1-1024x683.jpg 1024w, https:\/\/www.ssaver.gob.mx\/difusion\/wp-content\/uploads\/sites\/23\/2025\/02\/JOSE-9-1-300x200.jpg 300w, https:\/\/www.ssaver.gob.mx\/difusion\/wp-content\/uploads\/sites\/23\/2025\/02\/JOSE-9-1-768x512.jpg 768w, https:\/\/www.ssaver.gob.mx\/difusion\/wp-content\/uploads\/sites\/23\/2025\/02\/JOSE-9-1-1536x1024.jpg 1536w, https:\/\/www.ssaver.gob.mx\/difusion\/wp-content\/uploads\/sites\/23\/2025\/02\/JOSE-9-1-2048x1366.jpg 2048w\" sizes=\"auto, (max-width: 1024px) 100vw, 1024px\" \/><figcaption class=\"wp-element-caption\">El onc\u00f3logo Jos\u00e9 Jes\u00fas Loeza Oliva, del Centro Estatal de Cancerolog\u00eda \u00abDr.Miguel Dorantes Meza\u00bb. Foto: Jorge Serratos\/ Secretar\u00eda de Salud.<\/figcaption><\/figure>\n<\/li>\n\n\n\n<li class=\"blockart-slide blockart-slide-065fba24 splide__slide\">\n<figure class=\"wp-block-image size-full\"><img loading=\"lazy\" decoding=\"async\" width=\"960\" height=\"640\" src=\"https:\/\/www.ssaver.gob.mx\/difusion\/wp-content\/uploads\/sites\/23\/2025\/02\/JOSE-10-1.jpg\" alt=\"\" class=\"wp-image-3718\" srcset=\"https:\/\/www.ssaver.gob.mx\/difusion\/wp-content\/uploads\/sites\/23\/2025\/02\/JOSE-10-1.jpg 960w, https:\/\/www.ssaver.gob.mx\/difusion\/wp-content\/uploads\/sites\/23\/2025\/02\/JOSE-10-1-300x200.jpg 300w, https:\/\/www.ssaver.gob.mx\/difusion\/wp-content\/uploads\/sites\/23\/2025\/02\/JOSE-10-1-768x512.jpg 768w\" sizes=\"auto, (max-width: 960px) 100vw, 960px\" \/><figcaption class=\"wp-element-caption\">El onc\u00f3logo Jos\u00e9 Jes\u00fas Loeza Oliva, del Centro Estatal de Cancerolog\u00eda \u00abDr.Miguel Dorantes Meza\u00bb. Foto: Jorge Serratos\/ Secretar\u00eda de Salud.<\/figcaption><\/figure>\n<\/li>\n\n\n\n<li class=\"blockart-slide blockart-slide-d72ff7f0 splide__slide\">\n<figure class=\"wp-block-image size-large\"><img loading=\"lazy\" decoding=\"async\" width=\"1024\" height=\"683\" src=\"https:\/\/www.ssaver.gob.mx\/difusion\/wp-content\/uploads\/sites\/23\/2025\/02\/DIANA-11-1-1024x683.jpg\" alt=\"\" class=\"wp-image-3719\" srcset=\"https:\/\/www.ssaver.gob.mx\/difusion\/wp-content\/uploads\/sites\/23\/2025\/02\/DIANA-11-1-1024x683.jpg 1024w, https:\/\/www.ssaver.gob.mx\/difusion\/wp-content\/uploads\/sites\/23\/2025\/02\/DIANA-11-1-300x200.jpg 300w, https:\/\/www.ssaver.gob.mx\/difusion\/wp-content\/uploads\/sites\/23\/2025\/02\/DIANA-11-1-768x512.jpg 768w, https:\/\/www.ssaver.gob.mx\/difusion\/wp-content\/uploads\/sites\/23\/2025\/02\/DIANA-11-1-1536x1024.jpg 1536w, https:\/\/www.ssaver.gob.mx\/difusion\/wp-content\/uploads\/sites\/23\/2025\/02\/DIANA-11-1-2048x1366.jpg 2048w\" sizes=\"auto, (max-width: 1024px) 100vw, 1024px\" \/><figcaption class=\"wp-element-caption\">La onc\u00f3loga Diana Magnolia Reyes Morales, del Centro Estatal de Cancerolog\u00eda \u00abDr.Miguel Dorantes Meza\u00bb. Foto: Jorge Serratos\/ Secretar\u00eda de Salud.<\/figcaption><\/figure>\n<\/li>\n\n\n\n<li class=\"blockart-slide blockart-slide-0003933f splide__slide\">\n<figure class=\"wp-block-image size-large\"><img loading=\"lazy\" decoding=\"async\" width=\"1024\" height=\"683\" src=\"https:\/\/www.ssaver.gob.mx\/difusion\/wp-content\/uploads\/sites\/23\/2025\/02\/DIANA-12-1-1024x683.jpg\" alt=\"\" class=\"wp-image-3720\" srcset=\"https:\/\/www.ssaver.gob.mx\/difusion\/wp-content\/uploads\/sites\/23\/2025\/02\/DIANA-12-1-1024x683.jpg 1024w, https:\/\/www.ssaver.gob.mx\/difusion\/wp-content\/uploads\/sites\/23\/2025\/02\/DIANA-12-1-300x200.jpg 300w, https:\/\/www.ssaver.gob.mx\/difusion\/wp-content\/uploads\/sites\/23\/2025\/02\/DIANA-12-1-768x512.jpg 768w, https:\/\/www.ssaver.gob.mx\/difusion\/wp-content\/uploads\/sites\/23\/2025\/02\/DIANA-12-1-1536x1024.jpg 1536w, https:\/\/www.ssaver.gob.mx\/difusion\/wp-content\/uploads\/sites\/23\/2025\/02\/DIANA-12-1-2048x1365.jpg 2048w\" sizes=\"auto, (max-width: 1024px) 100vw, 1024px\" \/><figcaption class=\"wp-element-caption\">La onc\u00f3loga Diana Magnolia Reyes Morales, del Centro Estatal de Cancerolog\u00eda \u00abDr.Miguel Dorantes Meza\u00bb. Foto: Jorge Serratos\/ Secretar\u00eda de Salud<\/figcaption><\/figure>\n<\/li>\n\n\n\n<li class=\"blockart-slide blockart-slide-3d917a0a splide__slide\">\n<figure class=\"wp-block-image size-large\"><img loading=\"lazy\" decoding=\"async\" width=\"1024\" height=\"683\" src=\"https:\/\/www.ssaver.gob.mx\/difusion\/wp-content\/uploads\/sites\/23\/2025\/02\/DIANA-13-1-1024x683.jpg\" alt=\"\" class=\"wp-image-3721\" srcset=\"https:\/\/www.ssaver.gob.mx\/difusion\/wp-content\/uploads\/sites\/23\/2025\/02\/DIANA-13-1-1024x683.jpg 1024w, https:\/\/www.ssaver.gob.mx\/difusion\/wp-content\/uploads\/sites\/23\/2025\/02\/DIANA-13-1-300x200.jpg 300w, https:\/\/www.ssaver.gob.mx\/difusion\/wp-content\/uploads\/sites\/23\/2025\/02\/DIANA-13-1-768x512.jpg 768w, https:\/\/www.ssaver.gob.mx\/difusion\/wp-content\/uploads\/sites\/23\/2025\/02\/DIANA-13-1-1536x1024.jpg 1536w, https:\/\/www.ssaver.gob.mx\/difusion\/wp-content\/uploads\/sites\/23\/2025\/02\/DIANA-13-1-2048x1366.jpg 2048w\" sizes=\"auto, (max-width: 1024px) 100vw, 1024px\" \/><figcaption class=\"wp-element-caption\">La onc\u00f3loga Diana Magnolia Reyes Morales, del Centro Estatal de Cancerolog\u00eda \u00abDr.Miguel Dorantes Meza\u00bb. Foto: Jorge Serratos\/ Secretar\u00eda de Salud.<\/figcaption><\/figure>\n<\/li>\n<\/ul><\/div><div class=\"splide__arrows\"><div role=\"button\" class=\"splide__arrow splide__arrow--prev\"><\/div><div role=\"button\" class=\"splide__arrow splide__arrow--next\"><\/div><\/div><\/div><\/div>\n","protected":false},"excerpt":{"rendered":"","protected":false},"author":59,"featured_media":3762,"comment_status":"closed","ping_status":"closed","sticky":false,"template":"","format":"standard","meta":{"colormag_page_container_layout":"default_layout","colormag_page_sidebar_layout":"default_layout","footnotes":""},"categories":[120,115],"tags":[750,207,143,124,751,141,189,184,142],"class_list":["post-3759","post","type-post","status-publish","format-standard","has-post-thumbnail","hentry","category-galeria-de-la-salud","category-general","tag-apoyo-del-director-general","tag-cancer-infantil","tag-cecan","tag-fotogaleria","tag-juan-pablo-uribe-gonzalez","tag-salud","tag-secretaria-de-salud-de-veracruz","tag-sesver","tag-veracruz"],"_links":{"self":[{"href":"https:\/\/www.ssaver.gob.mx\/difusion\/wp-json\/wp\/v2\/posts\/3759","targetHints":{"allow":["GET"]}}],"collection":[{"href":"https:\/\/www.ssaver.gob.mx\/difusion\/wp-json\/wp\/v2\/posts"}],"about":[{"href":"https:\/\/www.ssaver.gob.mx\/difusion\/wp-json\/wp\/v2\/types\/post"}],"author":[{"embeddable":true,"href":"https:\/\/www.ssaver.gob.mx\/difusion\/wp-json\/wp\/v2\/users\/59"}],"replies":[{"embeddable":true,"href":"https:\/\/www.ssaver.gob.mx\/difusion\/wp-json\/wp\/v2\/comments?post=3759"}],"version-history":[{"count":4,"href":"https:\/\/www.ssaver.gob.mx\/difusion\/wp-json\/wp\/v2\/posts\/3759\/revisions"}],"predecessor-version":[{"id":4379,"href":"https:\/\/www.ssaver.gob.mx\/difusion\/wp-json\/wp\/v2\/posts\/3759\/revisions\/4379"}],"wp:featuredmedia":[{"embeddable":true,"href":"https:\/\/www.ssaver.gob.mx\/difusion\/wp-json\/wp\/v2\/media\/3762"}],"wp:attachment":[{"href":"https:\/\/www.ssaver.gob.mx\/difusion\/wp-json\/wp\/v2\/media?parent=3759"}],"wp:term":[{"taxonomy":"category","embeddable":true,"href":"https:\/\/www.ssaver.gob.mx\/difusion\/wp-json\/wp\/v2\/categories?post=3759"},{"taxonomy":"post_tag","embeddable":true,"href":"https:\/\/www.ssaver.gob.mx\/difusion\/wp-json\/wp\/v2\/tags?post=3759"}],"curies":[{"name":"wp","href":"https:\/\/api.w.org\/{rel}","templated":true}]}}