{"id":3822,"date":"2025-02-19T12:34:28","date_gmt":"2025-02-19T18:34:28","guid":{"rendered":"https:\/\/www.ssaver.gob.mx\/difusion\/?p=3822"},"modified":"2025-09-11T13:49:34","modified_gmt":"2025-09-11T18:49:34","slug":"instalan-comision-mixta-de-capacitacion-en-salud","status":"publish","type":"post","link":"https:\/\/www.ssaver.gob.mx\/difusion\/2025\/02\/19\/instalan-comision-mixta-de-capacitacion-en-salud\/","title":{"rendered":"Instalan Comisi\u00f3n Mixta de Capacitaci\u00f3n en el sector salud"},"content":{"rendered":"\n<p class=\"blockart-paragraph blockart-paragraph-315587ad\"><strong>Instalan Comisi\u00f3n Mixta de Capacitaci\u00f3n en el sector salud<\/strong><\/p>\n\n\n\n<p class=\"blockart-paragraph blockart-paragraph-ce12e3b7\">&#8211; Autoridades y sindicatos, unidos por la preparaci\u00f3n permanente del personal<br><\/p>\n\n\n\n<p>Xalapa, Ver., mi\u00e9rcoles 19 de febrero de 2025.- Con la integraci\u00f3n de la Comisi\u00f3n Central Mixta de Capacitaci\u00f3n, la Secretar\u00eda de Salud reafirma el compromiso de promover, evaluar y garantizar el cumplimiento de los programas de formaci\u00f3n continua del personal.<\/p>\n\n\n\n<p>La conformaci\u00f3n de este \u00f3rgano colegiado, en el que participan 22 representaciones institucionales y 22 sindicales con perfiles multidisciplinarios, garantizar\u00e1 que los trabajadores reciban las actualizaciones necesarias para fortalecer sus capacidades y derechos laborales, y as\u00ed&nbsp; ofrecer servicios de salud con altos est\u00e1ndares de calidad.<\/p>\n\n\n\n<p>Durante la instalaci\u00f3n de la Comisi\u00f3n, el titular de la dependencia, Valent\u00edn Herrera Alarc\u00f3n, exhort\u00f3 a las autoridades y a los representantes gremiales a trabajar unidos a fin de reforzar la capacitaci\u00f3n de quienes brindan atenci\u00f3n m\u00e9dica a m\u00e1s de ocho millones de veracruzanos.<\/p>\n\n\n\n<p>Indic\u00f3 que una colaboraci\u00f3n estrecha permitir\u00e1 concretar los planes institucionales para contar con una fuerza laboral preparada en todas las \u00e1reas de la Secretar\u00eda.<\/p>\n\n\n\n<figure class=\"wp-block-gallery has-nested-images columns-default is-cropped wp-block-gallery-1 is-layout-flex wp-block-gallery-is-layout-flex\">\n<figure class=\"wp-block-image size-large\"><img loading=\"lazy\" decoding=\"async\" width=\"1024\" height=\"682\" data-id=\"3823\" src=\"https:\/\/www.ssaver.gob.mx\/difusion\/wp-content\/uploads\/sites\/23\/2025\/02\/PHOTO-2025-02-19-12-13-18-5-1024x682.jpg\" alt=\"\" class=\"wp-image-3823\" srcset=\"https:\/\/www.ssaver.gob.mx\/difusion\/wp-content\/uploads\/sites\/23\/2025\/02\/PHOTO-2025-02-19-12-13-18-5-1024x682.jpg 1024w, https:\/\/www.ssaver.gob.mx\/difusion\/wp-content\/uploads\/sites\/23\/2025\/02\/PHOTO-2025-02-19-12-13-18-5-300x200.jpg 300w, https:\/\/www.ssaver.gob.mx\/difusion\/wp-content\/uploads\/sites\/23\/2025\/02\/PHOTO-2025-02-19-12-13-18-5-768x512.jpg 768w, https:\/\/www.ssaver.gob.mx\/difusion\/wp-content\/uploads\/sites\/23\/2025\/02\/PHOTO-2025-02-19-12-13-18-5-1536x1023.jpg 1536w, https:\/\/www.ssaver.gob.mx\/difusion\/wp-content\/uploads\/sites\/23\/2025\/02\/PHOTO-2025-02-19-12-13-18-5.jpg 1600w\" sizes=\"auto, (max-width: 1024px) 100vw, 1024px\" \/><\/figure>\n\n\n\n<figure class=\"wp-block-image size-large\"><img loading=\"lazy\" decoding=\"async\" width=\"1024\" height=\"682\" data-id=\"3829\" src=\"https:\/\/www.ssaver.gob.mx\/difusion\/wp-content\/uploads\/sites\/23\/2025\/02\/4-1-1024x682.jpg\" alt=\"\" class=\"wp-image-3829\" srcset=\"https:\/\/www.ssaver.gob.mx\/difusion\/wp-content\/uploads\/sites\/23\/2025\/02\/4-1-1024x682.jpg 1024w, https:\/\/www.ssaver.gob.mx\/difusion\/wp-content\/uploads\/sites\/23\/2025\/02\/4-1-300x200.jpg 300w, https:\/\/www.ssaver.gob.mx\/difusion\/wp-content\/uploads\/sites\/23\/2025\/02\/4-1-768x512.jpg 768w, https:\/\/www.ssaver.gob.mx\/difusion\/wp-content\/uploads\/sites\/23\/2025\/02\/4-1-1536x1023.jpg 1536w, https:\/\/www.ssaver.gob.mx\/difusion\/wp-content\/uploads\/sites\/23\/2025\/02\/4-1.jpg 1600w\" sizes=\"auto, (max-width: 1024px) 100vw, 1024px\" \/><\/figure>\n\n\n\n<figure class=\"wp-block-image size-large\"><img loading=\"lazy\" decoding=\"async\" width=\"1024\" height=\"682\" data-id=\"3830\" src=\"https:\/\/www.ssaver.gob.mx\/difusion\/wp-content\/uploads\/sites\/23\/2025\/02\/5-2-1024x682.jpg\" alt=\"\" class=\"wp-image-3830\" srcset=\"https:\/\/www.ssaver.gob.mx\/difusion\/wp-content\/uploads\/sites\/23\/2025\/02\/5-2-1024x682.jpg 1024w, https:\/\/www.ssaver.gob.mx\/difusion\/wp-content\/uploads\/sites\/23\/2025\/02\/5-2-300x200.jpg 300w, https:\/\/www.ssaver.gob.mx\/difusion\/wp-content\/uploads\/sites\/23\/2025\/02\/5-2-768x512.jpg 768w, https:\/\/www.ssaver.gob.mx\/difusion\/wp-content\/uploads\/sites\/23\/2025\/02\/5-2-1536x1023.jpg 1536w, https:\/\/www.ssaver.gob.mx\/difusion\/wp-content\/uploads\/sites\/23\/2025\/02\/5-2.jpg 1600w\" sizes=\"auto, (max-width: 1024px) 100vw, 1024px\" \/><\/figure>\n\n\n\n<figure class=\"wp-block-image size-large\"><img loading=\"lazy\" decoding=\"async\" width=\"1024\" height=\"683\" data-id=\"3827\" src=\"https:\/\/www.ssaver.gob.mx\/difusion\/wp-content\/uploads\/sites\/23\/2025\/02\/2-3-1024x683.jpg\" alt=\"\" class=\"wp-image-3827\" srcset=\"https:\/\/www.ssaver.gob.mx\/difusion\/wp-content\/uploads\/sites\/23\/2025\/02\/2-3-1024x683.jpg 1024w, https:\/\/www.ssaver.gob.mx\/difusion\/wp-content\/uploads\/sites\/23\/2025\/02\/2-3-300x200.jpg 300w, https:\/\/www.ssaver.gob.mx\/difusion\/wp-content\/uploads\/sites\/23\/2025\/02\/2-3-768x512.jpg 768w, https:\/\/www.ssaver.gob.mx\/difusion\/wp-content\/uploads\/sites\/23\/2025\/02\/2-3-1536x1024.jpg 1536w, https:\/\/www.ssaver.gob.mx\/difusion\/wp-content\/uploads\/sites\/23\/2025\/02\/2-3.jpg 1600w\" sizes=\"auto, (max-width: 1024px) 100vw, 1024px\" \/><\/figure>\n\n\n\n<figure class=\"wp-block-image size-large\"><img loading=\"lazy\" decoding=\"async\" width=\"2560\" height=\"1218\" data-id=\"3832\" src=\"https:\/\/www.ssaver.gob.mx\/difusion\/wp-content\/uploads\/sites\/23\/2025\/02\/7-1024x487.jpg\" alt=\"\" class=\"wp-image-3832\" srcset=\"https:\/\/www.ssaver.gob.mx\/difusion\/wp-content\/uploads\/sites\/23\/2025\/02\/7-1024x487.jpg 1024w, https:\/\/www.ssaver.gob.mx\/difusion\/wp-content\/uploads\/sites\/23\/2025\/02\/7-300x143.jpg 300w, https:\/\/www.ssaver.gob.mx\/difusion\/wp-content\/uploads\/sites\/23\/2025\/02\/7-768x365.jpg 768w, https:\/\/www.ssaver.gob.mx\/difusion\/wp-content\/uploads\/sites\/23\/2025\/02\/7-1536x731.jpg 1536w, https:\/\/www.ssaver.gob.mx\/difusion\/wp-content\/uploads\/sites\/23\/2025\/02\/7-2048x974.jpg 2048w\" sizes=\"auto, (max-width: 2560px) 100vw, 2560px\" \/><\/figure>\n\n\n\n<figure class=\"wp-block-image size-large\"><img loading=\"lazy\" decoding=\"async\" width=\"733\" height=\"1024\" data-id=\"3831\" src=\"https:\/\/www.ssaver.gob.mx\/difusion\/wp-content\/uploads\/sites\/23\/2025\/02\/6-1-733x1024.jpg\" alt=\"\" class=\"wp-image-3831\" srcset=\"https:\/\/www.ssaver.gob.mx\/difusion\/wp-content\/uploads\/sites\/23\/2025\/02\/6-1-733x1024.jpg 733w, https:\/\/www.ssaver.gob.mx\/difusion\/wp-content\/uploads\/sites\/23\/2025\/02\/6-1-215x300.jpg 215w, https:\/\/www.ssaver.gob.mx\/difusion\/wp-content\/uploads\/sites\/23\/2025\/02\/6-1-768x1073.jpg 768w, https:\/\/www.ssaver.gob.mx\/difusion\/wp-content\/uploads\/sites\/23\/2025\/02\/6-1-1099x1536.jpg 1099w, https:\/\/www.ssaver.gob.mx\/difusion\/wp-content\/uploads\/sites\/23\/2025\/02\/6-1.jpg 1145w\" sizes=\"auto, (max-width: 733px) 100vw, 733px\" \/><\/figure>\n<\/figure>\n","protected":false},"excerpt":{"rendered":"<p>Xalapa, Ver., mi\u00e9rcoles 19 de febrero de 2025.- Con la integraci\u00f3n de la Comisi\u00f3n Central Mixta de Capacitaci\u00f3n, la Secretar\u00eda<\/p>\n","protected":false},"author":59,"featured_media":3823,"comment_status":"closed","ping_status":"closed","sticky":false,"template":"","format":"standard","meta":{"colormag_page_container_layout":"default_layout","colormag_page_sidebar_layout":"default_layout","footnotes":""},"categories":[119,115],"tags":[750,751,141,189,184,191],"class_list":["post-3822","post","type-post","status-publish","format-standard","has-post-thumbnail","hentry","category-comunicados","category-general","tag-apoyo-del-director-general","tag-juan-pablo-uribe-gonzalez","tag-salud","tag-secretaria-de-salud-de-veracruz","tag-sesver","tag-valentin-herrera-alarcon"],"_links":{"self":[{"href":"https:\/\/www.ssaver.gob.mx\/difusion\/wp-json\/wp\/v2\/posts\/3822","targetHints":{"allow":["GET"]}}],"collection":[{"href":"https:\/\/www.ssaver.gob.mx\/difusion\/wp-json\/wp\/v2\/posts"}],"about":[{"href":"https:\/\/www.ssaver.gob.mx\/difusion\/wp-json\/wp\/v2\/types\/post"}],"author":[{"embeddable":true,"href":"https:\/\/www.ssaver.gob.mx\/difusion\/wp-json\/wp\/v2\/users\/59"}],"replies":[{"embeddable":true,"href":"https:\/\/www.ssaver.gob.mx\/difusion\/wp-json\/wp\/v2\/comments?post=3822"}],"version-history":[{"count":3,"href":"https:\/\/www.ssaver.gob.mx\/difusion\/wp-json\/wp\/v2\/posts\/3822\/revisions"}],"predecessor-version":[{"id":3837,"href":"https:\/\/www.ssaver.gob.mx\/difusion\/wp-json\/wp\/v2\/posts\/3822\/revisions\/3837"}],"wp:featuredmedia":[{"embeddable":true,"href":"https:\/\/www.ssaver.gob.mx\/difusion\/wp-json\/wp\/v2\/media\/3823"}],"wp:attachment":[{"href":"https:\/\/www.ssaver.gob.mx\/difusion\/wp-json\/wp\/v2\/media?parent=3822"}],"wp:term":[{"taxonomy":"category","embeddable":true,"href":"https:\/\/www.ssaver.gob.mx\/difusion\/wp-json\/wp\/v2\/categories?post=3822"},{"taxonomy":"post_tag","embeddable":true,"href":"https:\/\/www.ssaver.gob.mx\/difusion\/wp-json\/wp\/v2\/tags?post=3822"}],"curies":[{"name":"wp","href":"https:\/\/api.w.org\/{rel}","templated":true}]}}