{"id":3901,"date":"2025-02-23T12:25:57","date_gmt":"2025-02-23T18:25:57","guid":{"rendered":"https:\/\/www.ssaver.gob.mx\/difusion\/?p=3901"},"modified":"2025-09-11T13:50:43","modified_gmt":"2025-09-11T18:50:43","slug":"atencion-medica-garantizada-en-platon-sanchez","status":"publish","type":"post","link":"https:\/\/www.ssaver.gob.mx\/difusion\/2025\/02\/23\/atencion-medica-garantizada-en-platon-sanchez\/","title":{"rendered":"Atenci\u00f3n m\u00e9dica garantizada en la UNEME de Plat\u00f3n S\u00e1nchez tras acuerdo laboral"},"content":{"rendered":"\n<p class=\"blockart-paragraph blockart-paragraph-953b2bf2\"><strong>Atenci\u00f3n m\u00e9dica garantizada en la UNEME de Plat\u00f3n S\u00e1nchez tras acuerdo laboral<\/strong><\/p>\n\n\n\n<p class=\"blockart-paragraph blockart-paragraph-73578eef\">&#8211; Se realizar\u00e1 una supervisi\u00f3n integral para optimizar la operaci\u00f3n de la unidad<br><\/p>\n\n\n\n<p>Plat\u00f3n S\u00e1nchez, Ver., domingo 23 de febrero de 2025.- La Secretar\u00eda de Salud resolvi\u00f3 las inconformidades del personal de la Unidad de Especialidades M\u00e9dicas (UNEME) de este municipio, tras un di\u00e1logo directo que permiti\u00f3 alcanzar acuerdos sin afectar la prestaci\u00f3n de los servicios m\u00e9dicos.\u00a0<\/p>\n\n\n\n<p>Desde el inicio del proceso, la Unidad continu\u00f3 operando con normalidad, garantizando la atenci\u00f3n a la poblaci\u00f3n y como parte de la soluci\u00f3n, el personal de enfermer\u00eda que manten\u00eda una protesta en el exterior de la UNEME concluy\u00f3 su manifestaci\u00f3n.&nbsp;<\/p>\n\n\n\n<p>Para atender las demandas del personal, una comisi\u00f3n de los Servicios de Salud de Veracruz, integrada por funcionarios de Recursos Humanos, la Subdirecci\u00f3n de Enfermer\u00eda, la Subdirecci\u00f3n de Atenci\u00f3n Hospitalaria y el \u00e1rea Jur\u00eddica, acudi\u00f3 a la Unidad, sum\u00e1ndose tambi\u00e9n personal de IMSS-Bienestar.&nbsp;<\/p>\n\n\n\n<p>La Secretar\u00eda realizar\u00e1 una supervisi\u00f3n integral para revisar procesos, plantillas y administraci\u00f3n de recursos en la Unidad M\u00e9dica, con el fin de garantizar su correcto funcionamiento.&nbsp;<\/p>\n\n\n\n<p>Asimismo, se ratific\u00f3 el compromiso de la gobernadora Roc\u00edo Nahle Garc\u00eda y del secretario de Salud, Valent\u00edn Herrera Alarc\u00f3n, con el respeto a los derechos laborales de las y los trabajadores en Veracruz.<\/p>\n\n\n\n<hr class=\"wp-block-separator has-alpha-channel-opacity\" \/>\n\n\n\n<figure class=\"wp-block-gallery has-nested-images columns-default is-cropped wp-block-gallery-1 is-layout-flex wp-block-gallery-is-layout-flex\">\n<figure class=\"wp-block-image size-large\"><img loading=\"lazy\" decoding=\"async\" width=\"1024\" height=\"768\" data-id=\"3902\" src=\"https:\/\/www.ssaver.gob.mx\/difusion\/wp-content\/uploads\/sites\/23\/2025\/02\/PHOTO-2025-02-23-12-05-28-1024x768.jpg\" alt=\"\" class=\"wp-image-3902\" srcset=\"https:\/\/www.ssaver.gob.mx\/difusion\/wp-content\/uploads\/sites\/23\/2025\/02\/PHOTO-2025-02-23-12-05-28-1024x768.jpg 1024w, https:\/\/www.ssaver.gob.mx\/difusion\/wp-content\/uploads\/sites\/23\/2025\/02\/PHOTO-2025-02-23-12-05-28-300x225.jpg 300w, https:\/\/www.ssaver.gob.mx\/difusion\/wp-content\/uploads\/sites\/23\/2025\/02\/PHOTO-2025-02-23-12-05-28-768x576.jpg 768w, https:\/\/www.ssaver.gob.mx\/difusion\/wp-content\/uploads\/sites\/23\/2025\/02\/PHOTO-2025-02-23-12-05-28-1536x1152.jpg 1536w, https:\/\/www.ssaver.gob.mx\/difusion\/wp-content\/uploads\/sites\/23\/2025\/02\/PHOTO-2025-02-23-12-05-28.jpg 1600w\" sizes=\"auto, (max-width: 1024px) 100vw, 1024px\" \/><\/figure>\n\n\n\n<figure class=\"wp-block-image size-large\"><img loading=\"lazy\" decoding=\"async\" width=\"1024\" height=\"682\" data-id=\"3904\" src=\"https:\/\/www.ssaver.gob.mx\/difusion\/wp-content\/uploads\/sites\/23\/2025\/02\/PHOTO-2025-02-23-12-05-29-2-1024x682.jpg\" alt=\"\" class=\"wp-image-3904\" srcset=\"https:\/\/www.ssaver.gob.mx\/difusion\/wp-content\/uploads\/sites\/23\/2025\/02\/PHOTO-2025-02-23-12-05-29-2-1024x682.jpg 1024w, https:\/\/www.ssaver.gob.mx\/difusion\/wp-content\/uploads\/sites\/23\/2025\/02\/PHOTO-2025-02-23-12-05-29-2-300x200.jpg 300w, https:\/\/www.ssaver.gob.mx\/difusion\/wp-content\/uploads\/sites\/23\/2025\/02\/PHOTO-2025-02-23-12-05-29-2-768x512.jpg 768w, https:\/\/www.ssaver.gob.mx\/difusion\/wp-content\/uploads\/sites\/23\/2025\/02\/PHOTO-2025-02-23-12-05-29-2-1536x1023.jpg 1536w, https:\/\/www.ssaver.gob.mx\/difusion\/wp-content\/uploads\/sites\/23\/2025\/02\/PHOTO-2025-02-23-12-05-29-2.jpg 1600w\" sizes=\"auto, (max-width: 1024px) 100vw, 1024px\" \/><\/figure>\n\n\n\n<figure class=\"wp-block-image size-large\"><img loading=\"lazy\" decoding=\"async\" width=\"1024\" height=\"682\" data-id=\"3905\" src=\"https:\/\/www.ssaver.gob.mx\/difusion\/wp-content\/uploads\/sites\/23\/2025\/02\/PHOTO-2025-02-23-12-05-29-3-1024x682.jpg\" alt=\"\" class=\"wp-image-3905\" srcset=\"https:\/\/www.ssaver.gob.mx\/difusion\/wp-content\/uploads\/sites\/23\/2025\/02\/PHOTO-2025-02-23-12-05-29-3-1024x682.jpg 1024w, https:\/\/www.ssaver.gob.mx\/difusion\/wp-content\/uploads\/sites\/23\/2025\/02\/PHOTO-2025-02-23-12-05-29-3-300x200.jpg 300w, https:\/\/www.ssaver.gob.mx\/difusion\/wp-content\/uploads\/sites\/23\/2025\/02\/PHOTO-2025-02-23-12-05-29-3-768x512.jpg 768w, https:\/\/www.ssaver.gob.mx\/difusion\/wp-content\/uploads\/sites\/23\/2025\/02\/PHOTO-2025-02-23-12-05-29-3-1536x1023.jpg 1536w, https:\/\/www.ssaver.gob.mx\/difusion\/wp-content\/uploads\/sites\/23\/2025\/02\/PHOTO-2025-02-23-12-05-29-3.jpg 1600w\" sizes=\"auto, (max-width: 1024px) 100vw, 1024px\" \/><\/figure>\n\n\n\n<figure class=\"wp-block-image size-large\"><img loading=\"lazy\" decoding=\"async\" width=\"1024\" height=\"682\" data-id=\"3907\" src=\"https:\/\/www.ssaver.gob.mx\/difusion\/wp-content\/uploads\/sites\/23\/2025\/02\/PHOTO-2025-02-23-12-05-29-1024x682.jpg\" alt=\"\" class=\"wp-image-3907\" srcset=\"https:\/\/www.ssaver.gob.mx\/difusion\/wp-content\/uploads\/sites\/23\/2025\/02\/PHOTO-2025-02-23-12-05-29-1024x682.jpg 1024w, https:\/\/www.ssaver.gob.mx\/difusion\/wp-content\/uploads\/sites\/23\/2025\/02\/PHOTO-2025-02-23-12-05-29-300x200.jpg 300w, https:\/\/www.ssaver.gob.mx\/difusion\/wp-content\/uploads\/sites\/23\/2025\/02\/PHOTO-2025-02-23-12-05-29-768x512.jpg 768w, https:\/\/www.ssaver.gob.mx\/difusion\/wp-content\/uploads\/sites\/23\/2025\/02\/PHOTO-2025-02-23-12-05-29.jpg 1280w\" sizes=\"auto, (max-width: 1024px) 100vw, 1024px\" \/><\/figure>\n\n\n\n<figure class=\"wp-block-image size-large\"><img loading=\"lazy\" decoding=\"async\" width=\"1024\" height=\"682\" data-id=\"3903\" src=\"https:\/\/www.ssaver.gob.mx\/difusion\/wp-content\/uploads\/sites\/23\/2025\/02\/PHOTO-2025-02-23-12-05-30-2-1024x682.jpg\" alt=\"\" class=\"wp-image-3903\" srcset=\"https:\/\/www.ssaver.gob.mx\/difusion\/wp-content\/uploads\/sites\/23\/2025\/02\/PHOTO-2025-02-23-12-05-30-2-1024x682.jpg 1024w, https:\/\/www.ssaver.gob.mx\/difusion\/wp-content\/uploads\/sites\/23\/2025\/02\/PHOTO-2025-02-23-12-05-30-2-300x200.jpg 300w, https:\/\/www.ssaver.gob.mx\/difusion\/wp-content\/uploads\/sites\/23\/2025\/02\/PHOTO-2025-02-23-12-05-30-2-768x512.jpg 768w, https:\/\/www.ssaver.gob.mx\/difusion\/wp-content\/uploads\/sites\/23\/2025\/02\/PHOTO-2025-02-23-12-05-30-2-1536x1023.jpg 1536w, https:\/\/www.ssaver.gob.mx\/difusion\/wp-content\/uploads\/sites\/23\/2025\/02\/PHOTO-2025-02-23-12-05-30-2.jpg 1600w\" sizes=\"auto, (max-width: 1024px) 100vw, 1024px\" \/><\/figure>\n\n\n\n<figure class=\"wp-block-image size-large\"><img loading=\"lazy\" decoding=\"async\" width=\"1024\" height=\"682\" data-id=\"3906\" src=\"https:\/\/www.ssaver.gob.mx\/difusion\/wp-content\/uploads\/sites\/23\/2025\/02\/PHOTO-2025-02-23-12-05-30-3-1024x682.jpg\" alt=\"\" class=\"wp-image-3906\" srcset=\"https:\/\/www.ssaver.gob.mx\/difusion\/wp-content\/uploads\/sites\/23\/2025\/02\/PHOTO-2025-02-23-12-05-30-3-1024x682.jpg 1024w, https:\/\/www.ssaver.gob.mx\/difusion\/wp-content\/uploads\/sites\/23\/2025\/02\/PHOTO-2025-02-23-12-05-30-3-300x200.jpg 300w, https:\/\/www.ssaver.gob.mx\/difusion\/wp-content\/uploads\/sites\/23\/2025\/02\/PHOTO-2025-02-23-12-05-30-3-768x512.jpg 768w, https:\/\/www.ssaver.gob.mx\/difusion\/wp-content\/uploads\/sites\/23\/2025\/02\/PHOTO-2025-02-23-12-05-30-3-1536x1023.jpg 1536w, https:\/\/www.ssaver.gob.mx\/difusion\/wp-content\/uploads\/sites\/23\/2025\/02\/PHOTO-2025-02-23-12-05-30-3.jpg 1600w\" sizes=\"auto, (max-width: 1024px) 100vw, 1024px\" \/><\/figure>\n\n\n\n<figure class=\"wp-block-image size-large\"><img loading=\"lazy\" decoding=\"async\" width=\"1024\" height=\"706\" data-id=\"3908\" src=\"https:\/\/www.ssaver.gob.mx\/difusion\/wp-content\/uploads\/sites\/23\/2025\/02\/PHOTO-2025-02-23-12-05-30-1024x706.jpg\" alt=\"\" class=\"wp-image-3908\" srcset=\"https:\/\/www.ssaver.gob.mx\/difusion\/wp-content\/uploads\/sites\/23\/2025\/02\/PHOTO-2025-02-23-12-05-30-1024x706.jpg 1024w, https:\/\/www.ssaver.gob.mx\/difusion\/wp-content\/uploads\/sites\/23\/2025\/02\/PHOTO-2025-02-23-12-05-30-300x207.jpg 300w, https:\/\/www.ssaver.gob.mx\/difusion\/wp-content\/uploads\/sites\/23\/2025\/02\/PHOTO-2025-02-23-12-05-30-768x529.jpg 768w, https:\/\/www.ssaver.gob.mx\/difusion\/wp-content\/uploads\/sites\/23\/2025\/02\/PHOTO-2025-02-23-12-05-30-1536x1059.jpg 1536w, https:\/\/www.ssaver.gob.mx\/difusion\/wp-content\/uploads\/sites\/23\/2025\/02\/PHOTO-2025-02-23-12-05-30-130x90.jpg 130w, https:\/\/www.ssaver.gob.mx\/difusion\/wp-content\/uploads\/sites\/23\/2025\/02\/PHOTO-2025-02-23-12-05-30.jpg 1600w\" sizes=\"auto, (max-width: 1024px) 100vw, 1024px\" \/><\/figure>\n<\/figure>\n\n\n\n<hr class=\"wp-block-separator has-alpha-channel-opacity\" \/>\n\n\n\n<hr class=\"wp-block-separator has-alpha-channel-opacity\" \/>\n\n\n\n<p><\/p>\n","protected":false},"excerpt":{"rendered":"<p>Plat\u00f3n S\u00e1nchez, Ver., domingo 23 de febrero de 2025.- La Secretar\u00eda de Salud resolvi\u00f3 las inconformidades del personal de la<\/p>\n","protected":false},"author":59,"featured_media":3909,"comment_status":"closed","ping_status":"closed","sticky":false,"template":"","format":"standard","meta":{"colormag_page_container_layout":"default_layout","colormag_page_sidebar_layout":"default_layout","footnotes":""},"categories":[119,115],"tags":[750,222,225,751,223,224,141,226,184],"class_list":["post-3901","post","type-post","status-publish","format-standard","has-post-thumbnail","hentry","category-comunicados","category-general","tag-apoyo-del-director-general","tag-atencion-medica","tag-como-recibir-atencion-medica","tag-juan-pablo-uribe-gonzalez","tag-por-que-es-importante-la-atencion-medica","tag-que-atencion-medica-debemos-tener","tag-salud","tag-secretaria-de-salud","tag-sesver"],"_links":{"self":[{"href":"https:\/\/www.ssaver.gob.mx\/difusion\/wp-json\/wp\/v2\/posts\/3901","targetHints":{"allow":["GET"]}}],"collection":[{"href":"https:\/\/www.ssaver.gob.mx\/difusion\/wp-json\/wp\/v2\/posts"}],"about":[{"href":"https:\/\/www.ssaver.gob.mx\/difusion\/wp-json\/wp\/v2\/types\/post"}],"author":[{"embeddable":true,"href":"https:\/\/www.ssaver.gob.mx\/difusion\/wp-json\/wp\/v2\/users\/59"}],"replies":[{"embeddable":true,"href":"https:\/\/www.ssaver.gob.mx\/difusion\/wp-json\/wp\/v2\/comments?post=3901"}],"version-history":[{"count":2,"href":"https:\/\/www.ssaver.gob.mx\/difusion\/wp-json\/wp\/v2\/posts\/3901\/revisions"}],"predecessor-version":[{"id":3915,"href":"https:\/\/www.ssaver.gob.mx\/difusion\/wp-json\/wp\/v2\/posts\/3901\/revisions\/3915"}],"wp:featuredmedia":[{"embeddable":true,"href":"https:\/\/www.ssaver.gob.mx\/difusion\/wp-json\/wp\/v2\/media\/3909"}],"wp:attachment":[{"href":"https:\/\/www.ssaver.gob.mx\/difusion\/wp-json\/wp\/v2\/media?parent=3901"}],"wp:term":[{"taxonomy":"category","embeddable":true,"href":"https:\/\/www.ssaver.gob.mx\/difusion\/wp-json\/wp\/v2\/categories?post=3901"},{"taxonomy":"post_tag","embeddable":true,"href":"https:\/\/www.ssaver.gob.mx\/difusion\/wp-json\/wp\/v2\/tags?post=3901"}],"curies":[{"name":"wp","href":"https:\/\/api.w.org\/{rel}","templated":true}]}}