{"id":3911,"date":"2025-02-23T12:47:18","date_gmt":"2025-02-23T18:47:18","guid":{"rendered":"https:\/\/www.ssaver.gob.mx\/difusion\/?p=3911"},"modified":"2025-09-11T13:50:52","modified_gmt":"2025-09-11T18:50:52","slug":"fotogaleria-atencion-medica-garantizada-en-platon-sanchez","status":"publish","type":"post","link":"https:\/\/www.ssaver.gob.mx\/difusion\/2025\/02\/23\/fotogaleria-atencion-medica-garantizada-en-platon-sanchez\/","title":{"rendered":"Fotogaler\u00eda: Atenci\u00f3n m\u00e9dica garantizada en la UNEME de Plat\u00f3n S\u00e1nchez tras acuerdo laboral"},"content":{"rendered":"\n<div class=\"blockart-slider blockart-slider-a0130fec\"><div class=\"splide\"><div class=\"splide__track\"><ul class=\"splide__list\">\n<li class=\"blockart-slide blockart-slide-2588ee45 splide__slide\">\n<figure class=\"wp-block-image aligncenter size-full is-resized\"><img loading=\"lazy\" decoding=\"async\" width=\"1600\" height=\"1200\" src=\"https:\/\/www.ssaver.gob.mx\/difusion\/wp-content\/uploads\/sites\/23\/2025\/02\/1-6.jpg\" alt=\"\" class=\"wp-image-3912\" style=\"object-fit:contain;width:1140px;height:auto\" srcset=\"https:\/\/www.ssaver.gob.mx\/difusion\/wp-content\/uploads\/sites\/23\/2025\/02\/1-6.jpg 1600w, https:\/\/www.ssaver.gob.mx\/difusion\/wp-content\/uploads\/sites\/23\/2025\/02\/1-6-300x225.jpg 300w, https:\/\/www.ssaver.gob.mx\/difusion\/wp-content\/uploads\/sites\/23\/2025\/02\/1-6-1024x768.jpg 1024w, https:\/\/www.ssaver.gob.mx\/difusion\/wp-content\/uploads\/sites\/23\/2025\/02\/1-6-768x576.jpg 768w, https:\/\/www.ssaver.gob.mx\/difusion\/wp-content\/uploads\/sites\/23\/2025\/02\/1-6-1536x1152.jpg 1536w\" sizes=\"auto, (max-width: 1600px) 100vw, 1600px\" \/><figcaption class=\"wp-element-caption\">La Secretar\u00eda de Salud resolvi\u00f3 las inconformidades del personal de la Unidad de Especialidades M\u00e9dicas (UNEME) de Plat\u00f3n S\u00e1nchez, tras un di\u00e1logo directo que permiti\u00f3 alcanzar acuerdos sin afectar la prestaci\u00f3n de los servicios m\u00e9dicos. Foto Jorge Serratos\/Secretar\u00eda de Salud.<br><\/figcaption><\/figure>\n<\/li>\n\n\n\n<li class=\"blockart-slide blockart-slide-10fb93fb splide__slide\">\n<figure class=\"wp-block-image size-large\"><img loading=\"lazy\" decoding=\"async\" width=\"1024\" height=\"682\" src=\"https:\/\/www.ssaver.gob.mx\/difusion\/wp-content\/uploads\/sites\/23\/2025\/02\/2-6-1024x682.jpg\" alt=\"\" class=\"wp-image-3913\" srcset=\"https:\/\/www.ssaver.gob.mx\/difusion\/wp-content\/uploads\/sites\/23\/2025\/02\/2-6-1024x682.jpg 1024w, https:\/\/www.ssaver.gob.mx\/difusion\/wp-content\/uploads\/sites\/23\/2025\/02\/2-6-300x200.jpg 300w, https:\/\/www.ssaver.gob.mx\/difusion\/wp-content\/uploads\/sites\/23\/2025\/02\/2-6-768x512.jpg 768w, https:\/\/www.ssaver.gob.mx\/difusion\/wp-content\/uploads\/sites\/23\/2025\/02\/2-6-1536x1023.jpg 1536w, https:\/\/www.ssaver.gob.mx\/difusion\/wp-content\/uploads\/sites\/23\/2025\/02\/2-6.jpg 1600w\" sizes=\"auto, (max-width: 1024px) 100vw, 1024px\" \/><figcaption class=\"wp-element-caption\"> La Unidad de Especialidades M\u00e9dicas (UNEME) de Plat\u00f3n S\u00e1nchez continu\u00f3 operando con normalidad, garantizando la atenci\u00f3n a la poblaci\u00f3n y como parte de la soluci\u00f3n. Foto: Jorge Serratos \/ Secretar\u00eda de Salud<\/figcaption><\/figure>\n<\/li>\n\n\n\n<li class=\"blockart-slide blockart-slide-91190c11 splide__slide\">\n<figure class=\"wp-block-image size-full\"><img loading=\"lazy\" decoding=\"async\" width=\"1600\" height=\"1066\" src=\"https:\/\/www.ssaver.gob.mx\/difusion\/wp-content\/uploads\/sites\/23\/2025\/02\/3-6.jpg\" alt=\"\" class=\"wp-image-3914\" srcset=\"https:\/\/www.ssaver.gob.mx\/difusion\/wp-content\/uploads\/sites\/23\/2025\/02\/3-6.jpg 1600w, https:\/\/www.ssaver.gob.mx\/difusion\/wp-content\/uploads\/sites\/23\/2025\/02\/3-6-300x200.jpg 300w, https:\/\/www.ssaver.gob.mx\/difusion\/wp-content\/uploads\/sites\/23\/2025\/02\/3-6-1024x682.jpg 1024w, https:\/\/www.ssaver.gob.mx\/difusion\/wp-content\/uploads\/sites\/23\/2025\/02\/3-6-768x512.jpg 768w, https:\/\/www.ssaver.gob.mx\/difusion\/wp-content\/uploads\/sites\/23\/2025\/02\/3-6-1536x1023.jpg 1536w\" sizes=\"auto, (max-width: 1600px) 100vw, 1600px\" \/><figcaption class=\"wp-element-caption\"> Para atender las demandas del personal, una comisi\u00f3n de los Servicios de Salud de Veracruz, integrada por funcionarios de Recursos Humanos, la Subdirecci\u00f3n de Enfermer\u00eda, la Subdirecci\u00f3n de Atenci\u00f3n Hospitalaria y el \u00e1rea Jur\u00eddica, acudi\u00f3 a la Unidad de Especialidades M\u00e9dicas  sum\u00e1ndose tambi\u00e9n personal de IMSS-Bienestar. Foto Jorge Serratos\/Secretar\u00eda de Salud.<\/figcaption><\/figure>\n<\/li>\n\n\n\n<li class=\"blockart-slide blockart-slide-dc39d3a5 splide__slide\">\n<figure class=\"wp-block-image size-large\"><img loading=\"lazy\" decoding=\"async\" width=\"1024\" height=\"682\" src=\"https:\/\/www.ssaver.gob.mx\/difusion\/wp-content\/uploads\/sites\/23\/2025\/02\/04-2-1024x682.jpg\" alt=\"\" class=\"wp-image-3916\" srcset=\"https:\/\/www.ssaver.gob.mx\/difusion\/wp-content\/uploads\/sites\/23\/2025\/02\/04-2-1024x682.jpg 1024w, https:\/\/www.ssaver.gob.mx\/difusion\/wp-content\/uploads\/sites\/23\/2025\/02\/04-2-300x200.jpg 300w, https:\/\/www.ssaver.gob.mx\/difusion\/wp-content\/uploads\/sites\/23\/2025\/02\/04-2-768x512.jpg 768w, https:\/\/www.ssaver.gob.mx\/difusion\/wp-content\/uploads\/sites\/23\/2025\/02\/04-2.jpg 1280w\" sizes=\"auto, (max-width: 1024px) 100vw, 1024px\" \/><figcaption class=\"wp-element-caption\">La Secretar\u00eda de Salud realizar\u00e1 una supervisi\u00f3n integral para revisar procesos, plantillas y administraci\u00f3n de recursos en la Unidad M\u00e9dica de Plat\u00f3n S\u00e1nchez, con el fin de garantizar su correcto funcionamiento.&nbsp;Foto: Jorge Serratos \/ Secretar\u00eda de Salud<\/figcaption><\/figure>\n<\/li>\n\n\n\n<li class=\"blockart-slide blockart-slide-cf0c89bd splide__slide\">\n<figure class=\"wp-block-image size-full is-resized\"><img loading=\"lazy\" decoding=\"async\" width=\"1600\" height=\"1066\" src=\"https:\/\/www.ssaver.gob.mx\/difusion\/wp-content\/uploads\/sites\/23\/2025\/02\/05-2.jpg\" alt=\"\" class=\"wp-image-3917\" style=\"width:1139px;height:auto\" srcset=\"https:\/\/www.ssaver.gob.mx\/difusion\/wp-content\/uploads\/sites\/23\/2025\/02\/05-2.jpg 1600w, https:\/\/www.ssaver.gob.mx\/difusion\/wp-content\/uploads\/sites\/23\/2025\/02\/05-2-300x200.jpg 300w, https:\/\/www.ssaver.gob.mx\/difusion\/wp-content\/uploads\/sites\/23\/2025\/02\/05-2-1024x682.jpg 1024w, https:\/\/www.ssaver.gob.mx\/difusion\/wp-content\/uploads\/sites\/23\/2025\/02\/05-2-768x512.jpg 768w, https:\/\/www.ssaver.gob.mx\/difusion\/wp-content\/uploads\/sites\/23\/2025\/02\/05-2-1536x1023.jpg 1536w\" sizes=\"auto, (max-width: 1600px) 100vw, 1600px\" \/><figcaption class=\"wp-element-caption\">Tras el di\u00e1logo, entre los acuerdos se enfatiz\u00f3 que se realizar\u00e1 una supervisi\u00f3n integral para optimizar la operaci\u00f3n de la unidad.&nbsp;Foto Jorge Serratos\/Secretar\u00eda de Salud.<\/figcaption><\/figure>\n<\/li>\n\n\n\n<li class=\"blockart-slide blockart-slide-6c6a5306 splide__slide\">\n<figure class=\"wp-block-image size-large\"><img loading=\"lazy\" decoding=\"async\" width=\"1024\" height=\"682\" src=\"https:\/\/www.ssaver.gob.mx\/difusion\/wp-content\/uploads\/sites\/23\/2025\/02\/06-1-1024x682.jpg\" alt=\"\" class=\"wp-image-3918\" srcset=\"https:\/\/www.ssaver.gob.mx\/difusion\/wp-content\/uploads\/sites\/23\/2025\/02\/06-1-1024x682.jpg 1024w, https:\/\/www.ssaver.gob.mx\/difusion\/wp-content\/uploads\/sites\/23\/2025\/02\/06-1-300x200.jpg 300w, https:\/\/www.ssaver.gob.mx\/difusion\/wp-content\/uploads\/sites\/23\/2025\/02\/06-1-768x512.jpg 768w, https:\/\/www.ssaver.gob.mx\/difusion\/wp-content\/uploads\/sites\/23\/2025\/02\/06-1-1536x1023.jpg 1536w, https:\/\/www.ssaver.gob.mx\/difusion\/wp-content\/uploads\/sites\/23\/2025\/02\/06-1.jpg 1600w\" sizes=\"auto, (max-width: 1024px) 100vw, 1024px\" \/><figcaption class=\"wp-element-caption\">Se ratific\u00f3 el compromiso de la gobernadora Roc\u00edo Nahle Garc\u00eda y del secretario de Salud, doctor Valent\u00edn Herrera Alarc\u00f3n, con el respeto a los derechos laborales de las y los trabajadores en Veracruz. Foto Jorge Serratos\/Secretar\u00eda de Salud.<\/figcaption><\/figure>\n<\/li>\n\n\n\n<li class=\"blockart-slide blockart-slide-707973df splide__slide\">\n<figure class=\"wp-block-image size-large\"><img loading=\"lazy\" decoding=\"async\" width=\"1024\" height=\"706\" src=\"https:\/\/www.ssaver.gob.mx\/difusion\/wp-content\/uploads\/sites\/23\/2025\/02\/07-1-1024x706.jpg\" alt=\"\" class=\"wp-image-3919\" srcset=\"https:\/\/www.ssaver.gob.mx\/difusion\/wp-content\/uploads\/sites\/23\/2025\/02\/07-1-1024x706.jpg 1024w, https:\/\/www.ssaver.gob.mx\/difusion\/wp-content\/uploads\/sites\/23\/2025\/02\/07-1-300x207.jpg 300w, https:\/\/www.ssaver.gob.mx\/difusion\/wp-content\/uploads\/sites\/23\/2025\/02\/07-1-768x529.jpg 768w, https:\/\/www.ssaver.gob.mx\/difusion\/wp-content\/uploads\/sites\/23\/2025\/02\/07-1-1536x1059.jpg 1536w, https:\/\/www.ssaver.gob.mx\/difusion\/wp-content\/uploads\/sites\/23\/2025\/02\/07-1-130x90.jpg 130w, https:\/\/www.ssaver.gob.mx\/difusion\/wp-content\/uploads\/sites\/23\/2025\/02\/07-1.jpg 1600w\" sizes=\"auto, (max-width: 1024px) 100vw, 1024px\" \/><figcaption class=\"wp-element-caption\">La Secretar\u00eda de Salud resolvi\u00f3 las inconformidades del personal de la Unidad de Especialidades M\u00e9dicas (UNEME) del municipio de Plat\u00f3n S\u00e1nchez, ubicado al norte de la entidad. Foto: Jorge Serratos \/ Secretar\u00eda de Salud.<\/figcaption><\/figure>\n<\/li>\n<\/ul><\/div><div class=\"splide__arrows\"><div role=\"button\" class=\"splide__arrow splide__arrow--prev\"><\/div><div role=\"button\" class=\"splide__arrow splide__arrow--next\"><\/div><\/div><\/div><\/div>\n\n\n\n<hr class=\"wp-block-separator has-alpha-channel-opacity\" \/>\n\n\n\n<p><\/p>\n","protected":false},"excerpt":{"rendered":"","protected":false},"author":59,"featured_media":3908,"comment_status":"closed","ping_status":"closed","sticky":false,"template":"","format":"standard","meta":{"colormag_page_container_layout":"default_layout","colormag_page_sidebar_layout":"default_layout","footnotes":""},"categories":[120,115],"tags":[750,222,225,751,227,223,224,189,184,142],"class_list":["post-3911","post","type-post","status-publish","format-standard","has-post-thumbnail","hentry","category-galeria-de-la-salud","category-general","tag-apoyo-del-director-general","tag-atencion-medica","tag-como-recibir-atencion-medica","tag-juan-pablo-uribe-gonzalez","tag-platon-sanchez-veracruz","tag-por-que-es-importante-la-atencion-medica","tag-que-atencion-medica-debemos-tener","tag-secretaria-de-salud-de-veracruz","tag-sesver","tag-veracruz"],"_links":{"self":[{"href":"https:\/\/www.ssaver.gob.mx\/difusion\/wp-json\/wp\/v2\/posts\/3911","targetHints":{"allow":["GET"]}}],"collection":[{"href":"https:\/\/www.ssaver.gob.mx\/difusion\/wp-json\/wp\/v2\/posts"}],"about":[{"href":"https:\/\/www.ssaver.gob.mx\/difusion\/wp-json\/wp\/v2\/types\/post"}],"author":[{"embeddable":true,"href":"https:\/\/www.ssaver.gob.mx\/difusion\/wp-json\/wp\/v2\/users\/59"}],"replies":[{"embeddable":true,"href":"https:\/\/www.ssaver.gob.mx\/difusion\/wp-json\/wp\/v2\/comments?post=3911"}],"version-history":[{"count":3,"href":"https:\/\/www.ssaver.gob.mx\/difusion\/wp-json\/wp\/v2\/posts\/3911\/revisions"}],"predecessor-version":[{"id":4372,"href":"https:\/\/www.ssaver.gob.mx\/difusion\/wp-json\/wp\/v2\/posts\/3911\/revisions\/4372"}],"wp:featuredmedia":[{"embeddable":true,"href":"https:\/\/www.ssaver.gob.mx\/difusion\/wp-json\/wp\/v2\/media\/3908"}],"wp:attachment":[{"href":"https:\/\/www.ssaver.gob.mx\/difusion\/wp-json\/wp\/v2\/media?parent=3911"}],"wp:term":[{"taxonomy":"category","embeddable":true,"href":"https:\/\/www.ssaver.gob.mx\/difusion\/wp-json\/wp\/v2\/categories?post=3911"},{"taxonomy":"post_tag","embeddable":true,"href":"https:\/\/www.ssaver.gob.mx\/difusion\/wp-json\/wp\/v2\/tags?post=3911"}],"curies":[{"name":"wp","href":"https:\/\/api.w.org\/{rel}","templated":true}]}}