{"id":3926,"date":"2025-02-25T16:48:15","date_gmt":"2025-02-25T22:48:15","guid":{"rendered":"https:\/\/www.ssaver.gob.mx\/difusion\/?p=3926"},"modified":"2025-09-11T13:47:49","modified_gmt":"2025-09-11T18:47:49","slug":"salud-promueve-el-uso-de-medicina-herbolaria","status":"publish","type":"post","link":"https:\/\/www.ssaver.gob.mx\/difusion\/2025\/02\/25\/salud-promueve-el-uso-de-medicina-herbolaria\/","title":{"rendered":"Salud promueve el uso de medicina herbolaria para enfermedades respiratorias"},"content":{"rendered":"\n<p class=\"blockart-paragraph blockart-paragraph-2b3d07e7\"><strong>Salud promueve el uso de medicina herbolaria para enfermedades respiratorias<\/strong><\/p>\n\n\n\n<p class=\"blockart-paragraph blockart-paragraph-527d11a2\">&#8211; En caso de s\u00edntomas graves, acudir a la unidad m\u00e1s cercana para recibir atenci\u00f3n especializada<br><\/p>\n\n\n\n<p><\/p>\n\n\n\n<p>Xalapa, Ver., martes 25 de febrero de 2025.- La Secretar\u00eda de Salud impulsa el uso de la medicina tradicional para el fortalecimiento del sistema inmune, especialmente ante el incremento de enfermedades respiratorias.<\/p>\n\n\n\n<p>Como parte de esta iniciativa, las m\u00e9dicas tradicionales Mar\u00eda Victoria Rivera Garc\u00eda y Mar\u00eda Zita Navarro Ruiz, con m\u00e1s de cinco a\u00f1os de experiencia en herbolaria, comparten una receta natural para la elaboraci\u00f3n de un descongestionante pulmonar a base de plantas como el tomillo, el or\u00e9gano y el acuyo.<\/p>\n\n\n\n<p>Estas plantas poseen propiedades antibi\u00f3ticas, antif\u00fangicas y antiinflamatorias, lo que las convierte en una alternativa eficaz, aliviar molestias como las del asma y contribuir al bienestar general del sistema respiratorio.<\/p>\n\n\n\n<p>El remedio propuesto es f\u00e1cil de preparar y de conservar, garantizando su efectividad a lo largo del tiempo.<\/p>\n\n\n\n<p>Receta del descongestionante pulmonar natural<\/p>\n\n\n\n<ul class=\"wp-block-list\">\n<li>Triturar un pu\u00f1ado de hojas de tomillo, or\u00e9gano y acuyo (sin usar metales).<\/li>\n\n\n\n<li>Colocar las hojas en un frasco de vidrio color \u00e1mbar y cubrirlas completamente con alcohol de 96%.<\/li>\n\n\n\n<li>Agitar bien, etiquetar y almacenar en un lugar seco y oscuro durante un mes.<\/li>\n\n\n\n<li>Despu\u00e9s de este tiempo, tomar 20 gotas de cada extracto (acuyo, or\u00e9gano y tomillo) y mezclar en un recipiente. Agitar bien antes de usar.<\/li>\n\n\n\n<li>Para su aplicaci\u00f3n, colocar de 4 a 5 gotas en un pedazo de algod\u00f3n e inhalar el vapor tres veces al d\u00eda.<\/li>\n<\/ul>\n\n\n\n<p>Se recomienda evitar su uso en menores de 12 a\u00f1os o personas al\u00e9rgicas a alguno de los ingredientes.<\/p>\n\n\n\n<p>El Gobierno del Estado resalta la importancia de la medicina tradicional y su capacidad para mejorar el bienestar, a la par de los tratamientos convencionales. No obstante, en caso de s\u00edntomas graves, es crucial acudir a las unidades m\u00e9dicas para recibir atenci\u00f3n especializada.<\/p>\n\n\n\n<figure class=\"wp-block-gallery has-nested-images columns-default is-cropped wp-block-gallery-1 is-layout-flex wp-block-gallery-is-layout-flex\">\n<figure class=\"wp-block-image size-large\"><img loading=\"lazy\" decoding=\"async\" width=\"1024\" height=\"682\" data-id=\"3929\" src=\"https:\/\/www.ssaver.gob.mx\/difusion\/wp-content\/uploads\/sites\/23\/2025\/02\/PHOTO-2025-02-25-16-28-38-3-1024x682.jpg\" alt=\"\" class=\"wp-image-3929\" srcset=\"https:\/\/www.ssaver.gob.mx\/difusion\/wp-content\/uploads\/sites\/23\/2025\/02\/PHOTO-2025-02-25-16-28-38-3-1024x682.jpg 1024w, https:\/\/www.ssaver.gob.mx\/difusion\/wp-content\/uploads\/sites\/23\/2025\/02\/PHOTO-2025-02-25-16-28-38-3-300x200.jpg 300w, https:\/\/www.ssaver.gob.mx\/difusion\/wp-content\/uploads\/sites\/23\/2025\/02\/PHOTO-2025-02-25-16-28-38-3-768x512.jpg 768w, https:\/\/www.ssaver.gob.mx\/difusion\/wp-content\/uploads\/sites\/23\/2025\/02\/PHOTO-2025-02-25-16-28-38-3-1536x1024.jpg 1536w, https:\/\/www.ssaver.gob.mx\/difusion\/wp-content\/uploads\/sites\/23\/2025\/02\/PHOTO-2025-02-25-16-28-38-3-2048x1365.jpg 2048w\" sizes=\"auto, (max-width: 1024px) 100vw, 1024px\" \/><\/figure>\n\n\n\n<figure class=\"wp-block-image size-large\"><img loading=\"lazy\" decoding=\"async\" width=\"1024\" height=\"682\" data-id=\"3931\" src=\"https:\/\/www.ssaver.gob.mx\/difusion\/wp-content\/uploads\/sites\/23\/2025\/02\/PHOTO-2025-02-25-16-28-38-4-1024x682.jpg\" alt=\"\" class=\"wp-image-3931\" srcset=\"https:\/\/www.ssaver.gob.mx\/difusion\/wp-content\/uploads\/sites\/23\/2025\/02\/PHOTO-2025-02-25-16-28-38-4-1024x682.jpg 1024w, https:\/\/www.ssaver.gob.mx\/difusion\/wp-content\/uploads\/sites\/23\/2025\/02\/PHOTO-2025-02-25-16-28-38-4-300x200.jpg 300w, https:\/\/www.ssaver.gob.mx\/difusion\/wp-content\/uploads\/sites\/23\/2025\/02\/PHOTO-2025-02-25-16-28-38-4-768x512.jpg 768w, https:\/\/www.ssaver.gob.mx\/difusion\/wp-content\/uploads\/sites\/23\/2025\/02\/PHOTO-2025-02-25-16-28-38-4-1536x1024.jpg 1536w, https:\/\/www.ssaver.gob.mx\/difusion\/wp-content\/uploads\/sites\/23\/2025\/02\/PHOTO-2025-02-25-16-28-38-4-2048x1365.jpg 2048w\" sizes=\"auto, (max-width: 1024px) 100vw, 1024px\" \/><\/figure>\n\n\n\n<figure class=\"wp-block-image size-large\"><img loading=\"lazy\" decoding=\"async\" width=\"682\" height=\"1024\" data-id=\"3928\" src=\"https:\/\/www.ssaver.gob.mx\/difusion\/wp-content\/uploads\/sites\/23\/2025\/02\/PHOTO-2025-02-25-16-28-38-5-682x1024.jpg\" alt=\"\" class=\"wp-image-3928\" srcset=\"https:\/\/www.ssaver.gob.mx\/difusion\/wp-content\/uploads\/sites\/23\/2025\/02\/PHOTO-2025-02-25-16-28-38-5-682x1024.jpg 682w, https:\/\/www.ssaver.gob.mx\/difusion\/wp-content\/uploads\/sites\/23\/2025\/02\/PHOTO-2025-02-25-16-28-38-5-200x300.jpg 200w, https:\/\/www.ssaver.gob.mx\/difusion\/wp-content\/uploads\/sites\/23\/2025\/02\/PHOTO-2025-02-25-16-28-38-5-768x1152.jpg 768w, https:\/\/www.ssaver.gob.mx\/difusion\/wp-content\/uploads\/sites\/23\/2025\/02\/PHOTO-2025-02-25-16-28-38-5-1024x1536.jpg 1024w, https:\/\/www.ssaver.gob.mx\/difusion\/wp-content\/uploads\/sites\/23\/2025\/02\/PHOTO-2025-02-25-16-28-38-5-1365x2048.jpg 1365w, https:\/\/www.ssaver.gob.mx\/difusion\/wp-content\/uploads\/sites\/23\/2025\/02\/PHOTO-2025-02-25-16-28-38-5.jpg 1706w\" sizes=\"auto, (max-width: 682px) 100vw, 682px\" \/><\/figure>\n<\/figure>\n\n\n\n<hr class=\"wp-block-separator has-alpha-channel-opacity\" \/>\n\n\n\n<hr class=\"wp-block-separator has-alpha-channel-opacity\" \/>\n\n\n\n<figure class=\"wp-block-gallery has-nested-images columns-default is-cropped wp-block-gallery-2 is-layout-flex wp-block-gallery-is-layout-flex\">\n<figure class=\"wp-block-image size-large\"><img loading=\"lazy\" decoding=\"async\" width=\"1024\" height=\"682\" data-id=\"3933\" src=\"https:\/\/www.ssaver.gob.mx\/difusion\/wp-content\/uploads\/sites\/23\/2025\/02\/PHOTO-2025-02-25-16-28-38-1-1024x682.jpg\" alt=\"\" class=\"wp-image-3933\" srcset=\"https:\/\/www.ssaver.gob.mx\/difusion\/wp-content\/uploads\/sites\/23\/2025\/02\/PHOTO-2025-02-25-16-28-38-1-1024x682.jpg 1024w, https:\/\/www.ssaver.gob.mx\/difusion\/wp-content\/uploads\/sites\/23\/2025\/02\/PHOTO-2025-02-25-16-28-38-1-300x200.jpg 300w, https:\/\/www.ssaver.gob.mx\/difusion\/wp-content\/uploads\/sites\/23\/2025\/02\/PHOTO-2025-02-25-16-28-38-1-768x512.jpg 768w, https:\/\/www.ssaver.gob.mx\/difusion\/wp-content\/uploads\/sites\/23\/2025\/02\/PHOTO-2025-02-25-16-28-38-1-1536x1024.jpg 1536w, https:\/\/www.ssaver.gob.mx\/difusion\/wp-content\/uploads\/sites\/23\/2025\/02\/PHOTO-2025-02-25-16-28-38-1-2048x1365.jpg 2048w\" sizes=\"auto, (max-width: 1024px) 100vw, 1024px\" \/><\/figure>\n\n\n\n<figure class=\"wp-block-image size-large\"><img loading=\"lazy\" decoding=\"async\" width=\"1024\" height=\"682\" data-id=\"3932\" src=\"https:\/\/www.ssaver.gob.mx\/difusion\/wp-content\/uploads\/sites\/23\/2025\/02\/PHOTO-2025-02-25-16-28-38-2-1-1024x682.jpg\" alt=\"\" class=\"wp-image-3932\" srcset=\"https:\/\/www.ssaver.gob.mx\/difusion\/wp-content\/uploads\/sites\/23\/2025\/02\/PHOTO-2025-02-25-16-28-38-2-1-1024x682.jpg 1024w, https:\/\/www.ssaver.gob.mx\/difusion\/wp-content\/uploads\/sites\/23\/2025\/02\/PHOTO-2025-02-25-16-28-38-2-1-300x200.jpg 300w, https:\/\/www.ssaver.gob.mx\/difusion\/wp-content\/uploads\/sites\/23\/2025\/02\/PHOTO-2025-02-25-16-28-38-2-1-768x512.jpg 768w, https:\/\/www.ssaver.gob.mx\/difusion\/wp-content\/uploads\/sites\/23\/2025\/02\/PHOTO-2025-02-25-16-28-38-2-1-1536x1023.jpg 1536w, https:\/\/www.ssaver.gob.mx\/difusion\/wp-content\/uploads\/sites\/23\/2025\/02\/PHOTO-2025-02-25-16-28-38-2-1.jpg 1600w\" sizes=\"auto, (max-width: 1024px) 100vw, 1024px\" \/><\/figure>\n<\/figure>\n\n\n\n<hr class=\"wp-block-separator has-alpha-channel-opacity\" \/>\n\n\n\n<hr class=\"wp-block-separator has-alpha-channel-opacity\" \/>\n\n\n\n<hr class=\"wp-block-separator has-alpha-channel-opacity\" \/>\n\n\n\n<p><\/p>\n","protected":false},"excerpt":{"rendered":"<p>Xalapa, Ver., martes 25 de febrero de 2025.- La Secretar\u00eda de Salud impulsa el uso de la medicina tradicional para<\/p>\n","protected":false},"author":59,"featured_media":3929,"comment_status":"closed","ping_status":"closed","sticky":false,"template":"","format":"standard","meta":{"colormag_page_container_layout":"default_layout","colormag_page_sidebar_layout":"default_layout","footnotes":""},"categories":[119,115],"tags":[750,163,232,751,154,162,228,231,230,141,189,184],"class_list":["post-3926","post","type-post","status-publish","format-standard","has-post-thumbnail","hentry","category-comunicados","category-general","tag-apoyo-del-director-general","tag-enfermedades-respiratorias","tag-herbolaria","tag-juan-pablo-uribe-gonzalez","tag-medicina-tradicional","tag-plantas-medicinales","tag-por-que-angunas-enfermedades-respiratorias-involucran-la-faringe-y-la-laringe","tag-que-enfermedades-respiratorias-son-las-mas-comunes","tag-que-son-enfermedades-respiratorias","tag-salud","tag-secretaria-de-salud-de-veracruz","tag-sesver"],"_links":{"self":[{"href":"https:\/\/www.ssaver.gob.mx\/difusion\/wp-json\/wp\/v2\/posts\/3926","targetHints":{"allow":["GET"]}}],"collection":[{"href":"https:\/\/www.ssaver.gob.mx\/difusion\/wp-json\/wp\/v2\/posts"}],"about":[{"href":"https:\/\/www.ssaver.gob.mx\/difusion\/wp-json\/wp\/v2\/types\/post"}],"author":[{"embeddable":true,"href":"https:\/\/www.ssaver.gob.mx\/difusion\/wp-json\/wp\/v2\/users\/59"}],"replies":[{"embeddable":true,"href":"https:\/\/www.ssaver.gob.mx\/difusion\/wp-json\/wp\/v2\/comments?post=3926"}],"version-history":[{"count":2,"href":"https:\/\/www.ssaver.gob.mx\/difusion\/wp-json\/wp\/v2\/posts\/3926\/revisions"}],"predecessor-version":[{"id":3941,"href":"https:\/\/www.ssaver.gob.mx\/difusion\/wp-json\/wp\/v2\/posts\/3926\/revisions\/3941"}],"wp:featuredmedia":[{"embeddable":true,"href":"https:\/\/www.ssaver.gob.mx\/difusion\/wp-json\/wp\/v2\/media\/3929"}],"wp:attachment":[{"href":"https:\/\/www.ssaver.gob.mx\/difusion\/wp-json\/wp\/v2\/media?parent=3926"}],"wp:term":[{"taxonomy":"category","embeddable":true,"href":"https:\/\/www.ssaver.gob.mx\/difusion\/wp-json\/wp\/v2\/categories?post=3926"},{"taxonomy":"post_tag","embeddable":true,"href":"https:\/\/www.ssaver.gob.mx\/difusion\/wp-json\/wp\/v2\/tags?post=3926"}],"curies":[{"name":"wp","href":"https:\/\/api.w.org\/{rel}","templated":true}]}}