{"id":3952,"date":"2025-02-26T13:44:34","date_gmt":"2025-02-26T19:44:34","guid":{"rendered":"https:\/\/www.ssaver.gob.mx\/difusion\/?p=3952"},"modified":"2025-09-11T13:47:20","modified_gmt":"2025-09-11T18:47:20","slug":"primarias-de-veracruz-abren-sus-puertas-a-estrategia-nacional","status":"publish","type":"post","link":"https:\/\/www.ssaver.gob.mx\/difusion\/2025\/02\/26\/primarias-de-veracruz-abren-sus-puertas-a-estrategia-nacional\/","title":{"rendered":"Primarias de Veracruz abren sus puertas a Estrategia Nacional Vive Saludable, Vive Feliz"},"content":{"rendered":"\n<p class=\"blockart-paragraph blockart-paragraph-b9fa8973\"><strong>Primarias de Veracruz abren sus puertas a Estrategia Nacional Vive Saludable, Vive Feliz<\/strong><\/p>\n\n\n\n<p class=\"blockart-paragraph blockart-paragraph-631e2c77\">&#8211; Impulsar\u00e1 alimentaci\u00f3n sana, actividad f\u00edsica y detecci\u00f3n oportuna de enfermedades<br>&#8211; Brigadas m\u00e9dicas atender\u00e1n la salud visual, nutricional y bucal<br><\/p>\n\n\n\n<p>Xalapa, Ver., mi\u00e9rcoles 26 de febrero de 2025.- Veracruz respalda la Estrategia Nacional Vive Saludable, Vive Feliz, con la que se busca convertir las escuelas en espacios de prevenci\u00f3n de la salud, beneficiando a aproximadamente 800 mil ni\u00f1as y ni\u00f1os inscritos en primarias del estado.\u00a0<\/p>\n\n\n\n<p>Para ello, la Secretar\u00eda de Educaci\u00f3n de Veracruz abrir\u00e1 las puertas de los planteles a brigadas conformadas por personal del Instituto Mexicano del Seguro Social, el Sistema Nacional para el Desarrollo Integral de la Familia y la Secretar\u00eda de Salud, con apoyo del sector privado, que evaluar\u00e1n la salud visual de los estudiantes y atender\u00e1n otros aspectos del bienestar infantil.&nbsp;<\/p>\n\n\n\n<p>La secretaria de Educaci\u00f3n, Claudia Tello Espinosa, reiter\u00f3 que Veracruz est\u00e1 preparado para esta y otras campa\u00f1as que se implementar\u00e1n, incluyendo aquellas anunciadas por la presidenta Claudia Sheinbaum Pardo, enfocadas en salud mental y la ampliaci\u00f3n del horario escolar.&nbsp;<\/p>\n\n\n\n<p>La Presidenta de M\u00e9xico dio el banderazo de salida a esta estrategia, que beneficiar\u00e1 a 12 millones de ni\u00f1as y ni\u00f1os que estudian en 90 mil 832 primarias p\u00fablicas del pa\u00eds.<\/p>\n\n\n\n<p>Adem\u00e1s de fomentar la cultura de la prevenci\u00f3n, el programa promueve la alimentaci\u00f3n saludable, la actividad f\u00edsica y la detecci\u00f3n oportuna de enfermedades visuales y bucales.&nbsp;<\/p>\n\n\n\n<p>A trav\u00e9s de cuatro estaciones, los brigadistas \u2014con autorizaci\u00f3n de madres, padres o tutores\u2014 recabar\u00e1n datos sobre peso y talla, balance nutricional, salud bucal y visual, al tiempo que promover\u00e1n estilos de vida saludables entre los estudiantes.&nbsp;<\/p>\n\n\n\n<p>La informaci\u00f3n obtenida se entregar\u00e1 de forma confidencial a las familias y, en caso necesario, se canalizar\u00e1 a los menores a centros m\u00e9dicos como el IMSS o Salud Digna. Asimismo, se distribuir\u00e1 una gu\u00eda con recetas y actividades f\u00edsicas para padres y tutores, disponible en la p\u00e1gina electr\u00f3nica vidasaludable.gob.mx.&nbsp;<\/p>\n\n\n\n<p>El Secretario de Educaci\u00f3n, Mario Delgado, record\u00f3 que el 29 de marzo entrar\u00e1 en vigor la prohibici\u00f3n de venta de comida chatarra y bebidas azucaradas dentro de los centros educativos.&nbsp;<\/p>\n\n\n\n<hr class=\"wp-block-separator has-alpha-channel-opacity\" \/>\n\n\n\n<figure class=\"wp-block-gallery has-nested-images columns-default is-cropped wp-block-gallery-1 is-layout-flex wp-block-gallery-is-layout-flex\">\n<figure class=\"wp-block-image size-large\"><img loading=\"lazy\" decoding=\"async\" width=\"768\" height=\"1024\" data-id=\"3954\" src=\"https:\/\/www.ssaver.gob.mx\/difusion\/wp-content\/uploads\/sites\/23\/2025\/02\/PHOTO-2025-02-26-10-29-22-2-768x1024.jpg\" alt=\"\" class=\"wp-image-3954\" srcset=\"https:\/\/www.ssaver.gob.mx\/difusion\/wp-content\/uploads\/sites\/23\/2025\/02\/PHOTO-2025-02-26-10-29-22-2-768x1024.jpg 768w, https:\/\/www.ssaver.gob.mx\/difusion\/wp-content\/uploads\/sites\/23\/2025\/02\/PHOTO-2025-02-26-10-29-22-2-225x300.jpg 225w, https:\/\/www.ssaver.gob.mx\/difusion\/wp-content\/uploads\/sites\/23\/2025\/02\/PHOTO-2025-02-26-10-29-22-2.jpg 960w\" sizes=\"auto, (max-width: 768px) 100vw, 768px\" \/><\/figure>\n\n\n\n<figure class=\"wp-block-image size-large\"><img loading=\"lazy\" decoding=\"async\" width=\"1024\" height=\"682\" data-id=\"3953\" src=\"https:\/\/www.ssaver.gob.mx\/difusion\/wp-content\/uploads\/sites\/23\/2025\/02\/PHOTO-2025-02-26-10-29-21-1024x682.jpg\" alt=\"\" class=\"wp-image-3953\" srcset=\"https:\/\/www.ssaver.gob.mx\/difusion\/wp-content\/uploads\/sites\/23\/2025\/02\/PHOTO-2025-02-26-10-29-21-1024x682.jpg 1024w, https:\/\/www.ssaver.gob.mx\/difusion\/wp-content\/uploads\/sites\/23\/2025\/02\/PHOTO-2025-02-26-10-29-21-300x200.jpg 300w, https:\/\/www.ssaver.gob.mx\/difusion\/wp-content\/uploads\/sites\/23\/2025\/02\/PHOTO-2025-02-26-10-29-21-768x512.jpg 768w, https:\/\/www.ssaver.gob.mx\/difusion\/wp-content\/uploads\/sites\/23\/2025\/02\/PHOTO-2025-02-26-10-29-21.jpg 1280w\" sizes=\"auto, (max-width: 1024px) 100vw, 1024px\" \/><\/figure>\n\n\n\n<figure class=\"wp-block-image size-large\"><img loading=\"lazy\" decoding=\"async\" width=\"1024\" height=\"682\" data-id=\"3955\" src=\"https:\/\/www.ssaver.gob.mx\/difusion\/wp-content\/uploads\/sites\/23\/2025\/02\/PHOTO-2025-02-26-10-29-22-1024x682.jpg\" alt=\"\" class=\"wp-image-3955\" srcset=\"https:\/\/www.ssaver.gob.mx\/difusion\/wp-content\/uploads\/sites\/23\/2025\/02\/PHOTO-2025-02-26-10-29-22-1024x682.jpg 1024w, https:\/\/www.ssaver.gob.mx\/difusion\/wp-content\/uploads\/sites\/23\/2025\/02\/PHOTO-2025-02-26-10-29-22-300x200.jpg 300w, https:\/\/www.ssaver.gob.mx\/difusion\/wp-content\/uploads\/sites\/23\/2025\/02\/PHOTO-2025-02-26-10-29-22-768x512.jpg 768w, https:\/\/www.ssaver.gob.mx\/difusion\/wp-content\/uploads\/sites\/23\/2025\/02\/PHOTO-2025-02-26-10-29-22.jpg 1280w\" sizes=\"auto, (max-width: 1024px) 100vw, 1024px\" \/><\/figure>\n<\/figure>\n\n\n\n<hr class=\"wp-block-separator has-alpha-channel-opacity\" \/>\n\n\n\n<hr class=\"wp-block-separator has-alpha-channel-opacity\" \/>\n","protected":false},"excerpt":{"rendered":"<p>Xalapa, Ver., mi\u00e9rcoles 26 de febrero de 2025.- Veracruz respalda la Estrategia Nacional Vive Saludable, Vive Feliz, con la que<\/p>\n","protected":false},"author":59,"featured_media":3953,"comment_status":"closed","ping_status":"closed","sticky":false,"template":"","format":"standard","meta":{"colormag_page_container_layout":"default_layout","colormag_page_sidebar_layout":"default_layout","footnotes":""},"categories":[119,115],"tags":[750,238,239,751,237,141,189,184,235,236,137],"class_list":["post-3952","post","type-post","status-publish","format-standard","has-post-thumbnail","hentry","category-comunicados","category-general","tag-apoyo-del-director-general","tag-brigadas-medicas-de-salud","tag-brigadas-medicas-que-son","tag-juan-pablo-uribe-gonzalez","tag-que-son-brigadas-medicas","tag-salud","tag-secretaria-de-salud-de-veracruz","tag-sesver","tag-vive-diferente-y-saludable","tag-vive-mejor-y-saludable","tag-xalapa"],"_links":{"self":[{"href":"https:\/\/www.ssaver.gob.mx\/difusion\/wp-json\/wp\/v2\/posts\/3952","targetHints":{"allow":["GET"]}}],"collection":[{"href":"https:\/\/www.ssaver.gob.mx\/difusion\/wp-json\/wp\/v2\/posts"}],"about":[{"href":"https:\/\/www.ssaver.gob.mx\/difusion\/wp-json\/wp\/v2\/types\/post"}],"author":[{"embeddable":true,"href":"https:\/\/www.ssaver.gob.mx\/difusion\/wp-json\/wp\/v2\/users\/59"}],"replies":[{"embeddable":true,"href":"https:\/\/www.ssaver.gob.mx\/difusion\/wp-json\/wp\/v2\/comments?post=3952"}],"version-history":[{"count":2,"href":"https:\/\/www.ssaver.gob.mx\/difusion\/wp-json\/wp\/v2\/posts\/3952\/revisions"}],"predecessor-version":[{"id":3957,"href":"https:\/\/www.ssaver.gob.mx\/difusion\/wp-json\/wp\/v2\/posts\/3952\/revisions\/3957"}],"wp:featuredmedia":[{"embeddable":true,"href":"https:\/\/www.ssaver.gob.mx\/difusion\/wp-json\/wp\/v2\/media\/3953"}],"wp:attachment":[{"href":"https:\/\/www.ssaver.gob.mx\/difusion\/wp-json\/wp\/v2\/media?parent=3952"}],"wp:term":[{"taxonomy":"category","embeddable":true,"href":"https:\/\/www.ssaver.gob.mx\/difusion\/wp-json\/wp\/v2\/categories?post=3952"},{"taxonomy":"post_tag","embeddable":true,"href":"https:\/\/www.ssaver.gob.mx\/difusion\/wp-json\/wp\/v2\/tags?post=3952"}],"curies":[{"name":"wp","href":"https:\/\/api.w.org\/{rel}","templated":true}]}}