{"id":3982,"date":"2025-02-27T14:18:34","date_gmt":"2025-02-27T20:18:34","guid":{"rendered":"https:\/\/www.ssaver.gob.mx\/difusion\/?p=3982"},"modified":"2025-09-11T13:46:52","modified_gmt":"2025-09-11T18:46:52","slug":"veracruz-con-tres-hospitales-certificados-para-procuracion-de-organos-y-tejidos","status":"publish","type":"post","link":"https:\/\/www.ssaver.gob.mx\/difusion\/2025\/02\/27\/veracruz-con-tres-hospitales-certificados-para-procuracion-de-organos-y-tejidos\/","title":{"rendered":"Veracruz, con tres hospitales certificados para la procuraci\u00f3n de \u00f3rganos y tejidos"},"content":{"rendered":"\n<p class=\"blockart-paragraph blockart-paragraph-4315d9f2\"><strong>Veracruz, con tres hospitales certificados para la procuraci\u00f3n de \u00f3rganos y tejidos<\/strong><\/p>\n\n\n\n<p class=\"blockart-paragraph blockart-paragraph-25f1fe3b\">&#8211; Este a\u00f1o dos adolescentes recibieron un ri\u00f1\u00f3n en el Centro de Alta Especialidad<br><\/p>\n\n\n\n<p class=\"has-medium-font-size\">Xalapa, Ver., jueves 27 de febrero de 2025.- En el marco del <strong>D\u00eda Mundial del Trasplante de \u00d3rganos<\/strong> y Tejidos, el <strong>Gobierno de Veracruz<\/strong> promueve la donaci\u00f3n de \u00f3rganos y tejidos como un regalo de vida que transforma y salva a quienes lo necesitan.<\/p>\n\n\n\n<p class=\"has-medium-font-size\">Actualmente, la entidad cuenta con tres <strong>hospitales certificados: el Centro de Alta Especialidad Dr. Rafael Lucio, as\u00ed como los hospitales de Alta Especialidad de Veracruz y Regional de Xalapa Dr. Luis F. Nach\u00f3n<\/strong>, solo en los primeros dos se realizan trasplantes de ri\u00f1\u00f3n y c\u00f3rnea.<\/p>\n\n\n\n<p>Tambi\u00e9n hay un <strong>Centro Estatal de Trasplante<\/strong>s con coordinadores de donaci\u00f3n y m\u00e9dicos especialistas, quienes, a trav\u00e9s de charlas y capacitaciones, promueven la cultura de la donaci\u00f3n en los <strong>hospitales<\/strong>, adem\u00e1s, son los encargados del primer contacto con los posibles donadores y sus familias.<\/p>\n\n\n\n<p>En un trabajo conjunto con el <strong>Centro Nacional de Trasplantes<\/strong>, impulsa y coordina los procesos desde la donaci\u00f3n hasta el trasplante, incluyendo el registro en la plataforma nacional de donantes.<\/p>\n\n\n\n<p>El director del <strong>Centro Estatal<\/strong>, Alfredo Oceguera Manzur, explic\u00f3 que los m\u00e1s solicitados son los de ri\u00f1\u00f3n, c\u00f3rnea, h\u00edgado y coraz\u00f3n, adem\u00e1s, destac\u00f3 que existen dos tipos de donantes: el vivo y el fallecido, este \u00faltimo, puede contribuir con hasta siete \u00f3rganos y tejidos.<\/p>\n\n\n\n<p>En lo que va de este a\u00f1o, se han realizado dos intervenciones de ri\u00f1\u00f3n provenientes de un solo donante, lo que brind\u00f3 una oportunidad de vida a dos adolescentes, mejorando su sobrevida a corto, mediano y largo plazo.<\/p>\n\n\n\n<p>Adem\u00e1s, la <strong>donaci\u00f3n de \u00f3rganos<\/strong> brinda solidaridad y esperanza, al tiempo que contribuye al impulso de la investigaci\u00f3n y el desarrollo de nuevas t\u00e9cnicas quir\u00fargicas y terapias innovadoras.<\/p>\n\n\n\n<p>Para disipar los mitos en torno a la donaci\u00f3n, consulta las fuentes oficiales como la p\u00e1gina https:\/\/www.gob.mx\/cenatra.<\/p>\n\n\n\n<p class=\"has-text-color has-link-color has-medium-font-size wp-elements-ce8171b232ebf0d68e64cac813361557\" style=\"color:#640707\">Tambi\u00e9n te puede interesar.- <strong>Centros de Salud, primer frente de batalla en la lucha contra la obesidad<\/strong> <a href=\"https:\/\/www.ssaver.gob.mx\/difusion\/2025\/03\/04\/centros-de-salud-en-la-lucha-contra-la-obesidad\/\">https:\/\/www.ssaver.gob.mx\/difusion\/2025\/03\/04\/centros-de-salud-en-la-lucha-contra-la-obesidad\/<\/a><\/p>\n\n\n\n<hr class=\"wp-block-separator has-alpha-channel-opacity\" \/>\n\n\n\n<hr class=\"wp-block-separator has-alpha-channel-opacity\" \/>\n\n\n\n<figure class=\"wp-block-gallery has-nested-images columns-default is-cropped wp-block-gallery-1 is-layout-flex wp-block-gallery-is-layout-flex\">\n<figure class=\"wp-block-image size-large\"><img loading=\"lazy\" decoding=\"async\" width=\"1024\" height=\"684\" data-id=\"3983\" src=\"https:\/\/www.ssaver.gob.mx\/difusion\/wp-content\/uploads\/sites\/23\/2025\/02\/PHOTO-2025-02-27-13-55-08-2-1024x684.jpg\" alt=\"\" class=\"wp-image-3983\" srcset=\"https:\/\/www.ssaver.gob.mx\/difusion\/wp-content\/uploads\/sites\/23\/2025\/02\/PHOTO-2025-02-27-13-55-08-2-1024x684.jpg 1024w, https:\/\/www.ssaver.gob.mx\/difusion\/wp-content\/uploads\/sites\/23\/2025\/02\/PHOTO-2025-02-27-13-55-08-2-300x200.jpg 300w, https:\/\/www.ssaver.gob.mx\/difusion\/wp-content\/uploads\/sites\/23\/2025\/02\/PHOTO-2025-02-27-13-55-08-2-768x513.jpg 768w, https:\/\/www.ssaver.gob.mx\/difusion\/wp-content\/uploads\/sites\/23\/2025\/02\/PHOTO-2025-02-27-13-55-08-2-1536x1026.jpg 1536w, https:\/\/www.ssaver.gob.mx\/difusion\/wp-content\/uploads\/sites\/23\/2025\/02\/PHOTO-2025-02-27-13-55-08-2-2048x1368.jpg 2048w\" sizes=\"auto, (max-width: 1024px) 100vw, 1024px\" \/><\/figure>\n\n\n\n<figure class=\"wp-block-image size-large\"><img loading=\"lazy\" decoding=\"async\" width=\"1024\" height=\"728\" data-id=\"3984\" src=\"https:\/\/www.ssaver.gob.mx\/difusion\/wp-content\/uploads\/sites\/23\/2025\/02\/PHOTO-2025-02-27-13-55-08-3-1024x728.jpg\" alt=\"\" class=\"wp-image-3984\" srcset=\"https:\/\/www.ssaver.gob.mx\/difusion\/wp-content\/uploads\/sites\/23\/2025\/02\/PHOTO-2025-02-27-13-55-08-3-1024x728.jpg 1024w, https:\/\/www.ssaver.gob.mx\/difusion\/wp-content\/uploads\/sites\/23\/2025\/02\/PHOTO-2025-02-27-13-55-08-3-300x213.jpg 300w, https:\/\/www.ssaver.gob.mx\/difusion\/wp-content\/uploads\/sites\/23\/2025\/02\/PHOTO-2025-02-27-13-55-08-3-768x546.jpg 768w, https:\/\/www.ssaver.gob.mx\/difusion\/wp-content\/uploads\/sites\/23\/2025\/02\/PHOTO-2025-02-27-13-55-08-3-1536x1091.jpg 1536w, https:\/\/www.ssaver.gob.mx\/difusion\/wp-content\/uploads\/sites\/23\/2025\/02\/PHOTO-2025-02-27-13-55-08-3-2048x1455.jpg 2048w\" sizes=\"auto, (max-width: 1024px) 100vw, 1024px\" \/><\/figure>\n<\/figure>\n\n\n\n<hr class=\"wp-block-separator has-alpha-channel-opacity\" \/>\n\n\n\n<hr class=\"wp-block-separator has-alpha-channel-opacity\" \/>\n","protected":false},"excerpt":{"rendered":"<p>Xalapa, Ver., jueves 27 de febrero de 2025.- En el marco del D\u00eda Mundial del Trasplante de \u00d3rganos y Tejidos,<\/p>\n","protected":false},"author":59,"featured_media":3996,"comment_status":"closed","ping_status":"closed","sticky":false,"template":"","format":"standard","meta":{"colormag_page_container_layout":"default_layout","colormag_page_sidebar_layout":"default_layout","footnotes":""},"categories":[119,115],"tags":[750,249,751,246,141,189,248,247,137],"class_list":["post-3982","post","type-post","status-publish","format-standard","has-post-thumbnail","hentry","category-comunicados","category-general","tag-apoyo-del-director-general","tag-cuando-se-necesita-transplante-de-cornea","tag-juan-pablo-uribe-gonzalez","tag-ley-de-transplante-de-organos","tag-salud","tag-secretaria-de-salud-de-veracruz","tag-trasplante-o-transplante-cual-es-lo-correcto","tag-trasplante-o-transplante-de-organos","tag-xalapa"],"_links":{"self":[{"href":"https:\/\/www.ssaver.gob.mx\/difusion\/wp-json\/wp\/v2\/posts\/3982","targetHints":{"allow":["GET"]}}],"collection":[{"href":"https:\/\/www.ssaver.gob.mx\/difusion\/wp-json\/wp\/v2\/posts"}],"about":[{"href":"https:\/\/www.ssaver.gob.mx\/difusion\/wp-json\/wp\/v2\/types\/post"}],"author":[{"embeddable":true,"href":"https:\/\/www.ssaver.gob.mx\/difusion\/wp-json\/wp\/v2\/users\/59"}],"replies":[{"embeddable":true,"href":"https:\/\/www.ssaver.gob.mx\/difusion\/wp-json\/wp\/v2\/comments?post=3982"}],"version-history":[{"count":4,"href":"https:\/\/www.ssaver.gob.mx\/difusion\/wp-json\/wp\/v2\/posts\/3982\/revisions"}],"predecessor-version":[{"id":4351,"href":"https:\/\/www.ssaver.gob.mx\/difusion\/wp-json\/wp\/v2\/posts\/3982\/revisions\/4351"}],"wp:featuredmedia":[{"embeddable":true,"href":"https:\/\/www.ssaver.gob.mx\/difusion\/wp-json\/wp\/v2\/media\/3996"}],"wp:attachment":[{"href":"https:\/\/www.ssaver.gob.mx\/difusion\/wp-json\/wp\/v2\/media?parent=3982"}],"wp:term":[{"taxonomy":"category","embeddable":true,"href":"https:\/\/www.ssaver.gob.mx\/difusion\/wp-json\/wp\/v2\/categories?post=3982"},{"taxonomy":"post_tag","embeddable":true,"href":"https:\/\/www.ssaver.gob.mx\/difusion\/wp-json\/wp\/v2\/tags?post=3982"}],"curies":[{"name":"wp","href":"https:\/\/api.w.org\/{rel}","templated":true}]}}