{"id":3999,"date":"2025-02-27T14:54:58","date_gmt":"2025-02-27T20:54:58","guid":{"rendered":"https:\/\/www.ssaver.gob.mx\/difusion\/?p=3999"},"modified":"2025-09-11T13:46:41","modified_gmt":"2025-09-11T18:46:41","slug":"rocio-nahle-anuncia-mejoras-en-infraestructura-y-atencion-del-haev","status":"publish","type":"post","link":"https:\/\/www.ssaver.gob.mx\/difusion\/2025\/02\/27\/rocio-nahle-anuncia-mejoras-en-infraestructura-y-atencion-del-haev\/","title":{"rendered":"Roc\u00edo Nahle anuncia mejoras en infraestructura y atenci\u00f3n del HAEV"},"content":{"rendered":"\n<p class=\"blockart-paragraph blockart-paragraph-428c6325\"><strong><strong>Roc\u00edo Nahle anuncia mejoras en infraestructura y atenci\u00f3n del HAEV<\/strong><\/strong><\/p>\n\n\n\n<p class=\"blockart-paragraph blockart-paragraph-bc99b773\">&#8211; Recibe al director del IMSS -Bienestar, Alejandro Svarch<br>&#8211; Atendi\u00f3 a familiares de los enfermos que pernoctan a las afueras del <strong>Hospital<\/strong><br><\/p>\n\n\n\n<p class=\"has-medium-font-size\">Xalapa, Ver., jueves 27 de enero de 2024.-<strong> <\/strong>En su compromiso por mejorar la calidad de los servicios de salud y garantizar una atenci\u00f3n digna,<strong> la gobernadora Roc\u00edo Nahle Garc\u00eda supervis\u00f3 el Hospital Regional de Alta Especialidad de Veracruz (HAEV) y la Torre Pedi\u00e1trica, acompa\u00f1ada del director general del IMSS-Bienestar, Alejandro Svarch P\u00e9rez.\u00a0<\/strong><\/p>\n\n\n\n<p class=\"has-medium-font-size\">Junto con <strong>el secretario de Salud<\/strong>, <strong>Valent\u00edn Herrera Alarc\u00f3n<\/strong>, evalu\u00f3 el abasto de <strong>medicamentos<\/strong> y la infraestructura de m\u00e1s de 800 unidades m\u00e9dicas, de las cuales m\u00e1s de 60 forman parte del programa IMSS-Bienestar.\u00a0<\/p>\n\n\n\n<p>\u201cTenemos que avanzar con firmeza, especialmente en el suministro de <strong>medicamentos<\/strong> y la calidad de la atenci\u00f3n, tambi\u00e9n estamos revisando la infraestructura, como techos y camas. El director Svarch ha se\u00f1alado la necesidad de renovar muchas de ellas para ofrecer mejores condiciones a los pacientes\u201d, destac\u00f3.<\/p>\n\n\n\n<p>En cuanto a la Torre Pedi\u00e1trica, la mandataria inform\u00f3 que se trabaja en la habilitaci\u00f3n de los pisos 7 y 8, que llevaban a\u00f1os sin ser utilizados, con el objetivo de ampliar la capacidad de <strong>atenci\u00f3n<\/strong> infantil.\u00a0<\/p>\n\n\n\n<p>\u201cNo presentan da\u00f1o estructural, por lo que los rehabilitaremos para disponer de m\u00e1s camas y recibir a m\u00e1s ni\u00f1os que requieran <strong>atenci\u00f3n<\/strong>, este esfuerzo se llevar\u00e1 a cabo en coordinaci\u00f3n entre el IMSS-Bienestar y el Gobierno del Estado\u201d, explic\u00f3.\u00a0<\/p>\n\n\n\n<p>Durante su recorrido, la Gobernadora tambi\u00e9n atendi\u00f3 a familiares de pacientes que pernoctan en las inmediaciones del <strong>Hospital<\/strong> y anunci\u00f3 la habilitaci\u00f3n de una sala de espera para brindarles mayor comodidad.\u00a0<\/p>\n\n\n\n<p class=\"has-text-color has-link-color has-medium-font-size wp-elements-48dac606f9c43460a86a709ba96fac67\" style=\"color:#7c0b0b\">Tambi\u00e9n te puede interesar.- <strong>Aseguran calidad en servicios m\u00e9dicos del Hospital G\u00f3mez Far\u00edas <\/strong><a href=\"https:\/\/www.ssaver.gob.mx\/difusion\/2025\/03\/10\/aseguran-calidad-en-servicios-del-hospital-gomez-farias\/\">https:\/\/www.ssaver.gob.mx\/difusion\/2025\/03\/10\/aseguran-calidad-en-servicios-del-hospital-gomez-farias\/<\/a><\/p>\n\n\n\n<p>\u201cAnte la falta de albergues, estamos adecuando un espacio para que los familiares puedan esperar a sus seres queridos en mejores condiciones\u201d, asegur\u00f3.<\/p>\n\n\n\n<p class=\"has-text-color has-link-color has-medium-font-size wp-elements-ea486d37370e0504a8e49ae6f9173843\" style=\"color:#620606\">Tambi\u00e9n te puede interesar.- <strong>Roc\u00edo Nahle rinde Informe de 100 d\u00edas de trabajo, resultados y entrega<\/strong>  <a href=\"https:\/\/www.ssaver.gob.mx\/difusion\/2025\/03\/08\/rocio-nahle-rinde-informe-de-100-dias-de-trabajo-resultados-y-entrega\/\">https:\/\/www.ssaver.gob.mx\/difusion\/2025\/03\/08\/rocio-nahle-rinde-informe-de-100-dias-de-trabajo-resultados-y-entrega\/<\/a><\/p>\n\n\n\n<p><\/p>\n\n\n\n<figure class=\"wp-block-gallery has-nested-images columns-default is-cropped wp-block-gallery-1 is-layout-flex wp-block-gallery-is-layout-flex\">\n<figure class=\"wp-block-image size-large\"><img loading=\"lazy\" decoding=\"async\" width=\"1024\" height=\"683\" data-id=\"4002\" src=\"https:\/\/www.ssaver.gob.mx\/difusion\/wp-content\/uploads\/sites\/23\/2025\/02\/PHOTO-2025-02-27-14-45-34-2-1024x683.jpg\" alt=\"\" class=\"wp-image-4002\" srcset=\"https:\/\/www.ssaver.gob.mx\/difusion\/wp-content\/uploads\/sites\/23\/2025\/02\/PHOTO-2025-02-27-14-45-34-2-1024x683.jpg 1024w, https:\/\/www.ssaver.gob.mx\/difusion\/wp-content\/uploads\/sites\/23\/2025\/02\/PHOTO-2025-02-27-14-45-34-2-300x200.jpg 300w, https:\/\/www.ssaver.gob.mx\/difusion\/wp-content\/uploads\/sites\/23\/2025\/02\/PHOTO-2025-02-27-14-45-34-2-768x512.jpg 768w, https:\/\/www.ssaver.gob.mx\/difusion\/wp-content\/uploads\/sites\/23\/2025\/02\/PHOTO-2025-02-27-14-45-34-2-1536x1024.jpg 1536w, https:\/\/www.ssaver.gob.mx\/difusion\/wp-content\/uploads\/sites\/23\/2025\/02\/PHOTO-2025-02-27-14-45-34-2-2048x1365.jpg 2048w\" sizes=\"auto, (max-width: 1024px) 100vw, 1024px\" \/><\/figure>\n\n\n\n<figure class=\"wp-block-image size-large\"><img loading=\"lazy\" decoding=\"async\" width=\"1024\" height=\"683\" data-id=\"4000\" src=\"https:\/\/www.ssaver.gob.mx\/difusion\/wp-content\/uploads\/sites\/23\/2025\/02\/PHOTO-2025-02-27-14-45-34-3-1024x683.jpg\" alt=\"\" class=\"wp-image-4000\" srcset=\"https:\/\/www.ssaver.gob.mx\/difusion\/wp-content\/uploads\/sites\/23\/2025\/02\/PHOTO-2025-02-27-14-45-34-3-1024x683.jpg 1024w, https:\/\/www.ssaver.gob.mx\/difusion\/wp-content\/uploads\/sites\/23\/2025\/02\/PHOTO-2025-02-27-14-45-34-3-300x200.jpg 300w, https:\/\/www.ssaver.gob.mx\/difusion\/wp-content\/uploads\/sites\/23\/2025\/02\/PHOTO-2025-02-27-14-45-34-3-768x512.jpg 768w, https:\/\/www.ssaver.gob.mx\/difusion\/wp-content\/uploads\/sites\/23\/2025\/02\/PHOTO-2025-02-27-14-45-34-3-1536x1024.jpg 1536w, https:\/\/www.ssaver.gob.mx\/difusion\/wp-content\/uploads\/sites\/23\/2025\/02\/PHOTO-2025-02-27-14-45-34-3-2048x1365.jpg 2048w\" sizes=\"auto, (max-width: 1024px) 100vw, 1024px\" \/><\/figure>\n\n\n\n<figure class=\"wp-block-image size-large\"><img loading=\"lazy\" decoding=\"async\" width=\"1024\" height=\"683\" data-id=\"4004\" src=\"https:\/\/www.ssaver.gob.mx\/difusion\/wp-content\/uploads\/sites\/23\/2025\/02\/PHOTO-2025-02-27-14-45-34-4-1024x683.jpg\" alt=\"\" class=\"wp-image-4004\" srcset=\"https:\/\/www.ssaver.gob.mx\/difusion\/wp-content\/uploads\/sites\/23\/2025\/02\/PHOTO-2025-02-27-14-45-34-4-1024x683.jpg 1024w, https:\/\/www.ssaver.gob.mx\/difusion\/wp-content\/uploads\/sites\/23\/2025\/02\/PHOTO-2025-02-27-14-45-34-4-300x200.jpg 300w, https:\/\/www.ssaver.gob.mx\/difusion\/wp-content\/uploads\/sites\/23\/2025\/02\/PHOTO-2025-02-27-14-45-34-4-768x512.jpg 768w, https:\/\/www.ssaver.gob.mx\/difusion\/wp-content\/uploads\/sites\/23\/2025\/02\/PHOTO-2025-02-27-14-45-34-4-1536x1024.jpg 1536w, https:\/\/www.ssaver.gob.mx\/difusion\/wp-content\/uploads\/sites\/23\/2025\/02\/PHOTO-2025-02-27-14-45-34-4-2048x1365.jpg 2048w\" sizes=\"auto, (max-width: 1024px) 100vw, 1024px\" \/><\/figure>\n\n\n\n<figure class=\"wp-block-image size-large\"><img loading=\"lazy\" decoding=\"async\" width=\"1024\" height=\"683\" data-id=\"4003\" src=\"https:\/\/www.ssaver.gob.mx\/difusion\/wp-content\/uploads\/sites\/23\/2025\/02\/PHOTO-2025-02-27-14-45-34-5-1024x683.jpg\" alt=\"\" class=\"wp-image-4003\" srcset=\"https:\/\/www.ssaver.gob.mx\/difusion\/wp-content\/uploads\/sites\/23\/2025\/02\/PHOTO-2025-02-27-14-45-34-5-1024x683.jpg 1024w, https:\/\/www.ssaver.gob.mx\/difusion\/wp-content\/uploads\/sites\/23\/2025\/02\/PHOTO-2025-02-27-14-45-34-5-300x200.jpg 300w, https:\/\/www.ssaver.gob.mx\/difusion\/wp-content\/uploads\/sites\/23\/2025\/02\/PHOTO-2025-02-27-14-45-34-5-768x512.jpg 768w, https:\/\/www.ssaver.gob.mx\/difusion\/wp-content\/uploads\/sites\/23\/2025\/02\/PHOTO-2025-02-27-14-45-34-5-1536x1024.jpg 1536w, https:\/\/www.ssaver.gob.mx\/difusion\/wp-content\/uploads\/sites\/23\/2025\/02\/PHOTO-2025-02-27-14-45-34-5-2048x1365.jpg 2048w\" sizes=\"auto, (max-width: 1024px) 100vw, 1024px\" \/><\/figure>\n\n\n\n<figure class=\"wp-block-image size-large\"><img loading=\"lazy\" decoding=\"async\" width=\"1024\" height=\"683\" data-id=\"4001\" src=\"https:\/\/www.ssaver.gob.mx\/difusion\/wp-content\/uploads\/sites\/23\/2025\/02\/PHOTO-2025-02-27-14-45-34-1024x683.jpg\" alt=\"\" class=\"wp-image-4001\" srcset=\"https:\/\/www.ssaver.gob.mx\/difusion\/wp-content\/uploads\/sites\/23\/2025\/02\/PHOTO-2025-02-27-14-45-34-1024x683.jpg 1024w, https:\/\/www.ssaver.gob.mx\/difusion\/wp-content\/uploads\/sites\/23\/2025\/02\/PHOTO-2025-02-27-14-45-34-300x200.jpg 300w, https:\/\/www.ssaver.gob.mx\/difusion\/wp-content\/uploads\/sites\/23\/2025\/02\/PHOTO-2025-02-27-14-45-34-768x512.jpg 768w, https:\/\/www.ssaver.gob.mx\/difusion\/wp-content\/uploads\/sites\/23\/2025\/02\/PHOTO-2025-02-27-14-45-34-1536x1024.jpg 1536w, https:\/\/www.ssaver.gob.mx\/difusion\/wp-content\/uploads\/sites\/23\/2025\/02\/PHOTO-2025-02-27-14-45-34-2048x1365.jpg 2048w\" sizes=\"auto, (max-width: 1024px) 100vw, 1024px\" \/><\/figure>\n<\/figure>\n\n\n\n<hr class=\"wp-block-separator has-alpha-channel-opacity\" \/>\n\n\n\n<hr class=\"wp-block-separator has-alpha-channel-opacity\" \/>\n\n\n\n<hr class=\"wp-block-separator has-alpha-channel-opacity\" \/>\n\n\n\n<hr class=\"wp-block-separator has-alpha-channel-opacity\" \/>\n","protected":false},"excerpt":{"rendered":"<p>Xalapa, Ver., jueves 27 de enero de 2024.- En su compromiso por mejorar la calidad de los servicios de salud<\/p>\n","protected":false},"author":59,"featured_media":4006,"comment_status":"closed","ping_status":"closed","sticky":false,"template":"","format":"standard","meta":{"colormag_page_container_layout":"default_layout","colormag_page_sidebar_layout":"default_layout","footnotes":""},"categories":[119,115],"tags":[750,139,253,751,252,250,251,141,189,142],"class_list":["post-3999","post","type-post","status-publish","format-standard","has-post-thumbnail","hentry","category-comunicados","category-general","tag-apoyo-del-director-general","tag-hospital-regional-de-veracruz","tag-infrestructura-en-salud","tag-juan-pablo-uribe-gonzalez","tag-quien-es-rocio-nahle-garcia","tag-quien-rocio-nahle","tag-rocio-nahle-gobernadora","tag-salud","tag-secretaria-de-salud-de-veracruz","tag-veracruz"],"_links":{"self":[{"href":"https:\/\/www.ssaver.gob.mx\/difusion\/wp-json\/wp\/v2\/posts\/3999","targetHints":{"allow":["GET"]}}],"collection":[{"href":"https:\/\/www.ssaver.gob.mx\/difusion\/wp-json\/wp\/v2\/posts"}],"about":[{"href":"https:\/\/www.ssaver.gob.mx\/difusion\/wp-json\/wp\/v2\/types\/post"}],"author":[{"embeddable":true,"href":"https:\/\/www.ssaver.gob.mx\/difusion\/wp-json\/wp\/v2\/users\/59"}],"replies":[{"embeddable":true,"href":"https:\/\/www.ssaver.gob.mx\/difusion\/wp-json\/wp\/v2\/comments?post=3999"}],"version-history":[{"count":3,"href":"https:\/\/www.ssaver.gob.mx\/difusion\/wp-json\/wp\/v2\/posts\/3999\/revisions"}],"predecessor-version":[{"id":4347,"href":"https:\/\/www.ssaver.gob.mx\/difusion\/wp-json\/wp\/v2\/posts\/3999\/revisions\/4347"}],"wp:featuredmedia":[{"embeddable":true,"href":"https:\/\/www.ssaver.gob.mx\/difusion\/wp-json\/wp\/v2\/media\/4006"}],"wp:attachment":[{"href":"https:\/\/www.ssaver.gob.mx\/difusion\/wp-json\/wp\/v2\/media?parent=3999"}],"wp:term":[{"taxonomy":"category","embeddable":true,"href":"https:\/\/www.ssaver.gob.mx\/difusion\/wp-json\/wp\/v2\/categories?post=3999"},{"taxonomy":"post_tag","embeddable":true,"href":"https:\/\/www.ssaver.gob.mx\/difusion\/wp-json\/wp\/v2\/tags?post=3999"}],"curies":[{"name":"wp","href":"https:\/\/api.w.org\/{rel}","templated":true}]}}