{"id":4057,"date":"2025-03-04T09:38:20","date_gmt":"2025-03-04T15:38:20","guid":{"rendered":"https:\/\/www.ssaver.gob.mx\/difusion\/?p=4057"},"modified":"2025-09-11T13:45:48","modified_gmt":"2025-09-11T18:45:48","slug":"no-vamos-a-esperar-veracruz-garantizara-todos-los-medicamentos-rocio-nahle","status":"publish","type":"post","link":"https:\/\/www.ssaver.gob.mx\/difusion\/2025\/03\/04\/no-vamos-a-esperar-veracruz-garantizara-todos-los-medicamentos-rocio-nahle\/","title":{"rendered":"No vamos a esperar, Veracruz garantizar\u00e1 todos los medicamentos: Roc\u00edo Nahle"},"content":{"rendered":"\n<p class=\"blockart-paragraph blockart-paragraph-fffc383d\"><strong><strong><strong><strong><strong>No vamos a esperar, Veracruz garantizar\u00e1 todos los medicamentos: Roc\u00edo Nahle<\/strong><\/strong><\/strong><\/strong><\/strong><\/p>\n\n\n\n<p class=\"blockart-paragraph blockart-paragraph-8fee717a\"><br>&#8211; <strong>Hospitales<\/strong> contar\u00e1n con mejores servicios y alimentaci\u00f3n para pacientes<br>&#8211; Estado e IMSS-Bienestar coordinan acciones para fortalecer el sistema de <strong>salud<\/strong><br><\/p>\n\n\n\n<p class=\"has-medium-font-size\">Xalapa, Ver., martes 04 de marzo de 2025.- <strong>La gobernadora Roc\u00edo Nahle Garc\u00eda reafirm\u00f3 su compromiso de garantizar el abasto total de medicamentos en hospitales y centros de salud de Veracruz.<\/strong><\/p>\n\n\n\n<p class=\"has-medium-font-size\"><strong>\u201cSi el IMSS-Bienestar no cuenta con alg\u00fan medicamento, el Gobierno del Estado lo adquirir\u00e1 de inmediato. No podemos esperar, la salud es prioridad\u201d, declar\u00f3 Roc\u00edo Nahle<\/strong> tras reunirse con el director del IMSS-Bienestar, Alejandro Svarch P\u00e9rez.\u00a0<\/p>\n\n\n\n<p>Explic\u00f3 que, durante la visita realizada el pasado jueves, analizaron la situaci\u00f3n de los hospitales que forman parte de este esquema para coordinar estrategias que fortalezcan la atenci\u00f3n m\u00e9dica en el estado.&nbsp;<\/p>\n\n\n\n<p>Como parte de estas acciones, anunci\u00f3 la rehabilitaci\u00f3n de 60 cocinas para mejorar la alimentaci\u00f3n de los pacientes, \u201ccada hospital debe preparar sus propios alimentos bajo la supervisi\u00f3n de un nutri\u00f3logo, garantizando calidad y nutrici\u00f3n para quienes est\u00e1n en recuperaci\u00f3n. No m\u00e1s contratos externos, la alimentaci\u00f3n debe ser parte del servicio hospitalario\u201d, enfatiz\u00f3.&nbsp;<\/p>\n\n\n\n<p>Para llegar a estos acuerdos, previamente, la Gobernadora se reuni\u00f3 con los 60 directores de hospitales, donde se realiz\u00f3 un diagn\u00f3stico detallado de la infraestructura y los servicios de cada unidad m\u00e9dica.<\/p>\n\n\n\n<p class=\"has-text-color has-link-color has-medium-font-size wp-elements-40cf0a8f7c92f0d0f5957c1a2fd28fa1\" style=\"color:#670303\">Tambi\u00e9n te puede interesar.- <strong>Salud Veracruz reactiva programa de cirug\u00edas para ni\u00f1os con quemaduras graves<\/strong>   <a href=\"https:\/\/www.ssaver.gob.mx\/difusion\/2025\/02\/04\/salud-veracruz-reactiva-programa-de-cirugias\/\">https:\/\/www.ssaver.gob.mx\/difusion\/2025\/02\/04\/salud-veracruz-reactiva-programa-de-cirugias\/<\/a><\/p>\n\n\n\n<p>\u201cNos reunimos desde las 11 de la ma\u00f1ana hasta las 7 de la noche, hospital por hospital, escuchando directamente a los directores para conocer qu\u00e9 hace falta y c\u00f3mo podemos mejorar la atenci\u00f3n\u201d, explic\u00f3.&nbsp;<\/p>\n\n\n\n<p>Finalmente, inform\u00f3 que este mi\u00e9rcoles acudir\u00e1 a Palacio Nacional para reunirse con la presidenta Claudia Sheinbaum, encuentro en el que se abordar\u00e1 exclusivamente el fortalecimiento del IMSS-Bienestar en Veracruz.&nbsp;<\/p>\n\n\n\n<figure class=\"wp-block-image size-large\"><img loading=\"lazy\" decoding=\"async\" width=\"1024\" height=\"941\" src=\"https:\/\/www.ssaver.gob.mx\/difusion\/wp-content\/uploads\/sites\/23\/2025\/03\/PHOTO-2025-03-04-09-17-37-1024x941.jpg\" alt=\"\" class=\"wp-image-4058\" srcset=\"https:\/\/www.ssaver.gob.mx\/difusion\/wp-content\/uploads\/sites\/23\/2025\/03\/PHOTO-2025-03-04-09-17-37-1024x941.jpg 1024w, https:\/\/www.ssaver.gob.mx\/difusion\/wp-content\/uploads\/sites\/23\/2025\/03\/PHOTO-2025-03-04-09-17-37-300x276.jpg 300w, https:\/\/www.ssaver.gob.mx\/difusion\/wp-content\/uploads\/sites\/23\/2025\/03\/PHOTO-2025-03-04-09-17-37-768x706.jpg 768w, https:\/\/www.ssaver.gob.mx\/difusion\/wp-content\/uploads\/sites\/23\/2025\/03\/PHOTO-2025-03-04-09-17-37-1536x1412.jpg 1536w, https:\/\/www.ssaver.gob.mx\/difusion\/wp-content\/uploads\/sites\/23\/2025\/03\/PHOTO-2025-03-04-09-17-37.jpg 1600w\" sizes=\"auto, (max-width: 1024px) 100vw, 1024px\" \/><\/figure>\n\n\n\n<hr class=\"wp-block-separator has-alpha-channel-opacity\" \/>\n\n\n\n<hr class=\"wp-block-separator has-alpha-channel-opacity\" \/>\n\n\n\n<p><\/p>\n","protected":false},"excerpt":{"rendered":"<p>Xalapa, Ver., martes 04 de marzo de 2025.- La gobernadora Roc\u00edo Nahle Garc\u00eda reafirm\u00f3 su compromiso de garantizar el abasto<\/p>\n","protected":false},"author":59,"featured_media":4059,"comment_status":"closed","ping_status":"closed","sticky":false,"template":"","format":"standard","meta":{"colormag_page_container_layout":"default_layout","colormag_page_sidebar_layout":"default_layout","footnotes":""},"categories":[119,115],"tags":[750,751,141,189,184,137],"class_list":["post-4057","post","type-post","status-publish","format-standard","has-post-thumbnail","hentry","category-comunicados","category-general","tag-apoyo-del-director-general","tag-juan-pablo-uribe-gonzalez","tag-salud","tag-secretaria-de-salud-de-veracruz","tag-sesver","tag-xalapa"],"_links":{"self":[{"href":"https:\/\/www.ssaver.gob.mx\/difusion\/wp-json\/wp\/v2\/posts\/4057","targetHints":{"allow":["GET"]}}],"collection":[{"href":"https:\/\/www.ssaver.gob.mx\/difusion\/wp-json\/wp\/v2\/posts"}],"about":[{"href":"https:\/\/www.ssaver.gob.mx\/difusion\/wp-json\/wp\/v2\/types\/post"}],"author":[{"embeddable":true,"href":"https:\/\/www.ssaver.gob.mx\/difusion\/wp-json\/wp\/v2\/users\/59"}],"replies":[{"embeddable":true,"href":"https:\/\/www.ssaver.gob.mx\/difusion\/wp-json\/wp\/v2\/comments?post=4057"}],"version-history":[{"count":3,"href":"https:\/\/www.ssaver.gob.mx\/difusion\/wp-json\/wp\/v2\/posts\/4057\/revisions"}],"predecessor-version":[{"id":4343,"href":"https:\/\/www.ssaver.gob.mx\/difusion\/wp-json\/wp\/v2\/posts\/4057\/revisions\/4343"}],"wp:featuredmedia":[{"embeddable":true,"href":"https:\/\/www.ssaver.gob.mx\/difusion\/wp-json\/wp\/v2\/media\/4059"}],"wp:attachment":[{"href":"https:\/\/www.ssaver.gob.mx\/difusion\/wp-json\/wp\/v2\/media?parent=4057"}],"wp:term":[{"taxonomy":"category","embeddable":true,"href":"https:\/\/www.ssaver.gob.mx\/difusion\/wp-json\/wp\/v2\/categories?post=4057"},{"taxonomy":"post_tag","embeddable":true,"href":"https:\/\/www.ssaver.gob.mx\/difusion\/wp-json\/wp\/v2\/tags?post=4057"}],"curies":[{"name":"wp","href":"https:\/\/api.w.org\/{rel}","templated":true}]}}