{"id":4073,"date":"2025-03-04T14:07:33","date_gmt":"2025-03-04T20:07:33","guid":{"rendered":"https:\/\/www.ssaver.gob.mx\/difusion\/?p=4073"},"modified":"2025-09-11T13:45:25","modified_gmt":"2025-09-11T18:45:25","slug":"fotogaleria-centros-de-salud-en-la-lucha-contra-la-obesidad","status":"publish","type":"post","link":"https:\/\/www.ssaver.gob.mx\/difusion\/2025\/03\/04\/fotogaleria-centros-de-salud-en-la-lucha-contra-la-obesidad\/","title":{"rendered":"Fotogaler\u00eda: Centros de Salud, primer frente de batalla en la lucha contra la obesidad"},"content":{"rendered":"\n<div class=\"blockart-slider blockart-slider-c8afd68a\"><div class=\"splide\"><div class=\"splide__track\"><ul class=\"splide__list\">\n<li class=\"blockart-slide blockart-slide-280faa18 splide__slide\">\n<figure class=\"wp-block-image size-large\"><img loading=\"lazy\" decoding=\"async\" width=\"768\" height=\"1024\" src=\"https:\/\/www.ssaver.gob.mx\/difusion\/wp-content\/uploads\/sites\/23\/2025\/03\/PHOTO-2025-03-04-13-44-18-2-1-768x1024.jpg\" alt=\"\" class=\"wp-image-4075\" srcset=\"https:\/\/www.ssaver.gob.mx\/difusion\/wp-content\/uploads\/sites\/23\/2025\/03\/PHOTO-2025-03-04-13-44-18-2-1-768x1024.jpg 768w, https:\/\/www.ssaver.gob.mx\/difusion\/wp-content\/uploads\/sites\/23\/2025\/03\/PHOTO-2025-03-04-13-44-18-2-1-225x300.jpg 225w, https:\/\/www.ssaver.gob.mx\/difusion\/wp-content\/uploads\/sites\/23\/2025\/03\/PHOTO-2025-03-04-13-44-18-2-1-1152x1536.jpg 1152w, https:\/\/www.ssaver.gob.mx\/difusion\/wp-content\/uploads\/sites\/23\/2025\/03\/PHOTO-2025-03-04-13-44-18-2-1.jpg 1200w\" sizes=\"auto, (max-width: 768px) 100vw, 768px\" \/><figcaption class=\"wp-element-caption\">Los centros de Salud de Veracruz se han convertido en el primer frente de batalla contra la obesidad y el sobrepeso, ofreciendo atenci\u00f3n multidisciplinaria y redes de apoyo integrales para prevenir complicaciones graves. Foto: Secretar\u00eda de Salud.<\/figcaption><\/figure>\n<\/li>\n\n\n\n<li class=\"blockart-slide blockart-slide-fb8b2143 splide__slide\">\n<figure class=\"wp-block-image size-large\"><img loading=\"lazy\" decoding=\"async\" width=\"768\" height=\"1024\" src=\"https:\/\/www.ssaver.gob.mx\/difusion\/wp-content\/uploads\/sites\/23\/2025\/03\/PHOTO-2025-03-04-13-44-18-3-1-768x1024.jpg\" alt=\"\" class=\"wp-image-4076\" srcset=\"https:\/\/www.ssaver.gob.mx\/difusion\/wp-content\/uploads\/sites\/23\/2025\/03\/PHOTO-2025-03-04-13-44-18-3-1-768x1024.jpg 768w, https:\/\/www.ssaver.gob.mx\/difusion\/wp-content\/uploads\/sites\/23\/2025\/03\/PHOTO-2025-03-04-13-44-18-3-1-225x300.jpg 225w, https:\/\/www.ssaver.gob.mx\/difusion\/wp-content\/uploads\/sites\/23\/2025\/03\/PHOTO-2025-03-04-13-44-18-3-1-1152x1536.jpg 1152w, https:\/\/www.ssaver.gob.mx\/difusion\/wp-content\/uploads\/sites\/23\/2025\/03\/PHOTO-2025-03-04-13-44-18-3-1.jpg 1200w\" sizes=\"auto, (max-width: 768px) 100vw, 768px\" \/><figcaption class=\"wp-element-caption\">La coordinadora del Grupo de Ayuda Mutua (GAM) del Centro de Salud Urbano de Xalapa, Jaqueline Ram\u00edrez Meneses, explic\u00f3 que la detecci\u00f3n temprana mediante pruebas del \u00edndice de masa corporal y otros estudios permite establecer tratamientos personalizados. Foto: Secretar\u00eda de Salud.<\/figcaption><\/figure>\n<\/li>\n\n\n\n<li class=\"blockart-slide blockart-slide-72dccedb splide__slide\">\n<figure class=\"wp-block-image size-large\"><img loading=\"lazy\" decoding=\"async\" width=\"1024\" height=\"768\" src=\"https:\/\/www.ssaver.gob.mx\/difusion\/wp-content\/uploads\/sites\/23\/2025\/03\/PHOTO-2025-03-04-13-44-18-4-1-1024x768.jpg\" alt=\"\" class=\"wp-image-4077\" srcset=\"https:\/\/www.ssaver.gob.mx\/difusion\/wp-content\/uploads\/sites\/23\/2025\/03\/PHOTO-2025-03-04-13-44-18-4-1-1024x768.jpg 1024w, https:\/\/www.ssaver.gob.mx\/difusion\/wp-content\/uploads\/sites\/23\/2025\/03\/PHOTO-2025-03-04-13-44-18-4-1-300x225.jpg 300w, https:\/\/www.ssaver.gob.mx\/difusion\/wp-content\/uploads\/sites\/23\/2025\/03\/PHOTO-2025-03-04-13-44-18-4-1-768x576.jpg 768w, https:\/\/www.ssaver.gob.mx\/difusion\/wp-content\/uploads\/sites\/23\/2025\/03\/PHOTO-2025-03-04-13-44-18-4-1-1536x1152.jpg 1536w, https:\/\/www.ssaver.gob.mx\/difusion\/wp-content\/uploads\/sites\/23\/2025\/03\/PHOTO-2025-03-04-13-44-18-4-1.jpg 1600w\" sizes=\"auto, (max-width: 1024px) 100vw, 1024px\" \/><figcaption class=\"wp-element-caption\">La Secretar\u00eda de Salud invita a la poblaci\u00f3n a acudir a su centro de Salud m\u00e1s cercano para recibir orientaci\u00f3n, atenci\u00f3n m\u00e9dica y participar en estos programas, el modelo de atenci\u00f3n involucra a nutri\u00f3logos, m\u00e9dicos generales, psic\u00f3logos, odont\u00f3logos, promotores de salud y trabajadores sociales, quienes realizan consultas mensuales y monitorean la presi\u00f3n arterial, l\u00edpidos y glucosa. Foto: Secretar\u00eda de Salud.<\/figcaption><\/figure>\n<\/li>\n\n\n\n<li class=\"blockart-slide blockart-slide-7cffc41b splide__slide\">\n<figure class=\"wp-block-image size-large\"><img loading=\"lazy\" decoding=\"async\" width=\"768\" height=\"1024\" src=\"https:\/\/www.ssaver.gob.mx\/difusion\/wp-content\/uploads\/sites\/23\/2025\/03\/PHOTO-2025-03-04-13-44-18-1-768x1024.jpg\" alt=\"\" class=\"wp-image-4078\" srcset=\"https:\/\/www.ssaver.gob.mx\/difusion\/wp-content\/uploads\/sites\/23\/2025\/03\/PHOTO-2025-03-04-13-44-18-1-768x1024.jpg 768w, https:\/\/www.ssaver.gob.mx\/difusion\/wp-content\/uploads\/sites\/23\/2025\/03\/PHOTO-2025-03-04-13-44-18-1-225x300.jpg 225w, https:\/\/www.ssaver.gob.mx\/difusion\/wp-content\/uploads\/sites\/23\/2025\/03\/PHOTO-2025-03-04-13-44-18-1-1152x1536.jpg 1152w, https:\/\/www.ssaver.gob.mx\/difusion\/wp-content\/uploads\/sites\/23\/2025\/03\/PHOTO-2025-03-04-13-44-18-1.jpg 1200w\" sizes=\"auto, (max-width: 768px) 100vw, 768px\" \/><figcaption class=\"wp-element-caption\">En el D\u00eda Mundial contra la Obesidad, las autoridades reafirman su compromiso en la prevenci\u00f3n y tratamiento de la obesidad, impulsando estrategias que favorecen una vida activa y una alimentaci\u00f3n saludable para todos. Foto: Secretar\u00eda de Salud.<\/figcaption><\/figure>\n<\/li>\n<\/ul><\/div><div class=\"splide__arrows\"><div role=\"button\" class=\"splide__arrow splide__arrow--prev\"><\/div><div role=\"button\" class=\"splide__arrow splide__arrow--next\"><\/div><\/div><\/div><\/div>\n","protected":false},"excerpt":{"rendered":"","protected":false},"author":59,"featured_media":4077,"comment_status":"closed","ping_status":"closed","sticky":false,"template":"","format":"standard","meta":{"colormag_page_container_layout":"default_layout","colormag_page_sidebar_layout":"default_layout","footnotes":""},"categories":[120,115],"tags":[750,266,267,751,135,272,265,264,274,270,273,271,268,269,189,184,137],"class_list":["post-4073","post","type-post","status-publish","format-standard","has-post-thumbnail","hentry","category-galeria-de-la-salud","category-general","tag-apoyo-del-director-general","tag-cuando-obesidad","tag-cuantos-kilos-son-obesidad","tag-juan-pablo-uribe-gonzalez","tag-obesidad","tag-obesidad-a-nivel-estatal","tag-obesidad-cual-es-su-causa","tag-obesidad-cual-es-su-tratamiento","tag-obesidad-para-ninos","tag-obesidad-quien-la-trata","tag-obesidad-sin-estar-gordo","tag-por-que-hay-obesidad-en-mexico","tag-que-son-obesidad","tag-quien-descubrio-la-obesidad","tag-secretaria-de-salud-de-veracruz","tag-sesver","tag-xalapa"],"_links":{"self":[{"href":"https:\/\/www.ssaver.gob.mx\/difusion\/wp-json\/wp\/v2\/posts\/4073","targetHints":{"allow":["GET"]}}],"collection":[{"href":"https:\/\/www.ssaver.gob.mx\/difusion\/wp-json\/wp\/v2\/posts"}],"about":[{"href":"https:\/\/www.ssaver.gob.mx\/difusion\/wp-json\/wp\/v2\/types\/post"}],"author":[{"embeddable":true,"href":"https:\/\/www.ssaver.gob.mx\/difusion\/wp-json\/wp\/v2\/users\/59"}],"replies":[{"embeddable":true,"href":"https:\/\/www.ssaver.gob.mx\/difusion\/wp-json\/wp\/v2\/comments?post=4073"}],"version-history":[{"count":4,"href":"https:\/\/www.ssaver.gob.mx\/difusion\/wp-json\/wp\/v2\/posts\/4073\/revisions"}],"predecessor-version":[{"id":4363,"href":"https:\/\/www.ssaver.gob.mx\/difusion\/wp-json\/wp\/v2\/posts\/4073\/revisions\/4363"}],"wp:featuredmedia":[{"embeddable":true,"href":"https:\/\/www.ssaver.gob.mx\/difusion\/wp-json\/wp\/v2\/media\/4077"}],"wp:attachment":[{"href":"https:\/\/www.ssaver.gob.mx\/difusion\/wp-json\/wp\/v2\/media?parent=4073"}],"wp:term":[{"taxonomy":"category","embeddable":true,"href":"https:\/\/www.ssaver.gob.mx\/difusion\/wp-json\/wp\/v2\/categories?post=4073"},{"taxonomy":"post_tag","embeddable":true,"href":"https:\/\/www.ssaver.gob.mx\/difusion\/wp-json\/wp\/v2\/tags?post=4073"}],"curies":[{"name":"wp","href":"https:\/\/api.w.org\/{rel}","templated":true}]}}