{"id":4279,"date":"2025-03-08T16:15:51","date_gmt":"2025-03-08T22:15:51","guid":{"rendered":"https:\/\/www.ssaver.gob.mx\/difusion\/?p=4279"},"modified":"2025-09-11T13:52:06","modified_gmt":"2025-09-11T18:52:06","slug":"rocio-nahle-rinde-informe-de-100-dias-de-trabajo-resultados-y-entrega","status":"publish","type":"post","link":"https:\/\/www.ssaver.gob.mx\/difusion\/2025\/03\/08\/rocio-nahle-rinde-informe-de-100-dias-de-trabajo-resultados-y-entrega\/","title":{"rendered":"Roc\u00edo Nahle rinde Informe de 100 d\u00edas de trabajo, resultados y entrega"},"content":{"rendered":"\n<p class=\"blockart-paragraph blockart-paragraph-77c84028\"><strong>Roc\u00edo Nahle rinde Informe de 100 d\u00edas de trabajo, resultados y entrega <\/strong><\/p>\n\n\n\n<p class=\"blockart-paragraph blockart-paragraph-07d80e3f\"><br>&#8211; <strong>\u201d<\/strong>Me siento honrada y privilegiada de servir y representar a Veracruz\u201d<br><br><\/p>\n\n\n\n<p class=\"has-medium-font-size\"><strong>Coatzacoalcos, Ver., s\u00e1bado 08 de marzo de 2025.- Ante un Centro de Convenciones y Teatro de la Ciudad abarrotado, la titular del Ejecutivo de Veracruz, Roc\u00edo Nahle Garc\u00eda, present\u00f3 su Informe de los 100 D\u00edas de Gobierno, acompa\u00f1ada por su Gabinete legal, destacando logros en materia de infraestructura, desarrollo econ\u00f3mico, seguridad y bienestar social.<\/strong><\/p>\n\n\n\n<p class=\"has-medium-font-size\">Como la primera mujer en ocupar este cargo, ha asumido la responsabilidad de representar, defender y apoyar a todas las veracruzanas, consolidando una agenda de gobierno con perspectiva de g\u00e9nero y equidad.<\/p>\n\n\n\n<p>En materia de finanzas enlist\u00f3 los siguientes resultados:<\/p>\n\n\n\n<ul class=\"wp-block-list\">\n<li>Recaudaci\u00f3n del 18.26% m\u00e1s que en el mismo periodo del a\u00f1o anterior (3,516 mdp).<\/li>\n\n\n\n<li>Reducci\u00f3n de la deuda estatal en un 27% respecto a 2018.<\/li>\n\n\n\n<li>Eliminaci\u00f3n de recargos atrasados para incentivar el pago de contribuyentes.<\/li>\n\n\n\n<li>Implementaci\u00f3n de licencias permanentes para mayores de 50 a\u00f1os.<\/li>\n<\/ul>\n\n\n\n<p>Respecto a bienestar social:<\/p>\n\n\n\n<ul class=\"wp-block-list\">\n<li>Reestructura para no duplicar funciones ni duplicar programas con la Federaci\u00f3n.<\/li>\n\n\n\n<li>Programa Veracruz te abraza para atender a migrantes retornados e integrarlos econ\u00f3micamente.<\/li>\n\n\n\n<li>Programa Abrigando Corazones para atender a 22 mil personas con cobertores, despensas, comida y consultas m\u00e9dicas en 20 municipios.<\/li>\n\n\n\n<li>En coordinaci\u00f3n con Financiera del Bienestar, el estado implementar\u00e1 la dispersi\u00f3n del programa Cr\u00e9dito a la Palabra para Personas Emprendedoras, disponible en sus 116 sucursales ubicadas en Tel\u00e9grafos de M\u00e9xico.<\/li>\n\n\n\n<li>Adem\u00e1s, Veracruz ha sido incluido en el Plan Federal Apoyarte, que beneficiar\u00e1 a mujeres ind\u00edgenas y afromexicanas artesanas. Este programa iniciar\u00e1 en julio.<\/li>\n\n\n\n<li>Pr\u00f3xima creaci\u00f3n de la Procuradur\u00eda en la Defensa del Adulto Mayor.<\/li>\n<\/ul>\n\n\n\n<p class=\"has-text-color has-link-color has-medium-font-size wp-elements-725eea9fe4b88af9da7c08ae9ded683f\" style=\"color:#660c0c\"><strong>Tambi\u00e9n te puede interesar.- No vamos a esperar, Veracruz garantizar\u00e1 todos los medicamentos: Roc\u00edo Nahle <\/strong> <a href=\"https:\/\/www.ssaver.gob.mx\/difusion\/2025\/03\/04\/no-vamos-a-esperar-veracruz-garantizara-todos-los-medicamentos-rocio-nahle\/\">https:\/\/www.ssaver.gob.mx\/difusion\/2025\/03\/04\/no-vamos-a-esperar-veracruz-garantizara-todos-los-medicamentos-rocio-nahle\/<\/a><\/p>\n\n\n\n<p>\u201cComo primera mujer Gobernadora, me he asumido como un referente de todas las veracruzanas para representar, defender y apoyar a todas en los diferentes espacios en los que se tenga que debatir o trabajar para hacernos visibles\u201d, expuso al exponer la puesta en marcha de:<\/p>\n\n\n\n<ul class=\"wp-block-list\">\n<li>La estrategia Amiga yo te ayudo, en coordinaci\u00f3n con el Poder Judicial<\/li>\n\n\n\n<li>Veracruzana Protegida, plataforma para reportar y brindar atenci\u00f3n oportuna en apoyo con las tiendas Oxxo como punto de refugio,<\/li>\n\n\n\n<li>Aprobaci\u00f3n de la Ley vicaria, para que el agresor salga del hogar.<\/li>\n\n\n\n<li>Instalaci\u00f3n de la Junta de Gobierno del Instituto Veracruzano de las Mujeres.<\/li>\n<\/ul>\n\n\n\n<p>En desarrollo econ\u00f3mico e inversiones:<\/p>\n\n\n\n<ul class=\"wp-block-list\">\n<li>La modernizaci\u00f3n del transporte con Yutong Bus en Veracruza y Boca del R\u00edo con el prototipo Ul\u00faa<\/li>\n\n\n\n<li>Nestl\u00e9 invierte 6 mil 400 millones en su planta de Boca del R\u00edo.<\/li>\n\n\n\n<li>Italpasta invierte mil 100 millones en Veracruz, generando mil 200 empleos.<\/li>\n\n\n\n<li>Construcci\u00f3n de nueva escollera de 3 kil\u00f3metros en el puerto de Veracruz.<\/li>\n<\/ul>\n\n\n\n<p>Infraestructura y Obras P\u00fablicas:<\/p>\n\n\n\n<ul class=\"wp-block-list\">\n<li>Decreto para que la Secretar\u00eda de Infraestructuras y Obras P\u00fablicas concentre toda la inversi\u00f3n.<\/li>\n\n\n\n<li>Carretera Veracruz-Xalapa, al 93% de avance en el reencarpetamiento.<\/li>\n\n\n\n<li>Aceleramiento de trabajos de la autopista La Tinaja-Acayucan; ampliaci\u00f3n y construcci\u00f3n de un engarce de la Orizaba- La Tinajas.<\/li>\n\n\n\n<li>Convenio con P\u00e1nuco para el uso de su planta de asfalto en el mantenimiento de caminos y carreteras del norte del estado.<\/li>\n\n\n\n<li>Carretera Santiago Tuxtla-Isla, la rehabilitaci\u00f3n total de 42 km; contrato de adjudicaci\u00f3n ya firmado.<\/li>\n\n\n\n<li>Carretera Cerro Azul-Tuxpan: Proyecto ejecutivo concluido, cumpliendo compromiso 81 de campa\u00f1a.<\/li>\n\n\n\n<li>Distribuidor vial en el Puerto de Veracruz con una inversi\u00f3n de 580 mdp autorizada.<\/li>\n\n\n\n<li>Tramo carretero federal 185 Las Matas (Minatitl\u00e1n): Rehabilitaci\u00f3n en proceso, incluyendo gaza de acceso y puente peatonal para la colonia Congreso.<\/li>\n\n\n\n<li>Bacheo en la glorieta de la Cabeza Olmeca (Veracruz).<\/li>\n\n\n\n<li>Retiro de caseta en el Puente Coatzacoalcos I:<\/li>\n\n\n\n<li>Bulevar de cuatro carriles de la ex caseta a Nuevo Teapa: Proyecto en marcha para mejorar tr\u00e1nsito hacia la zona industrial y municipios del sur del r\u00edo Coatzacoalcos.<\/li>\n\n\n\n<li>Nuevo Puente Coatzacoalcos I: Inicio de construcci\u00f3n en 2025.<\/li>\n\n\n\n<li>Puente Alvarado-Boca del R\u00edo: Construcci\u00f3n iniciar\u00e1 en 2026.<\/li>\n\n\n\n<li>Puente en Mart\u00ednez de la Torre: Proyecto comprometido en campa\u00f1a.<\/li>\n<\/ul>\n\n\n\n<p>En el sector educativo, se han otorgado m\u00e1s de 1.2 millones de becas, la eliminaci\u00f3n del cobro de inscripci\u00f3n y reinscripci\u00f3n en universidades tecnol\u00f3gicas y tecnol\u00f3gicas superiores, as\u00ed como:<\/p>\n\n\n\n<ul class=\"wp-block-list\">\n<li>Becas para 1 mil 245 hijos de elementos que aprobaron el examen de control de confianza.<\/li>\n\n\n\n<li>Implementaci\u00f3n de una n\u00f3mina \u00fanica.<\/li>\n\n\n\n<li>Estrategia Nunca es tarde para aprender para izar bandera blanca en alfabetizaci\u00f3n en Miahuatl\u00e1n, Apazapan, Cerro Azul, Huiloapan, Landero y Coss, Naranjos, Amatl\u00e1n, Pueblo Viejo, La Antigua, Tlacotepec de Mej\u00eda y Tuxtilla.&nbsp;<\/li>\n\n\n\n<li>Programa Nacional de Comida Saludable en Escuelas anunciado a nivel nacional, pero aplicado en Veracruz desde hace 12 a\u00f1os.<\/li>\n<\/ul>\n\n\n\n<p class=\"has-medium-font-size\"><strong>De igual manera, en salud se han rehabilitado 28 unidades m\u00e9dicas y se han mejorado los mecanismos de distribuci\u00f3n de medicamentos para garantizar el abasto en hospitales y centros de salud, adem\u00e1s de:<\/strong><\/p>\n\n\n\n<ul class=\"wp-block-list\">\n<li class=\"has-medium-font-size\">S<strong>upervisi\u00f3n de cl\u00ednicas y hospitales p\u00fablicos: 13 visitas realizadas para evaluar necesidades de rehabilitaci\u00f3n y equipamiento.\u00a0<\/strong><\/li>\n\n\n\n<li class=\"has-medium-font-size\"><strong>Puesta en marcha de Camionetitas de la Salud para distribuir medicamentos y atender comunidades.\u00a0<\/strong><\/li>\n\n\n\n<li class=\"has-medium-font-size\"><strong>Torre Pedi\u00e1trica de Veracruz, inicio de rehabilitaci\u00f3n y finalizaci\u00f3n de los pisos 7 y 8, que llevaban m\u00e1s de 10 a\u00f1os en obra negra.<\/strong><\/li>\n<\/ul>\n\n\n\n<p class=\"has-medium-font-size\">\u201cDamos la cara d\u00eda a d\u00eda porque tenemos autoridad moral y nos respalda una trayectoria de vida para servir al pueblo. El pueblo de Veracruz es alegre, noble y trabajador y me siento honrada y privilegiada poder servir y representar a nuestro bello estado en cualquier escenario que se presente.\u201d<\/p>\n\n\n\n<hr class=\"wp-block-separator has-alpha-channel-opacity\" \/>\n\n\n\n<figure class=\"wp-block-gallery has-nested-images columns-default is-cropped wp-block-gallery-1 is-layout-flex wp-block-gallery-is-layout-flex\">\n<figure class=\"wp-block-image size-large\"><img loading=\"lazy\" decoding=\"async\" width=\"624\" height=\"468\" data-id=\"4280\" src=\"https:\/\/www.ssaver.gob.mx\/difusion\/wp-content\/uploads\/sites\/23\/2025\/03\/PHOTO-2025-03-08-15-32-09-2.jpg\" alt=\"\" class=\"wp-image-4280\" srcset=\"https:\/\/www.ssaver.gob.mx\/difusion\/wp-content\/uploads\/sites\/23\/2025\/03\/PHOTO-2025-03-08-15-32-09-2.jpg 624w, https:\/\/www.ssaver.gob.mx\/difusion\/wp-content\/uploads\/sites\/23\/2025\/03\/PHOTO-2025-03-08-15-32-09-2-300x225.jpg 300w\" sizes=\"auto, (max-width: 624px) 100vw, 624px\" \/><\/figure>\n\n\n\n<figure class=\"wp-block-image size-large\"><img loading=\"lazy\" decoding=\"async\" width=\"1024\" height=\"768\" data-id=\"4281\" src=\"https:\/\/www.ssaver.gob.mx\/difusion\/wp-content\/uploads\/sites\/23\/2025\/03\/PHOTO-2025-03-08-15-32-09-3-1024x768.jpg\" alt=\"\" class=\"wp-image-4281\" srcset=\"https:\/\/www.ssaver.gob.mx\/difusion\/wp-content\/uploads\/sites\/23\/2025\/03\/PHOTO-2025-03-08-15-32-09-3-1024x768.jpg 1024w, https:\/\/www.ssaver.gob.mx\/difusion\/wp-content\/uploads\/sites\/23\/2025\/03\/PHOTO-2025-03-08-15-32-09-3-300x225.jpg 300w, https:\/\/www.ssaver.gob.mx\/difusion\/wp-content\/uploads\/sites\/23\/2025\/03\/PHOTO-2025-03-08-15-32-09-3-768x576.jpg 768w, https:\/\/www.ssaver.gob.mx\/difusion\/wp-content\/uploads\/sites\/23\/2025\/03\/PHOTO-2025-03-08-15-32-09-3-1536x1152.jpg 1536w, https:\/\/www.ssaver.gob.mx\/difusion\/wp-content\/uploads\/sites\/23\/2025\/03\/PHOTO-2025-03-08-15-32-09-3.jpg 1600w\" sizes=\"auto, (max-width: 1024px) 100vw, 1024px\" \/><\/figure>\n\n\n\n<figure class=\"wp-block-image size-large\"><img loading=\"lazy\" decoding=\"async\" width=\"1024\" height=\"682\" data-id=\"4284\" src=\"https:\/\/www.ssaver.gob.mx\/difusion\/wp-content\/uploads\/sites\/23\/2025\/03\/PHOTO-2025-03-08-15-32-09-4-1024x682.jpg\" alt=\"\" class=\"wp-image-4284\" srcset=\"https:\/\/www.ssaver.gob.mx\/difusion\/wp-content\/uploads\/sites\/23\/2025\/03\/PHOTO-2025-03-08-15-32-09-4-1024x682.jpg 1024w, https:\/\/www.ssaver.gob.mx\/difusion\/wp-content\/uploads\/sites\/23\/2025\/03\/PHOTO-2025-03-08-15-32-09-4-300x200.jpg 300w, https:\/\/www.ssaver.gob.mx\/difusion\/wp-content\/uploads\/sites\/23\/2025\/03\/PHOTO-2025-03-08-15-32-09-4-768x512.jpg 768w, https:\/\/www.ssaver.gob.mx\/difusion\/wp-content\/uploads\/sites\/23\/2025\/03\/PHOTO-2025-03-08-15-32-09-4-1536x1023.jpg 1536w, https:\/\/www.ssaver.gob.mx\/difusion\/wp-content\/uploads\/sites\/23\/2025\/03\/PHOTO-2025-03-08-15-32-09-4.jpg 1600w\" sizes=\"auto, (max-width: 1024px) 100vw, 1024px\" \/><\/figure>\n\n\n\n<figure class=\"wp-block-image size-large\"><img loading=\"lazy\" decoding=\"async\" width=\"1024\" height=\"863\" data-id=\"4285\" src=\"https:\/\/www.ssaver.gob.mx\/difusion\/wp-content\/uploads\/sites\/23\/2025\/03\/PHOTO-2025-03-08-15-32-09-5-1024x863.jpg\" alt=\"\" class=\"wp-image-4285\" srcset=\"https:\/\/www.ssaver.gob.mx\/difusion\/wp-content\/uploads\/sites\/23\/2025\/03\/PHOTO-2025-03-08-15-32-09-5-1024x863.jpg 1024w, https:\/\/www.ssaver.gob.mx\/difusion\/wp-content\/uploads\/sites\/23\/2025\/03\/PHOTO-2025-03-08-15-32-09-5-300x253.jpg 300w, https:\/\/www.ssaver.gob.mx\/difusion\/wp-content\/uploads\/sites\/23\/2025\/03\/PHOTO-2025-03-08-15-32-09-5-768x647.jpg 768w, https:\/\/www.ssaver.gob.mx\/difusion\/wp-content\/uploads\/sites\/23\/2025\/03\/PHOTO-2025-03-08-15-32-09-5-1536x1294.jpg 1536w, https:\/\/www.ssaver.gob.mx\/difusion\/wp-content\/uploads\/sites\/23\/2025\/03\/PHOTO-2025-03-08-15-32-09-5.jpg 1600w\" sizes=\"auto, (max-width: 1024px) 100vw, 1024px\" \/><\/figure>\n\n\n\n<figure class=\"wp-block-image size-large\"><img loading=\"lazy\" decoding=\"async\" width=\"1024\" height=\"768\" data-id=\"4283\" src=\"https:\/\/www.ssaver.gob.mx\/difusion\/wp-content\/uploads\/sites\/23\/2025\/03\/PHOTO-2025-03-08-15-32-09-6-1024x768.jpg\" alt=\"\" class=\"wp-image-4283\" srcset=\"https:\/\/www.ssaver.gob.mx\/difusion\/wp-content\/uploads\/sites\/23\/2025\/03\/PHOTO-2025-03-08-15-32-09-6-1024x768.jpg 1024w, https:\/\/www.ssaver.gob.mx\/difusion\/wp-content\/uploads\/sites\/23\/2025\/03\/PHOTO-2025-03-08-15-32-09-6-300x225.jpg 300w, https:\/\/www.ssaver.gob.mx\/difusion\/wp-content\/uploads\/sites\/23\/2025\/03\/PHOTO-2025-03-08-15-32-09-6-768x576.jpg 768w, https:\/\/www.ssaver.gob.mx\/difusion\/wp-content\/uploads\/sites\/23\/2025\/03\/PHOTO-2025-03-08-15-32-09-6-1536x1152.jpg 1536w, https:\/\/www.ssaver.gob.mx\/difusion\/wp-content\/uploads\/sites\/23\/2025\/03\/PHOTO-2025-03-08-15-32-09-6.jpg 1600w\" sizes=\"auto, (max-width: 1024px) 100vw, 1024px\" \/><\/figure>\n\n\n\n<figure class=\"wp-block-image size-large\"><img loading=\"lazy\" decoding=\"async\" width=\"1024\" height=\"684\" data-id=\"4282\" src=\"https:\/\/www.ssaver.gob.mx\/difusion\/wp-content\/uploads\/sites\/23\/2025\/03\/PHOTO-2025-03-08-15-32-09-1024x684.jpg\" alt=\"\" class=\"wp-image-4282\" srcset=\"https:\/\/www.ssaver.gob.mx\/difusion\/wp-content\/uploads\/sites\/23\/2025\/03\/PHOTO-2025-03-08-15-32-09-1024x684.jpg 1024w, https:\/\/www.ssaver.gob.mx\/difusion\/wp-content\/uploads\/sites\/23\/2025\/03\/PHOTO-2025-03-08-15-32-09-300x200.jpg 300w, https:\/\/www.ssaver.gob.mx\/difusion\/wp-content\/uploads\/sites\/23\/2025\/03\/PHOTO-2025-03-08-15-32-09-768x513.jpg 768w, https:\/\/www.ssaver.gob.mx\/difusion\/wp-content\/uploads\/sites\/23\/2025\/03\/PHOTO-2025-03-08-15-32-09-1536x1025.jpg 1536w, https:\/\/www.ssaver.gob.mx\/difusion\/wp-content\/uploads\/sites\/23\/2025\/03\/PHOTO-2025-03-08-15-32-09.jpg 1600w\" sizes=\"auto, (max-width: 1024px) 100vw, 1024px\" \/><\/figure>\n\n\n\n<figure class=\"wp-block-image size-large\"><img loading=\"lazy\" decoding=\"async\" width=\"1024\" height=\"682\" data-id=\"4286\" src=\"https:\/\/www.ssaver.gob.mx\/difusion\/wp-content\/uploads\/sites\/23\/2025\/03\/PHOTO-2025-03-08-15-32-09-10-1024x682.jpg\" alt=\"\" class=\"wp-image-4286\" srcset=\"https:\/\/www.ssaver.gob.mx\/difusion\/wp-content\/uploads\/sites\/23\/2025\/03\/PHOTO-2025-03-08-15-32-09-10-1024x682.jpg 1024w, https:\/\/www.ssaver.gob.mx\/difusion\/wp-content\/uploads\/sites\/23\/2025\/03\/PHOTO-2025-03-08-15-32-09-10-300x200.jpg 300w, https:\/\/www.ssaver.gob.mx\/difusion\/wp-content\/uploads\/sites\/23\/2025\/03\/PHOTO-2025-03-08-15-32-09-10-768x512.jpg 768w, https:\/\/www.ssaver.gob.mx\/difusion\/wp-content\/uploads\/sites\/23\/2025\/03\/PHOTO-2025-03-08-15-32-09-10-1536x1023.jpg 1536w, https:\/\/www.ssaver.gob.mx\/difusion\/wp-content\/uploads\/sites\/23\/2025\/03\/PHOTO-2025-03-08-15-32-09-10.jpg 1600w\" sizes=\"auto, (max-width: 1024px) 100vw, 1024px\" \/><\/figure>\n\n\n\n<figure class=\"wp-block-image size-large\"><img loading=\"lazy\" decoding=\"async\" width=\"1024\" height=\"682\" data-id=\"4287\" src=\"https:\/\/www.ssaver.gob.mx\/difusion\/wp-content\/uploads\/sites\/23\/2025\/03\/PHOTO-2025-03-08-15-32-09-9-1024x682.jpg\" alt=\"\" class=\"wp-image-4287\" srcset=\"https:\/\/www.ssaver.gob.mx\/difusion\/wp-content\/uploads\/sites\/23\/2025\/03\/PHOTO-2025-03-08-15-32-09-9-1024x682.jpg 1024w, https:\/\/www.ssaver.gob.mx\/difusion\/wp-content\/uploads\/sites\/23\/2025\/03\/PHOTO-2025-03-08-15-32-09-9-300x200.jpg 300w, https:\/\/www.ssaver.gob.mx\/difusion\/wp-content\/uploads\/sites\/23\/2025\/03\/PHOTO-2025-03-08-15-32-09-9-768x512.jpg 768w, https:\/\/www.ssaver.gob.mx\/difusion\/wp-content\/uploads\/sites\/23\/2025\/03\/PHOTO-2025-03-08-15-32-09-9-1536x1023.jpg 1536w, https:\/\/www.ssaver.gob.mx\/difusion\/wp-content\/uploads\/sites\/23\/2025\/03\/PHOTO-2025-03-08-15-32-09-9.jpg 1600w\" sizes=\"auto, (max-width: 1024px) 100vw, 1024px\" \/><\/figure>\n\n\n\n<figure class=\"wp-block-image size-large\"><img loading=\"lazy\" decoding=\"async\" width=\"1024\" height=\"684\" data-id=\"4289\" src=\"https:\/\/www.ssaver.gob.mx\/difusion\/wp-content\/uploads\/sites\/23\/2025\/03\/PHOTO-2025-03-08-15-32-09-8-1024x684.jpg\" alt=\"\" class=\"wp-image-4289\" srcset=\"https:\/\/www.ssaver.gob.mx\/difusion\/wp-content\/uploads\/sites\/23\/2025\/03\/PHOTO-2025-03-08-15-32-09-8-1024x684.jpg 1024w, https:\/\/www.ssaver.gob.mx\/difusion\/wp-content\/uploads\/sites\/23\/2025\/03\/PHOTO-2025-03-08-15-32-09-8-300x200.jpg 300w, https:\/\/www.ssaver.gob.mx\/difusion\/wp-content\/uploads\/sites\/23\/2025\/03\/PHOTO-2025-03-08-15-32-09-8-768x513.jpg 768w, https:\/\/www.ssaver.gob.mx\/difusion\/wp-content\/uploads\/sites\/23\/2025\/03\/PHOTO-2025-03-08-15-32-09-8-1536x1025.jpg 1536w, https:\/\/www.ssaver.gob.mx\/difusion\/wp-content\/uploads\/sites\/23\/2025\/03\/PHOTO-2025-03-08-15-32-09-8.jpg 1600w\" sizes=\"auto, (max-width: 1024px) 100vw, 1024px\" \/><\/figure>\n<\/figure>\n\n\n\n<hr class=\"wp-block-separator has-alpha-channel-opacity\" \/>\n\n\n\n<hr class=\"wp-block-separator has-alpha-channel-opacity\" \/>\n","protected":false},"excerpt":{"rendered":"<p>Coatzacoalcos, Ver., s\u00e1bado 08 de marzo de 2025.- Ante un Centro de Convenciones y Teatro de la Ciudad abarrotado, la<\/p>\n","protected":false},"author":59,"featured_media":4282,"comment_status":"closed","ping_status":"closed","sticky":false,"template":"","format":"standard","meta":{"colormag_page_container_layout":"default_layout","colormag_page_sidebar_layout":"default_layout","footnotes":""},"categories":[119,115],"tags":[280,750,751,251,279,226,184,137],"class_list":["post-4279","post","type-post","status-publish","format-standard","has-post-thumbnail","hentry","category-comunicados","category-general","tag-100-dias-informe-de-rocio-nahle","tag-apoyo-del-director-general","tag-juan-pablo-uribe-gonzalez","tag-rocio-nahle-gobernadora","tag-rocio-nahle-informe","tag-secretaria-de-salud","tag-sesver","tag-xalapa"],"_links":{"self":[{"href":"https:\/\/www.ssaver.gob.mx\/difusion\/wp-json\/wp\/v2\/posts\/4279","targetHints":{"allow":["GET"]}}],"collection":[{"href":"https:\/\/www.ssaver.gob.mx\/difusion\/wp-json\/wp\/v2\/posts"}],"about":[{"href":"https:\/\/www.ssaver.gob.mx\/difusion\/wp-json\/wp\/v2\/types\/post"}],"author":[{"embeddable":true,"href":"https:\/\/www.ssaver.gob.mx\/difusion\/wp-json\/wp\/v2\/users\/59"}],"replies":[{"embeddable":true,"href":"https:\/\/www.ssaver.gob.mx\/difusion\/wp-json\/wp\/v2\/comments?post=4279"}],"version-history":[{"count":3,"href":"https:\/\/www.ssaver.gob.mx\/difusion\/wp-json\/wp\/v2\/posts\/4279\/revisions"}],"predecessor-version":[{"id":4338,"href":"https:\/\/www.ssaver.gob.mx\/difusion\/wp-json\/wp\/v2\/posts\/4279\/revisions\/4338"}],"wp:featuredmedia":[{"embeddable":true,"href":"https:\/\/www.ssaver.gob.mx\/difusion\/wp-json\/wp\/v2\/media\/4282"}],"wp:attachment":[{"href":"https:\/\/www.ssaver.gob.mx\/difusion\/wp-json\/wp\/v2\/media?parent=4279"}],"wp:term":[{"taxonomy":"category","embeddable":true,"href":"https:\/\/www.ssaver.gob.mx\/difusion\/wp-json\/wp\/v2\/categories?post=4279"},{"taxonomy":"post_tag","embeddable":true,"href":"https:\/\/www.ssaver.gob.mx\/difusion\/wp-json\/wp\/v2\/tags?post=4279"}],"curies":[{"name":"wp","href":"https:\/\/api.w.org\/{rel}","templated":true}]}}