{"id":4296,"date":"2025-03-09T11:08:22","date_gmt":"2025-03-09T17:08:22","guid":{"rendered":"https:\/\/www.ssaver.gob.mx\/difusion\/?p=4296"},"modified":"2025-09-11T13:52:32","modified_gmt":"2025-09-11T18:52:32","slug":"rocio-nahle-garantiza-medicamentos-y-vacunas-para-tratar-la-tosferina-en-veracruz","status":"publish","type":"post","link":"https:\/\/www.ssaver.gob.mx\/difusion\/2025\/03\/09\/rocio-nahle-garantiza-medicamentos-y-vacunas-para-tratar-la-tosferina-en-veracruz\/","title":{"rendered":"Roc\u00edo Nahle garantiza medicamentos y vacunas para tratar la tosferina en Veracruz"},"content":{"rendered":"\n<p class=\"blockart-paragraph blockart-paragraph-9877392e\"><strong><strong>Roc\u00edo Nahle garantiza medicamentos y vacunas para tratar la tosferina en Veracruz<\/strong><\/strong><\/p>\n\n\n\n<p><\/p>\n\n\n\n<p class=\"blockart-paragraph blockart-paragraph-da8fe40d\"><br>&#8211; Exhorta a padres y madres a vacunar a sus hijos contra esta enfermedad<br><br>-Mantiene constante monitoreo con el sector <strong>salud<\/strong> en cuanto al <strong>abasto de medicamentos<\/strong><br><br>-Se reuni\u00f3 con la presidenta Claudia Sheinbaum, para ratificar el compromiso con la <strong>salud<\/strong> de las y los veracruzanos a trav\u00e9s del IMSS- Bienestar y sector salud estatal<br><br><\/p>\n\n\n\n<p class=\"has-medium-font-size\"><strong>Xalapa, Ver., domingo 09 de marzo de 2025.- Ante la alerta epidemiol\u00f3gica emitida por la Secretar\u00eda de Salud federal debido al incremento de casos de tosferina, la gobernadora de Veracruz, Roc\u00edo Nahle Garc\u00eda, garantiz\u00f3 el abasto de medicamentos y vacunas.<\/strong><\/p>\n\n\n\n<p class=\"has-medium-font-size\">Exhort\u00f3 a padres y madres de familia a llevar a sus menores hijos a los centros de <strong>salud<\/strong> para completar el esquema de vacunaci\u00f3n al tiempo que coment\u00f3 se mantiene el fortalecimiento en los diferentes hospitales del estado para prevenir una eventual ola de contagios.<\/p>\n\n\n\n<p>Nahle Garc\u00eda asegur\u00f3 que adem\u00e1s, recientemente se reuni\u00f3 con la presidenta Claudia Sheinbaum Pardo donde se reiter\u00f3 el compromiso del IMSS Bienestar de brindar los principales <strong>servicios de salud<\/strong> a las y los veracruzanos.<\/p>\n\n\n\n<p>En este mismo sentido, la Mandataria estatal, confirm\u00f3 que se cuenta con el <strong>medicamento y vacunas<\/strong> para tratar los casos de <strong>tosferina<\/strong> que se puedan presentar en la entidad veracruzana.<\/p>\n\n\n\n<p>\u00abSi hay vacunas suficientes y yo le ped\u00ed al secretario de <strong>salud<\/strong> que no nos vamos a esperar, si el IMSS bienestar tiene los medicamentos pues muy bien, si no el estado los compra\u00bb afirm\u00f3 <strong>Nahle<\/strong> Garc\u00eda.<\/p>\n\n\n\n<p>La tosferina es altamente contagiosa, entre los principales s\u00edntomas se encuentran: moqueo, congesti\u00f3n nasal, ojos rojos, fiebre, tos violenta y avanza en tres fases.<\/p>\n\n\n\n<p class=\"has-text-color has-link-color has-medium-font-size wp-elements-aeaf8756db8de05e98e14cee1a8842e3\" style=\"color:#7b1818\">Tambi\u00e9n te puede interesar.- <strong><strong>No vamos a esperar, Veracruz garantizar\u00e1 todos los medicamentos: Roc\u00edo Nahle<\/strong><\/strong>  <a href=\"https:\/\/www.ssaver.gob.mx\/difusion\/2025\/03\/04\/no-vamos-a-esperar-veracruz-garantizara-todos-los-medicamentos-rocio-nahle\/\">https:\/\/www.ssaver.gob.mx\/difusion\/2025\/03\/04\/no-vamos-a-esperar-veracruz-garantizara-todos-los-medicamentos-rocio-nahle\/<\/a><\/p>\n\n\n\n<p>Los especialistas de la salud, exhortan a la poblaci\u00f3n a mantenerse prevenidos ante cualquier padecimiento relacionado a esta enfermedad.<\/p>\n\n\n\n<p>En el caso de los adultos, es tratada con antibi\u00f3tico, siempre y cuando sea detectado a tiempo. Para los infantes es recomendable la aplicaci\u00f3n de las vacunas durante el segundo, cuarto y sexto mes de vida, as\u00ed como el reforzamiento de una dosis a los 4 a\u00f1os de edad.<\/p>\n\n\n\n<p class=\"has-text-color has-link-color has-medium-font-size wp-elements-f108d31c1739c414dcc4031e0a3bc515\" style=\"color:#820b0b\">Tambi\u00e9n te puede interesar.- <strong>Roc\u00edo Nahle anuncia mejoras en infraestructura y atenci\u00f3n del HAEV<\/strong>  <a href=\"https:\/\/www.ssaver.gob.mx\/difusion\/2025\/02\/27\/rocio-nahle-anuncia-mejoras-en-infraestructura-y-atencion-del-haev\/\">https:\/\/www.ssaver.gob.mx\/difusion\/2025\/02\/27\/rocio-nahle-anuncia-mejoras-en-infraestructura-y-atencion-del-haev\/<\/a><\/p>\n\n\n\n<hr class=\"wp-block-separator has-alpha-channel-opacity\" \/>\n\n\n\n<figure class=\"wp-block-gallery has-nested-images columns-default is-cropped wp-block-gallery-1 is-layout-flex wp-block-gallery-is-layout-flex\">\n<figure class=\"wp-block-image size-large\"><img loading=\"lazy\" decoding=\"async\" width=\"1024\" height=\"537\" data-id=\"4297\" src=\"https:\/\/www.ssaver.gob.mx\/difusion\/wp-content\/uploads\/sites\/23\/2025\/03\/PHOTO-2025-03-09-10-34-56-1024x537.jpg\" alt=\"Roc\u00edo Nahle, Qu\u00e9 es tosferina, cu\u00e1l es tosferina, \" class=\"wp-image-4297\" srcset=\"https:\/\/www.ssaver.gob.mx\/difusion\/wp-content\/uploads\/sites\/23\/2025\/03\/PHOTO-2025-03-09-10-34-56-1024x537.jpg 1024w, https:\/\/www.ssaver.gob.mx\/difusion\/wp-content\/uploads\/sites\/23\/2025\/03\/PHOTO-2025-03-09-10-34-56-300x157.jpg 300w, https:\/\/www.ssaver.gob.mx\/difusion\/wp-content\/uploads\/sites\/23\/2025\/03\/PHOTO-2025-03-09-10-34-56-768x403.jpg 768w, https:\/\/www.ssaver.gob.mx\/difusion\/wp-content\/uploads\/sites\/23\/2025\/03\/PHOTO-2025-03-09-10-34-56-1536x805.jpg 1536w, https:\/\/www.ssaver.gob.mx\/difusion\/wp-content\/uploads\/sites\/23\/2025\/03\/PHOTO-2025-03-09-10-34-56-390x205.jpg 390w, https:\/\/www.ssaver.gob.mx\/difusion\/wp-content\/uploads\/sites\/23\/2025\/03\/PHOTO-2025-03-09-10-34-56.jpg 1600w\" sizes=\"auto, (max-width: 1024px) 100vw, 1024px\" \/><\/figure>\n<\/figure>\n\n\n\n<hr class=\"wp-block-separator has-alpha-channel-opacity\" \/>\n\n\n\n<hr class=\"wp-block-separator has-alpha-channel-opacity\" \/>\n","protected":false},"excerpt":{"rendered":"<p>Xalapa, Ver., domingo 09 de marzo de 2025.- Ante la alerta epidemiol\u00f3gica emitida por la Secretar\u00eda de Salud federal debido<\/p>\n","protected":false},"author":59,"featured_media":4297,"comment_status":"closed","ping_status":"closed","sticky":false,"template":"","format":"standard","meta":{"colormag_page_container_layout":"default_layout","colormag_page_sidebar_layout":"default_layout","footnotes":""},"categories":[119,115],"tags":[750,751,287,189,184,281,282,283,284,285,286],"class_list":["post-4296","post","type-post","status-publish","format-standard","has-post-thumbnail","hentry","category-comunicados","category-general","tag-apoyo-del-director-general","tag-juan-pablo-uribe-gonzalez","tag-porque-se-produce-la-tosferina","tag-secretaria-de-salud-de-veracruz","tag-sesver","tag-tosferina","tag-tosferina-cual-es-la-vacuna","tag-tosferina-cuando-se-contagia","tag-tosferina-cuando-se-vacuna","tag-tosferina-quien-la-causa","tag-tosferina-quien-la-produce"],"_links":{"self":[{"href":"https:\/\/www.ssaver.gob.mx\/difusion\/wp-json\/wp\/v2\/posts\/4296","targetHints":{"allow":["GET"]}}],"collection":[{"href":"https:\/\/www.ssaver.gob.mx\/difusion\/wp-json\/wp\/v2\/posts"}],"about":[{"href":"https:\/\/www.ssaver.gob.mx\/difusion\/wp-json\/wp\/v2\/types\/post"}],"author":[{"embeddable":true,"href":"https:\/\/www.ssaver.gob.mx\/difusion\/wp-json\/wp\/v2\/users\/59"}],"replies":[{"embeddable":true,"href":"https:\/\/www.ssaver.gob.mx\/difusion\/wp-json\/wp\/v2\/comments?post=4296"}],"version-history":[{"count":3,"href":"https:\/\/www.ssaver.gob.mx\/difusion\/wp-json\/wp\/v2\/posts\/4296\/revisions"}],"predecessor-version":[{"id":4331,"href":"https:\/\/www.ssaver.gob.mx\/difusion\/wp-json\/wp\/v2\/posts\/4296\/revisions\/4331"}],"wp:featuredmedia":[{"embeddable":true,"href":"https:\/\/www.ssaver.gob.mx\/difusion\/wp-json\/wp\/v2\/media\/4297"}],"wp:attachment":[{"href":"https:\/\/www.ssaver.gob.mx\/difusion\/wp-json\/wp\/v2\/media?parent=4296"}],"wp:term":[{"taxonomy":"category","embeddable":true,"href":"https:\/\/www.ssaver.gob.mx\/difusion\/wp-json\/wp\/v2\/categories?post=4296"},{"taxonomy":"post_tag","embeddable":true,"href":"https:\/\/www.ssaver.gob.mx\/difusion\/wp-json\/wp\/v2\/tags?post=4296"}],"curies":[{"name":"wp","href":"https:\/\/api.w.org\/{rel}","templated":true}]}}