{"id":4397,"date":"2025-03-11T16:45:38","date_gmt":"2025-03-11T22:45:38","guid":{"rendered":"https:\/\/www.ssaver.gob.mx\/difusion\/?p=4397"},"modified":"2025-09-11T13:53:11","modified_gmt":"2025-09-11T18:53:11","slug":"vacuna-contra-tosferina-disponible-en-hospitales-centros-de-salud","status":"publish","type":"post","link":"https:\/\/www.ssaver.gob.mx\/difusion\/2025\/03\/11\/vacuna-contra-tosferina-disponible-en-hospitales-centros-de-salud\/","title":{"rendered":"Vacuna contra la tosferina disponible en hospitales, centros de salud y unidades m\u00e9dicas\u00a0"},"content":{"rendered":"\n<p class=\"blockart-paragraph blockart-paragraph-163771f1\"><strong><strong><strong>Vacuna contra la tosferina disponible en hospitales, centros de salud y unidades m\u00e9dicas\u00a0<\/strong><\/strong><\/strong><\/p>\n\n\n\n<p><\/p>\n\n\n\n<p class=\"has-medium-font-size\">&gt;M\u00e1s de 146 mil dosis en existencia.<\/p>\n\n\n\n<p class=\"has-medium-font-size\">&gt;Salud reforzar\u00e1 la campa\u00f1a de vacunaci\u00f3n.<\/p>\n\n\n\n<p class=\"has-medium-font-size\">Xalapa, Ver., martes 11 de marzo de 2025.- <strong>Hospitales, centros de salud y unidades m\u00e9dicas de la Secretar\u00eda de Salud est\u00e1n preparados para atender a la poblaci\u00f3n que requiera la vacuna y medicamentos antibi\u00f3ticos contra la tosferina.&nbsp;<\/strong><\/p>\n\n\n\n<p class=\"has-medium-font-size\">Como lo inform\u00f3 la <strong>gobernadora Roc\u00edo Nahle Garc\u00eda<\/strong>, la dependencia estatal intensificar\u00e1 la campa\u00f1a de vacunaci\u00f3n para proteger a la poblaci\u00f3n y completar esquemas pendientes.&nbsp;<\/p>\n\n\n\n<p class=\"has-medium-font-size\">Actualmente, en las <strong>11 jurisdicciones sanitarias de Veracruz <\/strong>hay m\u00e1s de 146 mil dosis disponibles, \u201cvamos a impulsar esta campa\u00f1a con la <strong>Secretar\u00eda de Salud<\/strong> para que todos los padres de familia lleven a sus hijos a vacunar. En todos los centros de salud hay vacunas\u201d.&nbsp;<\/p>\n\n\n\n<p class=\"has-medium-font-size\"><strong>Ante la alerta emitida por la Secretar\u00eda de Salud federal, este fin de semana la mandataria estatal confirm\u00f3 el abasto de medicamentos y vacunas en los centros de salud y hospitales del estado.&nbsp;<\/strong><\/p>\n\n\n\n<p class=\"has-medium-font-size\"><strong>La tosferina<\/strong> es una enfermedad altamente contagiosa que afecta las v\u00edas respiratorias, sus primeros s\u00edntomas incluyen escurrimiento y congesti\u00f3n nasal, ojos rojos, fiebre y tos violenta.&nbsp;<\/p>\n\n\n\n<p class=\"has-medium-font-size\">Para prevenirla, es fundamental que ni\u00f1as y ni\u00f1os reciban la vacuna a los 2, 4 y 6 meses de edad, as\u00ed como un refuerzo a los 4 a\u00f1os, tambi\u00e9n se recomienda vacunar a las mujeres embarazadas a partir de la semana 20 de gestaci\u00f3n.&nbsp;<\/p>\n\n\n\n<p class=\"has-medium-font-size\">En adultos, la enfermedad se trata con antibi\u00f3ticos en su etapa temprana, la detecci\u00f3n oportuna es clave, ya que, si no se atiende a tiempo, puede derivar en complicaciones graves.&nbsp;<\/p>\n\n\n\n<p class=\"has-text-color has-link-color has-medium-font-size wp-elements-10d7d62ad0bc4471763c8179cf2b022f\" style=\"color:#6f0404\">Tambi\u00e9n te puede interesar.- <strong><a href=\"https:\/\/www.ssaver.gob.mx\/blog\/2025\/03\/09\/rocio-nahle-garantiza-medicamentos-y-vacunas-para-tratar-la-tosferina-en-veracruz\/\" data-type=\"link\" data-id=\"https:\/\/www.ssaver.gob.mx\/blog\/2025\/03\/09\/rocio-nahle-garantiza-medicamentos-y-vacunas-para-tratar-la-tosferina-en-veracruz\/\">Roc\u00edo Nahle garantiza medicamentos y vacunas para tratar la tosferina en Veracruz<\/a><\/strong><\/p>\n\n\n\n<p class=\"has-black-color has-text-color has-link-color has-medium-font-size wp-elements-23e5e14ebea093a82eaa6ccc34d7bf0c\">Para m\u00e1s informaci\u00f3n o atenci\u00f3n m\u00e9dica, la poblaci\u00f3n puede acudir a los hospitales y centros de salud de la entidad. <strong>Tambi\u00e9n est\u00e1n disponibles las redes sociales y en la p\u00e1gina: <a href=\"https:\/\/www.ssaver.gob.mx\">https:\/\/www.ssaver.gob.mx<\/a>.<\/strong><\/p>\n\n\n\n<div class=\"blockart-slider blockart-slider-94173fad\"><div class=\"splide\"><div class=\"splide__track\"><ul class=\"splide__list\">\n<li class=\"blockart-slide blockart-slide-79f5aca6 splide__slide\">\n<figure class=\"wp-block-image size-large\"><img loading=\"lazy\" decoding=\"async\" width=\"1024\" height=\"1024\" src=\"https:\/\/www.ssaver.gob.mx\/difusion\/wp-content\/uploads\/sites\/23\/2025\/03\/Post-Tos-ferina_v1-1024x1024.jpg\" alt=\"\" class=\"wp-image-4527\" srcset=\"https:\/\/www.ssaver.gob.mx\/difusion\/wp-content\/uploads\/sites\/23\/2025\/03\/Post-Tos-ferina_v1-1024x1024.jpg 1024w, https:\/\/www.ssaver.gob.mx\/difusion\/wp-content\/uploads\/sites\/23\/2025\/03\/Post-Tos-ferina_v1-300x300.jpg 300w, https:\/\/www.ssaver.gob.mx\/difusion\/wp-content\/uploads\/sites\/23\/2025\/03\/Post-Tos-ferina_v1-150x150.jpg 150w, https:\/\/www.ssaver.gob.mx\/difusion\/wp-content\/uploads\/sites\/23\/2025\/03\/Post-Tos-ferina_v1-768x768.jpg 768w, https:\/\/www.ssaver.gob.mx\/difusion\/wp-content\/uploads\/sites\/23\/2025\/03\/Post-Tos-ferina_v1-1536x1536.jpg 1536w, https:\/\/www.ssaver.gob.mx\/difusion\/wp-content\/uploads\/sites\/23\/2025\/03\/Post-Tos-ferina_v1-2048x2048.jpg 2048w\" sizes=\"auto, (max-width: 1024px) 100vw, 1024px\" \/><\/figure>\n<\/li>\n\n\n\n<li class=\"blockart-slide blockart-slide-2acdf6bd splide__slide\">\n<figure class=\"wp-block-image size-large\"><img loading=\"lazy\" decoding=\"async\" width=\"1024\" height=\"1024\" src=\"https:\/\/www.ssaver.gob.mx\/difusion\/wp-content\/uploads\/sites\/23\/2025\/03\/Post-Tos-ferina_v2-copia-2-1024x1024.jpg\" alt=\"\" class=\"wp-image-4528\" srcset=\"https:\/\/www.ssaver.gob.mx\/difusion\/wp-content\/uploads\/sites\/23\/2025\/03\/Post-Tos-ferina_v2-copia-2-1024x1024.jpg 1024w, https:\/\/www.ssaver.gob.mx\/difusion\/wp-content\/uploads\/sites\/23\/2025\/03\/Post-Tos-ferina_v2-copia-2-300x300.jpg 300w, https:\/\/www.ssaver.gob.mx\/difusion\/wp-content\/uploads\/sites\/23\/2025\/03\/Post-Tos-ferina_v2-copia-2-150x150.jpg 150w, https:\/\/www.ssaver.gob.mx\/difusion\/wp-content\/uploads\/sites\/23\/2025\/03\/Post-Tos-ferina_v2-copia-2-768x768.jpg 768w, https:\/\/www.ssaver.gob.mx\/difusion\/wp-content\/uploads\/sites\/23\/2025\/03\/Post-Tos-ferina_v2-copia-2-1536x1536.jpg 1536w, https:\/\/www.ssaver.gob.mx\/difusion\/wp-content\/uploads\/sites\/23\/2025\/03\/Post-Tos-ferina_v2-copia-2-2048x2048.jpg 2048w\" sizes=\"auto, (max-width: 1024px) 100vw, 1024px\" \/><\/figure>\n<\/li>\n\n\n\n<li class=\"blockart-slide blockart-slide-fa740a3d splide__slide\">\n<figure class=\"wp-block-image size-large\"><img loading=\"lazy\" decoding=\"async\" width=\"1024\" height=\"1024\" src=\"https:\/\/www.ssaver.gob.mx\/difusion\/wp-content\/uploads\/sites\/23\/2025\/03\/Post-Tos-ferina_v2-copia-3-1024x1024.jpg\" alt=\"\" class=\"wp-image-4529\" srcset=\"https:\/\/www.ssaver.gob.mx\/difusion\/wp-content\/uploads\/sites\/23\/2025\/03\/Post-Tos-ferina_v2-copia-3-1024x1024.jpg 1024w, https:\/\/www.ssaver.gob.mx\/difusion\/wp-content\/uploads\/sites\/23\/2025\/03\/Post-Tos-ferina_v2-copia-3-300x300.jpg 300w, https:\/\/www.ssaver.gob.mx\/difusion\/wp-content\/uploads\/sites\/23\/2025\/03\/Post-Tos-ferina_v2-copia-3-150x150.jpg 150w, https:\/\/www.ssaver.gob.mx\/difusion\/wp-content\/uploads\/sites\/23\/2025\/03\/Post-Tos-ferina_v2-copia-3-768x768.jpg 768w, https:\/\/www.ssaver.gob.mx\/difusion\/wp-content\/uploads\/sites\/23\/2025\/03\/Post-Tos-ferina_v2-copia-3-1536x1536.jpg 1536w, https:\/\/www.ssaver.gob.mx\/difusion\/wp-content\/uploads\/sites\/23\/2025\/03\/Post-Tos-ferina_v2-copia-3-2048x2048.jpg 2048w\" sizes=\"auto, (max-width: 1024px) 100vw, 1024px\" \/><\/figure>\n<\/li>\n\n\n\n<li class=\"blockart-slide blockart-slide-3f24c982 splide__slide\">\n<figure class=\"wp-block-image size-large\"><img loading=\"lazy\" decoding=\"async\" width=\"1024\" height=\"1024\" src=\"https:\/\/www.ssaver.gob.mx\/difusion\/wp-content\/uploads\/sites\/23\/2025\/03\/Post-Tos-ferina_v2-copia-1024x1024.jpg\" alt=\"\" class=\"wp-image-4530\" srcset=\"https:\/\/www.ssaver.gob.mx\/difusion\/wp-content\/uploads\/sites\/23\/2025\/03\/Post-Tos-ferina_v2-copia-1024x1024.jpg 1024w, https:\/\/www.ssaver.gob.mx\/difusion\/wp-content\/uploads\/sites\/23\/2025\/03\/Post-Tos-ferina_v2-copia-300x300.jpg 300w, https:\/\/www.ssaver.gob.mx\/difusion\/wp-content\/uploads\/sites\/23\/2025\/03\/Post-Tos-ferina_v2-copia-150x150.jpg 150w, https:\/\/www.ssaver.gob.mx\/difusion\/wp-content\/uploads\/sites\/23\/2025\/03\/Post-Tos-ferina_v2-copia-768x768.jpg 768w, https:\/\/www.ssaver.gob.mx\/difusion\/wp-content\/uploads\/sites\/23\/2025\/03\/Post-Tos-ferina_v2-copia-1536x1536.jpg 1536w, https:\/\/www.ssaver.gob.mx\/difusion\/wp-content\/uploads\/sites\/23\/2025\/03\/Post-Tos-ferina_v2-copia-2048x2048.jpg 2048w\" sizes=\"auto, (max-width: 1024px) 100vw, 1024px\" \/><\/figure>\n<\/li>\n\n\n\n<li class=\"blockart-slide blockart-slide-23fc85f5 splide__slide\">\n<figure class=\"wp-block-image size-large\"><img loading=\"lazy\" decoding=\"async\" width=\"1024\" height=\"1024\" src=\"https:\/\/www.ssaver.gob.mx\/difusion\/wp-content\/uploads\/sites\/23\/2025\/03\/Post-Tos-ferina_v2-1024x1024.jpg\" alt=\"\" class=\"wp-image-4531\" srcset=\"https:\/\/www.ssaver.gob.mx\/difusion\/wp-content\/uploads\/sites\/23\/2025\/03\/Post-Tos-ferina_v2-1024x1024.jpg 1024w, https:\/\/www.ssaver.gob.mx\/difusion\/wp-content\/uploads\/sites\/23\/2025\/03\/Post-Tos-ferina_v2-300x300.jpg 300w, https:\/\/www.ssaver.gob.mx\/difusion\/wp-content\/uploads\/sites\/23\/2025\/03\/Post-Tos-ferina_v2-150x150.jpg 150w, https:\/\/www.ssaver.gob.mx\/difusion\/wp-content\/uploads\/sites\/23\/2025\/03\/Post-Tos-ferina_v2-768x768.jpg 768w, https:\/\/www.ssaver.gob.mx\/difusion\/wp-content\/uploads\/sites\/23\/2025\/03\/Post-Tos-ferina_v2-1536x1536.jpg 1536w, https:\/\/www.ssaver.gob.mx\/difusion\/wp-content\/uploads\/sites\/23\/2025\/03\/Post-Tos-ferina_v2-2048x2048.jpg 2048w\" sizes=\"auto, (max-width: 1024px) 100vw, 1024px\" \/><\/figure>\n<\/li>\n\n\n\n<li class=\"blockart-slide blockart-slide-699a314b splide__slide\">\n<figure class=\"wp-block-image size-large\"><img loading=\"lazy\" decoding=\"async\" width=\"1024\" height=\"1024\" src=\"https:\/\/www.ssaver.gob.mx\/difusion\/wp-content\/uploads\/sites\/23\/2025\/03\/Post-Tos-ferina_v3-1024x1024.jpg\" alt=\"\" class=\"wp-image-4532\" srcset=\"https:\/\/www.ssaver.gob.mx\/difusion\/wp-content\/uploads\/sites\/23\/2025\/03\/Post-Tos-ferina_v3-1024x1024.jpg 1024w, https:\/\/www.ssaver.gob.mx\/difusion\/wp-content\/uploads\/sites\/23\/2025\/03\/Post-Tos-ferina_v3-300x300.jpg 300w, https:\/\/www.ssaver.gob.mx\/difusion\/wp-content\/uploads\/sites\/23\/2025\/03\/Post-Tos-ferina_v3-150x150.jpg 150w, https:\/\/www.ssaver.gob.mx\/difusion\/wp-content\/uploads\/sites\/23\/2025\/03\/Post-Tos-ferina_v3-768x768.jpg 768w, https:\/\/www.ssaver.gob.mx\/difusion\/wp-content\/uploads\/sites\/23\/2025\/03\/Post-Tos-ferina_v3-1536x1536.jpg 1536w, https:\/\/www.ssaver.gob.mx\/difusion\/wp-content\/uploads\/sites\/23\/2025\/03\/Post-Tos-ferina_v3-2048x2048.jpg 2048w\" sizes=\"auto, (max-width: 1024px) 100vw, 1024px\" \/><\/figure>\n<\/li>\n<\/ul><\/div><div class=\"splide__arrows\"><div role=\"button\" class=\"splide__arrow splide__arrow--prev\"><\/div><div role=\"button\" class=\"splide__arrow splide__arrow--next\"><\/div><\/div><\/div><\/div>\n\n\n\n\n\n<hr class=\"wp-block-separator has-alpha-channel-opacity\" \/>\n\n\n\n<hr class=\"wp-block-separator has-alpha-channel-opacity\" \/>\n","protected":false},"excerpt":{"rendered":"<p>&gt;M\u00e1s de 146 mil dosis en existencia. &gt;Salud reforzar\u00e1 la campa\u00f1a de vacunaci\u00f3n. Xalapa, Ver., martes 11 de marzo de<\/p>\n","protected":false},"author":59,"featured_media":4533,"comment_status":"closed","ping_status":"closed","sticky":false,"template":"","format":"standard","meta":{"colormag_page_container_layout":"default_layout","colormag_page_sidebar_layout":"default_layout","footnotes":""},"categories":[119,115],"tags":[750,751,303,287,189,281,282,283,284,285,286],"class_list":["post-4397","post","type-post","status-publish","format-standard","has-post-thumbnail","hentry","category-comunicados","category-general","tag-apoyo-del-director-general","tag-juan-pablo-uribe-gonzalez","tag-por-que-ha-vuelto-la-tosferina","tag-porque-se-produce-la-tosferina","tag-secretaria-de-salud-de-veracruz","tag-tosferina","tag-tosferina-cual-es-la-vacuna","tag-tosferina-cuando-se-contagia","tag-tosferina-cuando-se-vacuna","tag-tosferina-quien-la-causa","tag-tosferina-quien-la-produce"],"_links":{"self":[{"href":"https:\/\/www.ssaver.gob.mx\/difusion\/wp-json\/wp\/v2\/posts\/4397","targetHints":{"allow":["GET"]}}],"collection":[{"href":"https:\/\/www.ssaver.gob.mx\/difusion\/wp-json\/wp\/v2\/posts"}],"about":[{"href":"https:\/\/www.ssaver.gob.mx\/difusion\/wp-json\/wp\/v2\/types\/post"}],"author":[{"embeddable":true,"href":"https:\/\/www.ssaver.gob.mx\/difusion\/wp-json\/wp\/v2\/users\/59"}],"replies":[{"embeddable":true,"href":"https:\/\/www.ssaver.gob.mx\/difusion\/wp-json\/wp\/v2\/comments?post=4397"}],"version-history":[{"count":12,"href":"https:\/\/www.ssaver.gob.mx\/difusion\/wp-json\/wp\/v2\/posts\/4397\/revisions"}],"predecessor-version":[{"id":4542,"href":"https:\/\/www.ssaver.gob.mx\/difusion\/wp-json\/wp\/v2\/posts\/4397\/revisions\/4542"}],"wp:featuredmedia":[{"embeddable":true,"href":"https:\/\/www.ssaver.gob.mx\/difusion\/wp-json\/wp\/v2\/media\/4533"}],"wp:attachment":[{"href":"https:\/\/www.ssaver.gob.mx\/difusion\/wp-json\/wp\/v2\/media?parent=4397"}],"wp:term":[{"taxonomy":"category","embeddable":true,"href":"https:\/\/www.ssaver.gob.mx\/difusion\/wp-json\/wp\/v2\/categories?post=4397"},{"taxonomy":"post_tag","embeddable":true,"href":"https:\/\/www.ssaver.gob.mx\/difusion\/wp-json\/wp\/v2\/tags?post=4397"}],"curies":[{"name":"wp","href":"https:\/\/api.w.org\/{rel}","templated":true}]}}