{"id":4432,"date":"2025-03-12T11:54:40","date_gmt":"2025-03-12T17:54:40","guid":{"rendered":"https:\/\/www.ssaver.gob.mx\/difusion\/?p=4432"},"modified":"2025-09-11T13:53:46","modified_gmt":"2025-09-11T18:53:46","slug":"veracruz-lidera-iniciativa-nacional-para-mejorar-la-salud-escolar-con-vive-saludable-vive-feliz","status":"publish","type":"post","link":"https:\/\/www.ssaver.gob.mx\/difusion\/2025\/03\/12\/veracruz-lidera-iniciativa-nacional-para-mejorar-la-salud-escolar-con-vive-saludable-vive-feliz\/","title":{"rendered":"Veracruz lidera iniciativa nacional para mejorar la salud escolar con Vive Saludable, Vive Feliz"},"content":{"rendered":"\n<p class=\"blockart-paragraph blockart-paragraph-8a7d933d\"><strong>Veracruz lidera iniciativa nacional para mejorar la salud escolar con Vive Saludable, Vive Feliz <\/strong><\/p>\n\n\n\n<p class=\"blockart-paragraph blockart-paragraph-a7fcf96b\"><br>&#8211; Prioriza la alimentaci\u00f3n sana y el deporte en las escuelas<br>&#8211; Salud y Educaci\u00f3n supervisar\u00e1n su aplicaci\u00f3n; DIF apoyar\u00e1 con desayunos escolares<br><br><\/p>\n\n\n\n<p class=\"has-medium-font-size\">Veracruz, Ver., mi\u00e9rcoles 12 de marzo de 2025.- <strong>La gobernadora Roc\u00edo Nahle<\/strong> <strong>Garc\u00eda<\/strong> encabez\u00f3 el inicio de la implementaci\u00f3n estatal de la estrategia <strong>Vive Saludable, Vive Feliz<\/strong>, una iniciativa de la presidenta Claudia Sheinbaum Pardo que busca mejorar la calidad de vida de la ni\u00f1ez en su etapa escolar.<\/p>\n\n\n\n<p class=\"has-medium-font-size\">En el arranque simult\u00e1neo a nivel nacional, desde la Escuela Primaria Federalizada Benito Ju\u00e1rez Garc\u00eda, destac\u00f3 que, por m\u00e1s de una d\u00e9cada, <strong>Veracruz<\/strong> ha impulsado acciones para promover el consumo de productos naturales y eliminar gradualmente los alimentos ultraprocesados de las cooperativas escolares.<\/p>\n\n\n\n<p>Dentro del trabajo a desarrollar, la titular del Ejecutivo asegur\u00f3 que a trav\u00e9s de la Secretar\u00eda de Educaci\u00f3n de Veracruz (SEV), garantizar\u00e1n la promoci\u00f3n deportiva en las escuelas p\u00fablicas con la presencia de docentes de Educaci\u00f3n F\u00edsica y supervisar\u00e1n el desarrollo de habilidades motrices a trav\u00e9s del juego y el deporte durante el&nbsp; recreo.<\/p>\n\n\n\n<p class=\"has-medium-font-size\">Asimismo, el Sistema Estatal para el Desarrollo Integral de la Familia asegurar\u00e1 los desayunos escolares para que ning\u00fan ni\u00f1o o ni\u00f1a inicie su jornada sin una alimentaci\u00f3n adecuada, mientras que <strong>la Secretar\u00eda de Salud llevar\u00e1 a cabo revisiones peri\u00f3dicas para monitorear el estado nutricional de los alumnos.<\/strong><\/p>\n\n\n\n<p>En su intervenci\u00f3n. la titular de la SEV, Claudia Tello Espinosa, se\u00f1al\u00f3 que la estrategia Vive Saludable, Vive Feliz representa un compromiso conjunto entre autoridades, docentes y familias para transformar los h\u00e1bitos alimenticios reduciendo del consumo de az\u00facares y grasas saturadas.<\/p>\n\n\n\n<p class=\"has-text-color has-link-color has-medium-font-size wp-elements-de764a675a14e971cbbcd008739ac717\" style=\"color:#660c0c\"><strong>Tambi\u00e9n te puede interesar.- <a href=\"https:\/\/www.ssaver.gob.mx\/difusion\/2025\/03\/04\/centros-de-salud-en-la-lucha-contra-la-obesidad\/\" data-type=\"link\" data-id=\"https:\/\/www.ssaver.gob.mx\/difusion\/2025\/03\/04\/centros-de-salud-en-la-lucha-contra-la-obesidad\/\">Centros de Salud, primer frente de batalla en la lucha contra la obesidad <\/a><\/strong><\/p>\n\n\n\n<p class=\"has-black-color has-text-color has-link-color has-medium-font-size wp-elements-45d0c3ef0a9d9f095f6d1b538753749e\">Por su parte, <strong>el secretario de Salud, Valent\u00edn Herrera Alarc\u00f3n<\/strong>, enfatiz\u00f3 que esta estrategia se basa en la prevenci\u00f3n, contribuyendo a reducir enfermedades asociadas a la mala alimentaci\u00f3n y el sedentarismo, por lo que trabajan en conjunto con los centros de salud para establecer programas que permitan detectar posibles casos de desnutrici\u00f3n o sobrepeso y atenderlos oportunamente.<\/p>\n\n\n\n<p class=\"has-medium-font-size\"><\/p>\n\n\n\n<div class=\"blockart-slider blockart-slider-2913b996\"><div class=\"splide\"><div class=\"splide__track\"><ul class=\"splide__list\">\n<li class=\"blockart-slide blockart-slide-50ed9811 splide__slide\">\n<figure class=\"wp-block-image size-large\"><img loading=\"lazy\" decoding=\"async\" width=\"1024\" height=\"683\" src=\"https:\/\/www.ssaver.gob.mx\/difusion\/wp-content\/uploads\/sites\/23\/2025\/03\/PHOTO-2025-03-12-11-16-09-1024x683.jpg\" alt=\"\" class=\"wp-image-4437\" srcset=\"https:\/\/www.ssaver.gob.mx\/difusion\/wp-content\/uploads\/sites\/23\/2025\/03\/PHOTO-2025-03-12-11-16-09-1024x683.jpg 1024w, https:\/\/www.ssaver.gob.mx\/difusion\/wp-content\/uploads\/sites\/23\/2025\/03\/PHOTO-2025-03-12-11-16-09-300x200.jpg 300w, https:\/\/www.ssaver.gob.mx\/difusion\/wp-content\/uploads\/sites\/23\/2025\/03\/PHOTO-2025-03-12-11-16-09-768x512.jpg 768w, https:\/\/www.ssaver.gob.mx\/difusion\/wp-content\/uploads\/sites\/23\/2025\/03\/PHOTO-2025-03-12-11-16-09-1536x1024.jpg 1536w, https:\/\/www.ssaver.gob.mx\/difusion\/wp-content\/uploads\/sites\/23\/2025\/03\/PHOTO-2025-03-12-11-16-09-2048x1365.jpg 2048w\" sizes=\"auto, (max-width: 1024px) 100vw, 1024px\" \/><\/figure>\n<\/li>\n\n\n\n<li class=\"blockart-slide blockart-slide-908346fe splide__slide\">\n<figure class=\"wp-block-image size-large\"><img loading=\"lazy\" decoding=\"async\" width=\"1024\" height=\"683\" src=\"https:\/\/www.ssaver.gob.mx\/difusion\/wp-content\/uploads\/sites\/23\/2025\/03\/PHOTO-2025-03-12-11-27-06-1024x683.jpg\" alt=\"\" class=\"wp-image-4433\" srcset=\"https:\/\/www.ssaver.gob.mx\/difusion\/wp-content\/uploads\/sites\/23\/2025\/03\/PHOTO-2025-03-12-11-27-06-1024x683.jpg 1024w, https:\/\/www.ssaver.gob.mx\/difusion\/wp-content\/uploads\/sites\/23\/2025\/03\/PHOTO-2025-03-12-11-27-06-300x200.jpg 300w, https:\/\/www.ssaver.gob.mx\/difusion\/wp-content\/uploads\/sites\/23\/2025\/03\/PHOTO-2025-03-12-11-27-06-768x512.jpg 768w, https:\/\/www.ssaver.gob.mx\/difusion\/wp-content\/uploads\/sites\/23\/2025\/03\/PHOTO-2025-03-12-11-27-06-1536x1024.jpg 1536w, https:\/\/www.ssaver.gob.mx\/difusion\/wp-content\/uploads\/sites\/23\/2025\/03\/PHOTO-2025-03-12-11-27-06-2048x1366.jpg 2048w\" sizes=\"auto, (max-width: 1024px) 100vw, 1024px\" \/><\/figure>\n<\/li>\n\n\n\n<li class=\"blockart-slide blockart-slide-69efeb6e splide__slide\">\n<figure class=\"wp-block-image size-large\"><img loading=\"lazy\" decoding=\"async\" width=\"1024\" height=\"684\" src=\"https:\/\/www.ssaver.gob.mx\/difusion\/wp-content\/uploads\/sites\/23\/2025\/03\/PHOTO-2025-03-12-11-16-09-4-1024x684.jpg\" alt=\"\" class=\"wp-image-4439\" srcset=\"https:\/\/www.ssaver.gob.mx\/difusion\/wp-content\/uploads\/sites\/23\/2025\/03\/PHOTO-2025-03-12-11-16-09-4-1024x684.jpg 1024w, https:\/\/www.ssaver.gob.mx\/difusion\/wp-content\/uploads\/sites\/23\/2025\/03\/PHOTO-2025-03-12-11-16-09-4-300x200.jpg 300w, https:\/\/www.ssaver.gob.mx\/difusion\/wp-content\/uploads\/sites\/23\/2025\/03\/PHOTO-2025-03-12-11-16-09-4-768x513.jpg 768w, https:\/\/www.ssaver.gob.mx\/difusion\/wp-content\/uploads\/sites\/23\/2025\/03\/PHOTO-2025-03-12-11-16-09-4-1536x1025.jpg 1536w, https:\/\/www.ssaver.gob.mx\/difusion\/wp-content\/uploads\/sites\/23\/2025\/03\/PHOTO-2025-03-12-11-16-09-4-2048x1367.jpg 2048w\" sizes=\"auto, (max-width: 1024px) 100vw, 1024px\" \/><\/figure>\n<\/li>\n\n\n\n<li class=\"blockart-slide blockart-slide-1437e945 splide__slide\">\n<figure class=\"wp-block-image size-large\"><img loading=\"lazy\" decoding=\"async\" width=\"1024\" height=\"683\" src=\"https:\/\/www.ssaver.gob.mx\/difusion\/wp-content\/uploads\/sites\/23\/2025\/03\/PHOTO-2025-03-12-11-16-09-5-1024x683.jpg\" alt=\"\" class=\"wp-image-4438\" srcset=\"https:\/\/www.ssaver.gob.mx\/difusion\/wp-content\/uploads\/sites\/23\/2025\/03\/PHOTO-2025-03-12-11-16-09-5-1024x683.jpg 1024w, https:\/\/www.ssaver.gob.mx\/difusion\/wp-content\/uploads\/sites\/23\/2025\/03\/PHOTO-2025-03-12-11-16-09-5-300x200.jpg 300w, https:\/\/www.ssaver.gob.mx\/difusion\/wp-content\/uploads\/sites\/23\/2025\/03\/PHOTO-2025-03-12-11-16-09-5-768x512.jpg 768w, https:\/\/www.ssaver.gob.mx\/difusion\/wp-content\/uploads\/sites\/23\/2025\/03\/PHOTO-2025-03-12-11-16-09-5-1536x1024.jpg 1536w, https:\/\/www.ssaver.gob.mx\/difusion\/wp-content\/uploads\/sites\/23\/2025\/03\/PHOTO-2025-03-12-11-16-09-5-2048x1365.jpg 2048w\" sizes=\"auto, (max-width: 1024px) 100vw, 1024px\" \/><\/figure>\n<\/li>\n\n\n\n<li class=\"blockart-slide blockart-slide-7580f58d splide__slide\">\n<figure class=\"wp-block-image size-large\"><img loading=\"lazy\" decoding=\"async\" width=\"1024\" height=\"683\" src=\"https:\/\/www.ssaver.gob.mx\/difusion\/wp-content\/uploads\/sites\/23\/2025\/03\/PHOTO-2025-03-12-11-16-09-6-1024x683.jpg\" alt=\"\" class=\"wp-image-4436\" srcset=\"https:\/\/www.ssaver.gob.mx\/difusion\/wp-content\/uploads\/sites\/23\/2025\/03\/PHOTO-2025-03-12-11-16-09-6-1024x683.jpg 1024w, https:\/\/www.ssaver.gob.mx\/difusion\/wp-content\/uploads\/sites\/23\/2025\/03\/PHOTO-2025-03-12-11-16-09-6-300x200.jpg 300w, https:\/\/www.ssaver.gob.mx\/difusion\/wp-content\/uploads\/sites\/23\/2025\/03\/PHOTO-2025-03-12-11-16-09-6-768x512.jpg 768w, https:\/\/www.ssaver.gob.mx\/difusion\/wp-content\/uploads\/sites\/23\/2025\/03\/PHOTO-2025-03-12-11-16-09-6-1536x1024.jpg 1536w, https:\/\/www.ssaver.gob.mx\/difusion\/wp-content\/uploads\/sites\/23\/2025\/03\/PHOTO-2025-03-12-11-16-09-6-2048x1365.jpg 2048w\" sizes=\"auto, (max-width: 1024px) 100vw, 1024px\" \/><\/figure>\n<\/li>\n\n\n\n<li class=\"blockart-slide blockart-slide-58de1ee6 splide__slide\">\n<figure class=\"wp-block-image size-large\"><img loading=\"lazy\" decoding=\"async\" width=\"1024\" height=\"683\" src=\"https:\/\/www.ssaver.gob.mx\/difusion\/wp-content\/uploads\/sites\/23\/2025\/03\/PHOTO-2025-03-12-11-16-09-3-1024x683.jpg\" alt=\"\" class=\"wp-image-4435\" srcset=\"https:\/\/www.ssaver.gob.mx\/difusion\/wp-content\/uploads\/sites\/23\/2025\/03\/PHOTO-2025-03-12-11-16-09-3-1024x683.jpg 1024w, https:\/\/www.ssaver.gob.mx\/difusion\/wp-content\/uploads\/sites\/23\/2025\/03\/PHOTO-2025-03-12-11-16-09-3-300x200.jpg 300w, https:\/\/www.ssaver.gob.mx\/difusion\/wp-content\/uploads\/sites\/23\/2025\/03\/PHOTO-2025-03-12-11-16-09-3-768x512.jpg 768w, https:\/\/www.ssaver.gob.mx\/difusion\/wp-content\/uploads\/sites\/23\/2025\/03\/PHOTO-2025-03-12-11-16-09-3-1536x1024.jpg 1536w, https:\/\/www.ssaver.gob.mx\/difusion\/wp-content\/uploads\/sites\/23\/2025\/03\/PHOTO-2025-03-12-11-16-09-3-2048x1365.jpg 2048w\" sizes=\"auto, (max-width: 1024px) 100vw, 1024px\" \/><\/figure>\n<\/li>\n<\/ul><\/div><div class=\"splide__arrows\"><div role=\"button\" class=\"splide__arrow splide__arrow--prev\"><\/div><div role=\"button\" class=\"splide__arrow splide__arrow--next\"><\/div><\/div><\/div><\/div>\n\n\n\n<p class=\"has-medium-font-size\"><\/p>\n\n\n\n<p><\/p>\n\n\n\n<p><\/p>\n\n\n\n<p class=\"has-medium-font-size\"><\/p>\n\n\n\n<hr class=\"wp-block-separator has-alpha-channel-opacity\" \/>\n","protected":false},"excerpt":{"rendered":"<p>Veracruz, Ver., mi\u00e9rcoles 12 de marzo de 2025.- La gobernadora Roc\u00edo Nahle Garc\u00eda encabez\u00f3 el inicio de la implementaci\u00f3n estatal<\/p>\n","protected":false},"author":59,"featured_media":4434,"comment_status":"closed","ping_status":"closed","sticky":false,"template":"","format":"standard","meta":{"colormag_page_container_layout":"default_layout","colormag_page_sidebar_layout":"default_layout","footnotes":""},"categories":[119,115],"tags":[750,308,307,751,251,226,184,191,306,137],"class_list":["post-4432","post","type-post","status-publish","format-standard","has-post-thumbnail","hentry","category-comunicados","category-general","tag-apoyo-del-director-general","tag-estrategia-nacional-vive-saludable-vive-feliz","tag-estrategioa-vive-saludable-vive-feliz","tag-juan-pablo-uribe-gonzalez","tag-rocio-nahle-gobernadora","tag-secretaria-de-salud","tag-sesver","tag-valentin-herrera-alarcon","tag-vive-saludable-vive-feliz","tag-xalapa"],"_links":{"self":[{"href":"https:\/\/www.ssaver.gob.mx\/difusion\/wp-json\/wp\/v2\/posts\/4432","targetHints":{"allow":["GET"]}}],"collection":[{"href":"https:\/\/www.ssaver.gob.mx\/difusion\/wp-json\/wp\/v2\/posts"}],"about":[{"href":"https:\/\/www.ssaver.gob.mx\/difusion\/wp-json\/wp\/v2\/types\/post"}],"author":[{"embeddable":true,"href":"https:\/\/www.ssaver.gob.mx\/difusion\/wp-json\/wp\/v2\/users\/59"}],"replies":[{"embeddable":true,"href":"https:\/\/www.ssaver.gob.mx\/difusion\/wp-json\/wp\/v2\/comments?post=4432"}],"version-history":[{"count":3,"href":"https:\/\/www.ssaver.gob.mx\/difusion\/wp-json\/wp\/v2\/posts\/4432\/revisions"}],"predecessor-version":[{"id":4456,"href":"https:\/\/www.ssaver.gob.mx\/difusion\/wp-json\/wp\/v2\/posts\/4432\/revisions\/4456"}],"wp:featuredmedia":[{"embeddable":true,"href":"https:\/\/www.ssaver.gob.mx\/difusion\/wp-json\/wp\/v2\/media\/4434"}],"wp:attachment":[{"href":"https:\/\/www.ssaver.gob.mx\/difusion\/wp-json\/wp\/v2\/media?parent=4432"}],"wp:term":[{"taxonomy":"category","embeddable":true,"href":"https:\/\/www.ssaver.gob.mx\/difusion\/wp-json\/wp\/v2\/categories?post=4432"},{"taxonomy":"post_tag","embeddable":true,"href":"https:\/\/www.ssaver.gob.mx\/difusion\/wp-json\/wp\/v2\/tags?post=4432"}],"curies":[{"name":"wp","href":"https:\/\/api.w.org\/{rel}","templated":true}]}}