{"id":4442,"date":"2025-03-12T11:52:00","date_gmt":"2025-03-12T17:52:00","guid":{"rendered":"https:\/\/www.ssaver.gob.mx\/difusion\/?p=4442"},"modified":"2025-09-11T13:53:31","modified_gmt":"2025-09-11T18:53:31","slug":"modernizaran-area-de-hospitalizacion-en-el-instituto-veracruzano-de-salud-mental","status":"publish","type":"post","link":"https:\/\/www.ssaver.gob.mx\/difusion\/2025\/03\/12\/modernizaran-area-de-hospitalizacion-en-el-instituto-veracruzano-de-salud-mental\/","title":{"rendered":"Modernizar\u00e1n \u00e1rea de hospitalizaci\u00f3n en el Instituto Veracruzano de Salud Mental"},"content":{"rendered":"\n<p class=\"blockart-paragraph blockart-paragraph-c1930150\"><strong><strong>Modernizar\u00e1n \u00e1rea de hospitalizaci\u00f3n en el Instituto Veracruzano de Salud Mental<\/strong><\/strong><\/p>\n\n\n\n<p class=\"blockart-paragraph blockart-paragraph-5957d0a8\"><br>&#8211; Mejorar las unidades m\u00e9dicas de Veracruz, uno de los compromisos de la administraci\u00f3n<br><br><br><\/p>\n\n\n\n<p class=\"has-medium-font-size\"><\/p>\n\n\n\n<p class=\"has-medium-font-size\">Xalapa, Ver., mi\u00e9rcoles 12 de marzo de 2025.- <strong>El Gobierno del Estado, a trav\u00e9s de la Secretar\u00eda de Salud, realizar\u00e1 mejoras en el \u00e1rea de hospitalizaci\u00f3n del Instituto Veracruzano de Salud Mental Doctor Rafael Velasco Fern\u00e1ndez, a fin de optimizar su funcionamiento para brindar atenci\u00f3n de calidad a los pacientes.<\/strong><\/p>\n\n\n\n<p class=\"has-medium-font-size\">El titular de la dependencia, <strong>Valent\u00edn Herrera Alarc\u00f3n<\/strong>, subray\u00f3 la decisi\u00f3n de la <strong>gobernadora Roc\u00edo Nahle Garc\u00eda<\/strong>, de renovar las instalaciones de las unidades m\u00e9dicas del estado y de los servicios que ofrecen a la ciudadan\u00eda.<\/p>\n\n\n\n<p class=\"has-medium-font-size\">El tambi\u00e9n director general de los <strong>Servicios de Salud de Veracruz<\/strong> realiz\u00f3 una inspecci\u00f3n del inmueble, para valorar su funcionamiento y ordenar las mejoras necesarias que permitan eficientar su atenci\u00f3n especializada.<\/p>\n\n\n\n<p>Durante el recorrido, reconoci\u00f3 al personal m\u00e9dico, de enfermer\u00eda y psicolog\u00eda, que trabajan en esta unidad de especialidad, por la importante labor que realizan para otorgar servicios de calidad, particularmente en el tratamiento de enfermedades mentales y problemas relacionados con el consumo de sustancias.<\/p>\n\n\n\n<p>El edificio cuenta con las condiciones adecuadas de estad\u00eda para hombres y mujeres, quienes est\u00e1n distribuidos de manera equitativa, con 30 camas para cada g\u00e9nero, a trav\u00e9s del equipo multidisciplinario reciben la atenci\u00f3n m\u00e9dica para cada paciente que acude en busca de ayuda especializada.<\/p>\n\n\n\n<p class=\"has-medium-font-size\"><strong>Herrera Alarc\u00f3n<\/strong> destac\u00f3 la necesidad de mejorar el \u00e1rea de hospitalizaci\u00f3n para facilitar el traslado de pacientes a otras unidades, reafirmando el compromiso con el respeto a los derechos humanos como el de la salud para todas y todos. Enfatiz\u00f3 la importancia del bienestar de las y los pacientes que se encuentran hospitalizados en este centro, reafirmando el compromiso de la Secretar\u00eda con la calidad en los servicios ofrecidos<\/p>\n\n\n\n<p><\/p>\n\n\n\n<p class=\"has-text-color has-link-color has-medium-font-size wp-elements-cb8e8c1a3ed727172f9f4e9c98a191f4\" style=\"color:#660c0c\"><strong>Tambi\u00e9n te puede interesar.- <\/strong><\/p>\n\n\n\n<p class=\"has-text-color has-link-color has-medium-font-size wp-elements-e077559fe35d4bfde6e590c012cddc12\" style=\"color:#660c0c\"><strong><a href=\"https:\/\/www.ssaver.gob.mx\/difusion\/2025\/01\/13\/secretaria-de-salud-refuerza-acciones-contra-la-depresion-en-veracruz\/\" data-type=\"link\" data-id=\"https:\/\/www.ssaver.gob.mx\/difusion\/2025\/01\/13\/secretaria-de-salud-refuerza-acciones-contra-la-depresion-en-veracruz\/\">Secretar\u00eda de Salud refuerza acciones contra la depresi\u00f3n en Veracruz<\/a><\/strong><\/p>\n\n\n\n<p class=\"has-text-color has-link-color has-medium-font-size wp-elements-21cd49c852847004f3e5425245e557c2\" style=\"color:#660c0c\"><strong><a href=\"https:\/\/www.ssaver.gob.mx\/difusion\/2025\/02\/27\/rocio-nahle-anuncia-mejoras-en-infraestructura-y-atencion-del-haev\/\" data-type=\"link\" data-id=\"https:\/\/www.ssaver.gob.mx\/difusion\/2025\/02\/27\/rocio-nahle-anuncia-mejoras-en-infraestructura-y-atencion-del-haev\/\">Roc\u00edo Nahle anuncia mejoras en infraestructura y atenci\u00f3n del HAEV<\/a><\/strong><\/p>\n\n\n\n<p class=\"has-text-color has-link-color has-medium-font-size wp-elements-8b88eef6b4061e836281b597c64fed75\" style=\"color:#660c0c\"><\/p>\n\n\n\n<p class=\"has-black-color has-text-color has-link-color has-medium-font-size wp-elements-9ea9de3557edab6b4469dff93e6affdc\"><\/p>\n\n\n\n<p class=\"has-medium-font-size\"><\/p>\n\n\n\n<div class=\"blockart-slider blockart-slider-bb8d20c6\"><div class=\"splide\"><div class=\"splide__track\"><ul class=\"splide__list\">\n<li class=\"blockart-slide blockart-slide-b3acec98 splide__slide\">\n<figure class=\"wp-block-image size-large\"><img loading=\"lazy\" decoding=\"async\" width=\"1024\" height=\"723\" src=\"https:\/\/www.ssaver.gob.mx\/difusion\/wp-content\/uploads\/sites\/23\/2025\/03\/Captura-de-pantalla-2025-03-12-a-las-12.26.23\u202fp.m-1024x723.png\" alt=\"\" class=\"wp-image-4449\" srcset=\"https:\/\/www.ssaver.gob.mx\/difusion\/wp-content\/uploads\/sites\/23\/2025\/03\/Captura-de-pantalla-2025-03-12-a-las-12.26.23\u202fp.m-1024x723.png 1024w, https:\/\/www.ssaver.gob.mx\/difusion\/wp-content\/uploads\/sites\/23\/2025\/03\/Captura-de-pantalla-2025-03-12-a-las-12.26.23\u202fp.m-300x212.png 300w, https:\/\/www.ssaver.gob.mx\/difusion\/wp-content\/uploads\/sites\/23\/2025\/03\/Captura-de-pantalla-2025-03-12-a-las-12.26.23\u202fp.m-768x542.png 768w, https:\/\/www.ssaver.gob.mx\/difusion\/wp-content\/uploads\/sites\/23\/2025\/03\/Captura-de-pantalla-2025-03-12-a-las-12.26.23\u202fp.m.png 1484w\" sizes=\"auto, (max-width: 1024px) 100vw, 1024px\" \/><\/figure>\n<\/li>\n\n\n\n<li class=\"blockart-slide blockart-slide-761b910d splide__slide\">\n<figure class=\"wp-block-image size-large\"><img loading=\"lazy\" decoding=\"async\" width=\"1024\" height=\"674\" src=\"https:\/\/www.ssaver.gob.mx\/difusion\/wp-content\/uploads\/sites\/23\/2025\/03\/PHOTO-2025-03-12-11-41-03-1024x674.jpg\" alt=\"\" class=\"wp-image-4445\" srcset=\"https:\/\/www.ssaver.gob.mx\/difusion\/wp-content\/uploads\/sites\/23\/2025\/03\/PHOTO-2025-03-12-11-41-03-1024x674.jpg 1024w, https:\/\/www.ssaver.gob.mx\/difusion\/wp-content\/uploads\/sites\/23\/2025\/03\/PHOTO-2025-03-12-11-41-03-300x197.jpg 300w, https:\/\/www.ssaver.gob.mx\/difusion\/wp-content\/uploads\/sites\/23\/2025\/03\/PHOTO-2025-03-12-11-41-03-768x505.jpg 768w, https:\/\/www.ssaver.gob.mx\/difusion\/wp-content\/uploads\/sites\/23\/2025\/03\/PHOTO-2025-03-12-11-41-03.jpg 1280w\" sizes=\"auto, (max-width: 1024px) 100vw, 1024px\" \/><\/figure>\n<\/li>\n\n\n\n<li class=\"blockart-slide blockart-slide-f3587d8f splide__slide\">\n<figure class=\"wp-block-image size-large\"><img loading=\"lazy\" decoding=\"async\" width=\"1024\" height=\"729\" src=\"https:\/\/www.ssaver.gob.mx\/difusion\/wp-content\/uploads\/sites\/23\/2025\/03\/PHOTO-2025-03-12-11-41-04-1-1024x729.jpg\" alt=\"\" class=\"wp-image-4447\" srcset=\"https:\/\/www.ssaver.gob.mx\/difusion\/wp-content\/uploads\/sites\/23\/2025\/03\/PHOTO-2025-03-12-11-41-04-1-1024x729.jpg 1024w, https:\/\/www.ssaver.gob.mx\/difusion\/wp-content\/uploads\/sites\/23\/2025\/03\/PHOTO-2025-03-12-11-41-04-1-300x214.jpg 300w, https:\/\/www.ssaver.gob.mx\/difusion\/wp-content\/uploads\/sites\/23\/2025\/03\/PHOTO-2025-03-12-11-41-04-1-768x547.jpg 768w, https:\/\/www.ssaver.gob.mx\/difusion\/wp-content\/uploads\/sites\/23\/2025\/03\/PHOTO-2025-03-12-11-41-04-1.jpg 1280w\" sizes=\"auto, (max-width: 1024px) 100vw, 1024px\" \/><\/figure>\n<\/li>\n<\/ul><\/div><div class=\"splide__arrows\"><div role=\"button\" class=\"splide__arrow splide__arrow--prev\"><\/div><div role=\"button\" class=\"splide__arrow splide__arrow--next\"><\/div><\/div><\/div><\/div>\n\n\n\n<p class=\"has-medium-font-size\"><\/p>\n\n\n\n<p><\/p>\n\n\n\n<p><\/p>\n\n\n\n<p class=\"has-medium-font-size\"><\/p>\n\n\n\n<hr class=\"wp-block-separator has-alpha-channel-opacity\" \/>\n","protected":false},"excerpt":{"rendered":"<p>Xalapa, Ver., mi\u00e9rcoles 12 de marzo de 2025.- El Gobierno del Estado, a trav\u00e9s de la Secretar\u00eda de Salud, realizar\u00e1<\/p>\n","protected":false},"author":59,"featured_media":4445,"comment_status":"closed","ping_status":"closed","sticky":false,"template":"","format":"standard","meta":{"colormag_page_container_layout":"default_layout","colormag_page_sidebar_layout":"default_layout","footnotes":""},"categories":[119,115],"tags":[750,312,310,313,311,751,317,316,319,318,320,226,191,137],"class_list":["post-4442","post","type-post","status-publish","format-standard","has-post-thumbnail","hentry","category-comunicados","category-general","tag-apoyo-del-director-general","tag-como-trabajar-salud-mental","tag-cual-es-la-salud-mental-en-mexico","tag-cual-es-mi-salud-mental-test","tag-donde-esta-salud-mental","tag-juan-pablo-uribe-gonzalez","tag-por-que-es-importante-nuestra-salud-mental","tag-por-que-la-salud-mental-es-tan-importante","tag-quien-atiende-la-salud-mental","tag-quien-descubrio-la-salud-mental","tag-quien-estudia-la-salud-mental","tag-secretaria-de-salud","tag-valentin-herrera-alarcon","tag-xalapa"],"_links":{"self":[{"href":"https:\/\/www.ssaver.gob.mx\/difusion\/wp-json\/wp\/v2\/posts\/4442","targetHints":{"allow":["GET"]}}],"collection":[{"href":"https:\/\/www.ssaver.gob.mx\/difusion\/wp-json\/wp\/v2\/posts"}],"about":[{"href":"https:\/\/www.ssaver.gob.mx\/difusion\/wp-json\/wp\/v2\/types\/post"}],"author":[{"embeddable":true,"href":"https:\/\/www.ssaver.gob.mx\/difusion\/wp-json\/wp\/v2\/users\/59"}],"replies":[{"embeddable":true,"href":"https:\/\/www.ssaver.gob.mx\/difusion\/wp-json\/wp\/v2\/comments?post=4442"}],"version-history":[{"count":3,"href":"https:\/\/www.ssaver.gob.mx\/difusion\/wp-json\/wp\/v2\/posts\/4442\/revisions"}],"predecessor-version":[{"id":4462,"href":"https:\/\/www.ssaver.gob.mx\/difusion\/wp-json\/wp\/v2\/posts\/4442\/revisions\/4462"}],"wp:featuredmedia":[{"embeddable":true,"href":"https:\/\/www.ssaver.gob.mx\/difusion\/wp-json\/wp\/v2\/media\/4445"}],"wp:attachment":[{"href":"https:\/\/www.ssaver.gob.mx\/difusion\/wp-json\/wp\/v2\/media?parent=4442"}],"wp:term":[{"taxonomy":"category","embeddable":true,"href":"https:\/\/www.ssaver.gob.mx\/difusion\/wp-json\/wp\/v2\/categories?post=4442"},{"taxonomy":"post_tag","embeddable":true,"href":"https:\/\/www.ssaver.gob.mx\/difusion\/wp-json\/wp\/v2\/tags?post=4442"}],"curies":[{"name":"wp","href":"https:\/\/api.w.org\/{rel}","templated":true}]}}