{"id":4460,"date":"2025-03-12T11:51:00","date_gmt":"2025-03-12T17:51:00","guid":{"rendered":"https:\/\/www.ssaver.gob.mx\/difusion\/?p=4460"},"modified":"2025-09-11T13:53:19","modified_gmt":"2025-09-11T18:53:19","slug":"fotogaleria-modernizaran-area-de-hospitalizacion-en-el-instituto-veracruzano-de-salud-mental","status":"publish","type":"post","link":"https:\/\/www.ssaver.gob.mx\/difusion\/2025\/03\/12\/fotogaleria-modernizaran-area-de-hospitalizacion-en-el-instituto-veracruzano-de-salud-mental\/","title":{"rendered":"Fotogaler\u00eda: Modernizar\u00e1n \u00e1rea de hospitalizaci\u00f3n en el Instituto Veracruzano de Salud Mental"},"content":{"rendered":"\n<div class=\"blockart-slider blockart-slider-418aab41\"><div class=\"splide\"><div class=\"splide__track\"><ul class=\"splide__list\">\n<li class=\"blockart-slide blockart-slide-94cd2c6e splide__slide\">\n<figure class=\"wp-block-image size-large\"><img loading=\"lazy\" decoding=\"async\" width=\"1024\" height=\"723\" src=\"https:\/\/www.ssaver.gob.mx\/difusion\/wp-content\/uploads\/sites\/23\/2025\/03\/Captura-de-pantalla-2025-03-12-a-las-12.26.23\u202fp.m-1024x723.png\" alt=\"\" class=\"wp-image-4449\" srcset=\"https:\/\/www.ssaver.gob.mx\/difusion\/wp-content\/uploads\/sites\/23\/2025\/03\/Captura-de-pantalla-2025-03-12-a-las-12.26.23\u202fp.m-1024x723.png 1024w, https:\/\/www.ssaver.gob.mx\/difusion\/wp-content\/uploads\/sites\/23\/2025\/03\/Captura-de-pantalla-2025-03-12-a-las-12.26.23\u202fp.m-300x212.png 300w, https:\/\/www.ssaver.gob.mx\/difusion\/wp-content\/uploads\/sites\/23\/2025\/03\/Captura-de-pantalla-2025-03-12-a-las-12.26.23\u202fp.m-768x542.png 768w, https:\/\/www.ssaver.gob.mx\/difusion\/wp-content\/uploads\/sites\/23\/2025\/03\/Captura-de-pantalla-2025-03-12-a-las-12.26.23\u202fp.m.png 1484w\" sizes=\"auto, (max-width: 1024px) 100vw, 1024px\" \/><figcaption class=\"wp-element-caption\">El Gobierno del Estado, a trav\u00e9s de la Secretar\u00eda de Salud, realizar\u00e1 mejoras en el \u00e1rea de hospitalizaci\u00f3n del Instituto Veracruzano de Salud Mental Doctor Rafael Velasco Fern\u00e1ndez, a fin de optimizar su funcionamiento para brindar atenci\u00f3n de calidad a los pacientes. Foto: Jorge Serratos \/ Secretar\u00eda de Salud.<\/figcaption><\/figure>\n<\/li>\n\n\n\n<li class=\"blockart-slide blockart-slide-1ead3ac1 splide__slide\">\n<figure class=\"wp-block-image size-large\"><img loading=\"lazy\" decoding=\"async\" width=\"1024\" height=\"674\" src=\"https:\/\/www.ssaver.gob.mx\/difusion\/wp-content\/uploads\/sites\/23\/2025\/03\/PHOTO-2025-03-12-11-41-03-1024x674.jpg\" alt=\"\" class=\"wp-image-4445\" srcset=\"https:\/\/www.ssaver.gob.mx\/difusion\/wp-content\/uploads\/sites\/23\/2025\/03\/PHOTO-2025-03-12-11-41-03-1024x674.jpg 1024w, https:\/\/www.ssaver.gob.mx\/difusion\/wp-content\/uploads\/sites\/23\/2025\/03\/PHOTO-2025-03-12-11-41-03-300x197.jpg 300w, https:\/\/www.ssaver.gob.mx\/difusion\/wp-content\/uploads\/sites\/23\/2025\/03\/PHOTO-2025-03-12-11-41-03-768x505.jpg 768w, https:\/\/www.ssaver.gob.mx\/difusion\/wp-content\/uploads\/sites\/23\/2025\/03\/PHOTO-2025-03-12-11-41-03.jpg 1280w\" sizes=\"auto, (max-width: 1024px) 100vw, 1024px\" \/><figcaption class=\"wp-element-caption\">El titular de la dependencia,&nbsp;Valent\u00edn Herrera Alarc\u00f3n, realiz\u00f3 una inspecci\u00f3n del inmueble, para valorar su funcionamiento y ordenar las mejoras necesarias que permitan eficientar su atenci\u00f3n especializada. Foto: Jorge Serratos \/ Secretar\u00eda de Salud.<\/figcaption><\/figure>\n<\/li>\n\n\n\n<li class=\"blockart-slide blockart-slide-ffcd5a14 splide__slide\">\n<figure class=\"wp-block-image size-large\"><img loading=\"lazy\" decoding=\"async\" width=\"1024\" height=\"729\" src=\"https:\/\/www.ssaver.gob.mx\/difusion\/wp-content\/uploads\/sites\/23\/2025\/03\/PHOTO-2025-03-12-11-41-04-1-1024x729.jpg\" alt=\"\" class=\"wp-image-4447\" srcset=\"https:\/\/www.ssaver.gob.mx\/difusion\/wp-content\/uploads\/sites\/23\/2025\/03\/PHOTO-2025-03-12-11-41-04-1-1024x729.jpg 1024w, https:\/\/www.ssaver.gob.mx\/difusion\/wp-content\/uploads\/sites\/23\/2025\/03\/PHOTO-2025-03-12-11-41-04-1-300x214.jpg 300w, https:\/\/www.ssaver.gob.mx\/difusion\/wp-content\/uploads\/sites\/23\/2025\/03\/PHOTO-2025-03-12-11-41-04-1-768x547.jpg 768w, https:\/\/www.ssaver.gob.mx\/difusion\/wp-content\/uploads\/sites\/23\/2025\/03\/PHOTO-2025-03-12-11-41-04-1.jpg 1280w\" sizes=\"auto, (max-width: 1024px) 100vw, 1024px\" \/><figcaption class=\"wp-element-caption\">El secretario de Salud, Valent\u00edn Herrera Alarc\u00f3n&nbsp;destac\u00f3 la necesidad de mejorar el \u00e1rea de hospitalizaci\u00f3n para facilitar el traslado de pacientes a otras unidades, reafirmando el compromiso con el respeto a los derechos humanos como el de la salud para todas y todos. Foto: Jorge Serratos \/ Secretar\u00eda de Salud.<\/figcaption><\/figure>\n<\/li>\n<\/ul><\/div><div class=\"splide__arrows\"><div role=\"button\" class=\"splide__arrow splide__arrow--prev\"><\/div><div role=\"button\" class=\"splide__arrow splide__arrow--next\"><\/div><\/div><\/div><\/div>\n","protected":false},"excerpt":{"rendered":"","protected":false},"author":59,"featured_media":4446,"comment_status":"closed","ping_status":"closed","sticky":false,"template":"","format":"standard","meta":{"colormag_page_container_layout":"default_layout","colormag_page_sidebar_layout":"default_layout","footnotes":""},"categories":[120,115],"tags":[750,312,310,309,313,311,751,317,319,318,320,184,137],"class_list":["post-4460","post","type-post","status-publish","format-standard","has-post-thumbnail","hentry","category-galeria-de-la-salud","category-general","tag-apoyo-del-director-general","tag-como-trabajar-salud-mental","tag-cual-es-la-salud-mental-en-mexico","tag-cual-es-mi-salud-mental","tag-cual-es-mi-salud-mental-test","tag-donde-esta-salud-mental","tag-juan-pablo-uribe-gonzalez","tag-por-que-es-importante-nuestra-salud-mental","tag-quien-atiende-la-salud-mental","tag-quien-descubrio-la-salud-mental","tag-quien-estudia-la-salud-mental","tag-sesver","tag-xalapa"],"_links":{"self":[{"href":"https:\/\/www.ssaver.gob.mx\/difusion\/wp-json\/wp\/v2\/posts\/4460","targetHints":{"allow":["GET"]}}],"collection":[{"href":"https:\/\/www.ssaver.gob.mx\/difusion\/wp-json\/wp\/v2\/posts"}],"about":[{"href":"https:\/\/www.ssaver.gob.mx\/difusion\/wp-json\/wp\/v2\/types\/post"}],"author":[{"embeddable":true,"href":"https:\/\/www.ssaver.gob.mx\/difusion\/wp-json\/wp\/v2\/users\/59"}],"replies":[{"embeddable":true,"href":"https:\/\/www.ssaver.gob.mx\/difusion\/wp-json\/wp\/v2\/comments?post=4460"}],"version-history":[{"count":2,"href":"https:\/\/www.ssaver.gob.mx\/difusion\/wp-json\/wp\/v2\/posts\/4460\/revisions"}],"predecessor-version":[{"id":4464,"href":"https:\/\/www.ssaver.gob.mx\/difusion\/wp-json\/wp\/v2\/posts\/4460\/revisions\/4464"}],"wp:featuredmedia":[{"embeddable":true,"href":"https:\/\/www.ssaver.gob.mx\/difusion\/wp-json\/wp\/v2\/media\/4446"}],"wp:attachment":[{"href":"https:\/\/www.ssaver.gob.mx\/difusion\/wp-json\/wp\/v2\/media?parent=4460"}],"wp:term":[{"taxonomy":"category","embeddable":true,"href":"https:\/\/www.ssaver.gob.mx\/difusion\/wp-json\/wp\/v2\/categories?post=4460"},{"taxonomy":"post_tag","embeddable":true,"href":"https:\/\/www.ssaver.gob.mx\/difusion\/wp-json\/wp\/v2\/tags?post=4460"}],"curies":[{"name":"wp","href":"https:\/\/api.w.org\/{rel}","templated":true}]}}