{"id":4497,"date":"2025-03-13T14:23:06","date_gmt":"2025-03-13T20:23:06","guid":{"rendered":"https:\/\/www.ssaver.gob.mx\/difusion\/?p=4497"},"modified":"2025-09-11T13:54:09","modified_gmt":"2025-09-11T18:54:09","slug":"salud-a-la-veracruzana-dia-mundial-del-rinon","status":"publish","type":"post","link":"https:\/\/www.ssaver.gob.mx\/difusion\/2025\/03\/13\/salud-a-la-veracruzana-dia-mundial-del-rinon\/","title":{"rendered":"Salud a la Veracruzana: D\u00eda Mundial del Ri\u00f1\u00f3n"},"content":{"rendered":"\n<figure class=\"wp-block-image size-full\"><a href=\"https:\/\/youtu.be\/_Tv3DandlYQ?si=dssSVs3x5xlIDP5W\" target=\"_blank\" rel=\" noreferrer noopener\"><img loading=\"lazy\" decoding=\"async\" width=\"1668\" height=\"942\" src=\"https:\/\/www.ssaver.gob.mx\/difusion\/wp-content\/uploads\/sites\/23\/2025\/03\/Captura-de-pantalla-2025-03-14-a-las-11.38.44\u202fa.m.png\" alt=\"\" class=\"wp-image-4525\" srcset=\"https:\/\/www.ssaver.gob.mx\/difusion\/wp-content\/uploads\/sites\/23\/2025\/03\/Captura-de-pantalla-2025-03-14-a-las-11.38.44\u202fa.m.png 1668w, https:\/\/www.ssaver.gob.mx\/difusion\/wp-content\/uploads\/sites\/23\/2025\/03\/Captura-de-pantalla-2025-03-14-a-las-11.38.44\u202fa.m-300x169.png 300w, https:\/\/www.ssaver.gob.mx\/difusion\/wp-content\/uploads\/sites\/23\/2025\/03\/Captura-de-pantalla-2025-03-14-a-las-11.38.44\u202fa.m-1024x578.png 1024w, https:\/\/www.ssaver.gob.mx\/difusion\/wp-content\/uploads\/sites\/23\/2025\/03\/Captura-de-pantalla-2025-03-14-a-las-11.38.44\u202fa.m-768x434.png 768w, https:\/\/www.ssaver.gob.mx\/difusion\/wp-content\/uploads\/sites\/23\/2025\/03\/Captura-de-pantalla-2025-03-14-a-las-11.38.44\u202fa.m-1536x867.png 1536w\" sizes=\"auto, (max-width: 1668px) 100vw, 1668px\" \/><\/a><\/figure>\n","protected":false},"excerpt":{"rendered":"","protected":false},"author":59,"featured_media":4525,"comment_status":"closed","ping_status":"closed","sticky":false,"template":"","format":"standard","meta":{"colormag_page_container_layout":"default_layout","colormag_page_sidebar_layout":"default_layout","footnotes":""},"categories":[115,173],"tags":[750,331,751,332,333,327,330,329,189,184,328,142,137],"class_list":["post-4497","post","type-post","status-publish","format-standard","has-post-thumbnail","hentry","category-general","category-salud-en-video","tag-apoyo-del-director-general","tag-cuando-el-rinon-no-funciona-bien-sintomas","tag-juan-pablo-uribe-gonzalez","tag-por-que-el-rinon","tag-que-rinon-esta-mas-arriba-que-el-otro","tag-que-son-rinon","tag-rinon-cuando-no-funciona-bien","tag-rinon-quien-lo-trata","tag-secretaria-de-salud-de-veracruz","tag-sesver","tag-son-funciones-del-rinon","tag-veracruz","tag-xalapa"],"_links":{"self":[{"href":"https:\/\/www.ssaver.gob.mx\/difusion\/wp-json\/wp\/v2\/posts\/4497","targetHints":{"allow":["GET"]}}],"collection":[{"href":"https:\/\/www.ssaver.gob.mx\/difusion\/wp-json\/wp\/v2\/posts"}],"about":[{"href":"https:\/\/www.ssaver.gob.mx\/difusion\/wp-json\/wp\/v2\/types\/post"}],"author":[{"embeddable":true,"href":"https:\/\/www.ssaver.gob.mx\/difusion\/wp-json\/wp\/v2\/users\/59"}],"replies":[{"embeddable":true,"href":"https:\/\/www.ssaver.gob.mx\/difusion\/wp-json\/wp\/v2\/comments?post=4497"}],"version-history":[{"count":3,"href":"https:\/\/www.ssaver.gob.mx\/difusion\/wp-json\/wp\/v2\/posts\/4497\/revisions"}],"predecessor-version":[{"id":5713,"href":"https:\/\/www.ssaver.gob.mx\/difusion\/wp-json\/wp\/v2\/posts\/4497\/revisions\/5713"}],"wp:featuredmedia":[{"embeddable":true,"href":"https:\/\/www.ssaver.gob.mx\/difusion\/wp-json\/wp\/v2\/media\/4525"}],"wp:attachment":[{"href":"https:\/\/www.ssaver.gob.mx\/difusion\/wp-json\/wp\/v2\/media?parent=4497"}],"wp:term":[{"taxonomy":"category","embeddable":true,"href":"https:\/\/www.ssaver.gob.mx\/difusion\/wp-json\/wp\/v2\/categories?post=4497"},{"taxonomy":"post_tag","embeddable":true,"href":"https:\/\/www.ssaver.gob.mx\/difusion\/wp-json\/wp\/v2\/tags?post=4497"}],"curies":[{"name":"wp","href":"https:\/\/api.w.org\/{rel}","templated":true}]}}