{"id":4520,"date":"2025-03-13T21:08:00","date_gmt":"2025-03-14T03:08:00","guid":{"rendered":"https:\/\/www.ssaver.gob.mx\/difusion\/?p=4520"},"modified":"2025-09-11T13:54:27","modified_gmt":"2025-09-11T18:54:27","slug":"fotogaleria-secretaria-de-salud-prepara-plan-de-rehabilitacion-de-infraestructura-hospitalaria-en-perote","status":"publish","type":"post","link":"https:\/\/www.ssaver.gob.mx\/difusion\/2025\/03\/13\/fotogaleria-secretaria-de-salud-prepara-plan-de-rehabilitacion-de-infraestructura-hospitalaria-en-perote\/","title":{"rendered":"Fotogaler\u00eda: Secretar\u00eda de Salud prepara plan de rehabilitaci\u00f3n de infraestructura hospitalaria en Perote"},"content":{"rendered":"\n<div class=\"blockart-slider blockart-slider-70c551a6\"><div class=\"splide\"><div class=\"splide__track\"><ul class=\"splide__list\">\n<li class=\"blockart-slide blockart-slide-49951c6a splide__slide\">\n<figure class=\"wp-block-image size-large\"><img loading=\"lazy\" decoding=\"async\" width=\"1024\" height=\"682\" src=\"https:\/\/www.ssaver.gob.mx\/difusion\/wp-content\/uploads\/sites\/23\/2025\/03\/PHOTO-2025-03-13-20-27-13-2-1024x682.jpg\" alt=\"\" class=\"wp-image-4504\" srcset=\"https:\/\/www.ssaver.gob.mx\/difusion\/wp-content\/uploads\/sites\/23\/2025\/03\/PHOTO-2025-03-13-20-27-13-2-1024x682.jpg 1024w, https:\/\/www.ssaver.gob.mx\/difusion\/wp-content\/uploads\/sites\/23\/2025\/03\/PHOTO-2025-03-13-20-27-13-2-300x200.jpg 300w, https:\/\/www.ssaver.gob.mx\/difusion\/wp-content\/uploads\/sites\/23\/2025\/03\/PHOTO-2025-03-13-20-27-13-2-768x512.jpg 768w, https:\/\/www.ssaver.gob.mx\/difusion\/wp-content\/uploads\/sites\/23\/2025\/03\/PHOTO-2025-03-13-20-27-13-2-1536x1024.jpg 1536w, https:\/\/www.ssaver.gob.mx\/difusion\/wp-content\/uploads\/sites\/23\/2025\/03\/PHOTO-2025-03-13-20-27-13-2-2048x1365.jpg 2048w\" sizes=\"auto, (max-width: 1024px) 100vw, 1024px\" \/><figcaption class=\"wp-element-caption\">El titular de la dependencia, Valent\u00edn Herrera Alarc\u00f3n, constat\u00f3 las condiciones actuales de la Posada Amiga de la Mujer Embarazada (AME), contemplada como una posible opci\u00f3n para brindar atenci\u00f3n m\u00e9dica a la poblaci\u00f3n cercana debido a su ubicaci\u00f3n estrat\u00e9gica. Foto: Jorge Serratos \/ Secretar\u00eda de Salud.<\/figcaption><\/figure>\n<\/li>\n\n\n\n<li class=\"blockart-slide blockart-slide-5d596095 splide__slide\">\n<figure class=\"wp-block-image size-large\"><img loading=\"lazy\" decoding=\"async\" width=\"1024\" height=\"682\" src=\"https:\/\/www.ssaver.gob.mx\/difusion\/wp-content\/uploads\/sites\/23\/2025\/03\/PHOTO-2025-03-13-20-27-13-1024x682.jpg\" alt=\"\" class=\"wp-image-4505\" srcset=\"https:\/\/www.ssaver.gob.mx\/difusion\/wp-content\/uploads\/sites\/23\/2025\/03\/PHOTO-2025-03-13-20-27-13-1024x682.jpg 1024w, https:\/\/www.ssaver.gob.mx\/difusion\/wp-content\/uploads\/sites\/23\/2025\/03\/PHOTO-2025-03-13-20-27-13-300x200.jpg 300w, https:\/\/www.ssaver.gob.mx\/difusion\/wp-content\/uploads\/sites\/23\/2025\/03\/PHOTO-2025-03-13-20-27-13-768x512.jpg 768w, https:\/\/www.ssaver.gob.mx\/difusion\/wp-content\/uploads\/sites\/23\/2025\/03\/PHOTO-2025-03-13-20-27-13-1536x1024.jpg 1536w, https:\/\/www.ssaver.gob.mx\/difusion\/wp-content\/uploads\/sites\/23\/2025\/03\/PHOTO-2025-03-13-20-27-13-2048x1365.jpg 2048w\" sizes=\"auto, (max-width: 1024px) 100vw, 1024px\" \/><figcaption class=\"wp-element-caption\">Como parte del compromiso institucional para mejorar las condiciones de atenci\u00f3n hospitalaria en Veracruz, la Secretar\u00eda de Salud ha comenzado los trabajos de planificaci\u00f3n y rehabilitaci\u00f3n de las unidades m\u00e9dicas en Perote. Foto: Jorge Serratos \/Secretar\u00eda de Salud.<\/figcaption><\/figure>\n<\/li>\n\n\n\n<li class=\"blockart-slide blockart-slide-3a97c86c splide__slide\">\n<figure class=\"wp-block-image size-large\"><img loading=\"lazy\" decoding=\"async\" width=\"1024\" height=\"683\" src=\"https:\/\/www.ssaver.gob.mx\/difusion\/wp-content\/uploads\/sites\/23\/2025\/03\/PHOTO-2025-03-13-20-27-14-5-1024x683.jpg\" alt=\"\" class=\"wp-image-4509\" srcset=\"https:\/\/www.ssaver.gob.mx\/difusion\/wp-content\/uploads\/sites\/23\/2025\/03\/PHOTO-2025-03-13-20-27-14-5-1024x683.jpg 1024w, https:\/\/www.ssaver.gob.mx\/difusion\/wp-content\/uploads\/sites\/23\/2025\/03\/PHOTO-2025-03-13-20-27-14-5-300x200.jpg 300w, https:\/\/www.ssaver.gob.mx\/difusion\/wp-content\/uploads\/sites\/23\/2025\/03\/PHOTO-2025-03-13-20-27-14-5-768x512.jpg 768w, https:\/\/www.ssaver.gob.mx\/difusion\/wp-content\/uploads\/sites\/23\/2025\/03\/PHOTO-2025-03-13-20-27-14-5-1536x1024.jpg 1536w, https:\/\/www.ssaver.gob.mx\/difusion\/wp-content\/uploads\/sites\/23\/2025\/03\/PHOTO-2025-03-13-20-27-14-5-2048x1366.jpg 2048w\" sizes=\"auto, (max-width: 1024px) 100vw, 1024px\" \/><figcaption class=\"wp-element-caption\">El doctor Valent\u00edn Herrera Alarc\u00f3n reiter\u00f3 el compromiso de la\u00a0Secretar\u00eda de Salud\u00a0con la mejora continua de la calidad de atenci\u00f3n m\u00e9dica en los centros de salud y hospitales del Estado. Foto: Jorge Serratos \/Secretar\u00eda de Salud.<\/figcaption><\/figure>\n<\/li>\n\n\n\n<li class=\"blockart-slide blockart-slide-fa7473d4 splide__slide\">\n<figure class=\"wp-block-image size-large\"><img loading=\"lazy\" decoding=\"async\" width=\"1024\" height=\"682\" src=\"https:\/\/www.ssaver.gob.mx\/difusion\/wp-content\/uploads\/sites\/23\/2025\/03\/PHOTO-2025-03-13-20-27-14-7-1024x682.jpg\" alt=\"\" class=\"wp-image-4511\" srcset=\"https:\/\/www.ssaver.gob.mx\/difusion\/wp-content\/uploads\/sites\/23\/2025\/03\/PHOTO-2025-03-13-20-27-14-7-1024x682.jpg 1024w, https:\/\/www.ssaver.gob.mx\/difusion\/wp-content\/uploads\/sites\/23\/2025\/03\/PHOTO-2025-03-13-20-27-14-7-300x200.jpg 300w, https:\/\/www.ssaver.gob.mx\/difusion\/wp-content\/uploads\/sites\/23\/2025\/03\/PHOTO-2025-03-13-20-27-14-7-768x512.jpg 768w, https:\/\/www.ssaver.gob.mx\/difusion\/wp-content\/uploads\/sites\/23\/2025\/03\/PHOTO-2025-03-13-20-27-14-7-1536x1024.jpg 1536w, https:\/\/www.ssaver.gob.mx\/difusion\/wp-content\/uploads\/sites\/23\/2025\/03\/PHOTO-2025-03-13-20-27-14-7-2048x1365.jpg 2048w\" sizes=\"auto, (max-width: 1024px) 100vw, 1024px\" \/><figcaption class=\"wp-element-caption\">El Hospital General de Perote, cuenta una capacidad de atenci\u00f3n para m\u00e1s de 50 mil habitantes de la regi\u00f3n, con instalaciones modernizadas, bien equipadas y con personal capacitado y comprometido con el bienestar de los pacientes. Foto: Jorge Serratos \/ Secretar\u00eda de Salud.<\/figcaption><\/figure>\n<\/li>\n\n\n\n<li class=\"blockart-slide blockart-slide-860d835f splide__slide\">\n<figure class=\"wp-block-image size-large\"><img loading=\"lazy\" decoding=\"async\" width=\"1024\" height=\"682\" src=\"https:\/\/www.ssaver.gob.mx\/difusion\/wp-content\/uploads\/sites\/23\/2025\/03\/PHOTO-2025-03-13-20-27-14-1024x682.jpg\" alt=\"\" class=\"wp-image-4512\" srcset=\"https:\/\/www.ssaver.gob.mx\/difusion\/wp-content\/uploads\/sites\/23\/2025\/03\/PHOTO-2025-03-13-20-27-14-1024x682.jpg 1024w, https:\/\/www.ssaver.gob.mx\/difusion\/wp-content\/uploads\/sites\/23\/2025\/03\/PHOTO-2025-03-13-20-27-14-300x200.jpg 300w, https:\/\/www.ssaver.gob.mx\/difusion\/wp-content\/uploads\/sites\/23\/2025\/03\/PHOTO-2025-03-13-20-27-14-768x512.jpg 768w, https:\/\/www.ssaver.gob.mx\/difusion\/wp-content\/uploads\/sites\/23\/2025\/03\/PHOTO-2025-03-13-20-27-14-1536x1024.jpg 1536w, https:\/\/www.ssaver.gob.mx\/difusion\/wp-content\/uploads\/sites\/23\/2025\/03\/PHOTO-2025-03-13-20-27-14-2048x1365.jpg 2048w\" sizes=\"auto, (max-width: 1024px) 100vw, 1024px\" \/><figcaption class=\"wp-element-caption\">Durante el recorrido, el doctor Valent\u00edn Herrera Alarc\u00f3n ratific\u00f3 el compromiso de la&nbsp;gobernadora Roc\u00edo Nahle Garc\u00eda&nbsp;de garantizar el abastecimiento continuo de medicamentos mediante el programa&nbsp;Camionetitas de la Salud. Foto: Jorge Serratos \/Secretar\u00eda de Salud.<\/figcaption><\/figure>\n<\/li>\n<\/ul><\/div><div class=\"splide__arrows\"><div role=\"button\" class=\"splide__arrow splide__arrow--prev\"><\/div><div role=\"button\" class=\"splide__arrow splide__arrow--next\"><\/div><\/div><\/div><\/div>\n\n\n\n<p><\/p>\n","protected":false},"excerpt":{"rendered":"","protected":false},"author":59,"featured_media":4511,"comment_status":"closed","ping_status":"closed","sticky":false,"template":"","format":"standard","meta":{"colormag_page_container_layout":"default_layout","colormag_page_sidebar_layout":"default_layout","footnotes":""},"categories":[120,115],"tags":[750,336,344,254,751,335,334,345,184,137],"class_list":["post-4520","post","type-post","status-publish","format-standard","has-post-thumbnail","hentry","category-galeria-de-la-salud","category-general","tag-apoyo-del-director-general","tag-como-se-realiza-la-infraestructura-hospitalaria","tag-infraestructura","tag-infraestructura-en-salud","tag-juan-pablo-uribe-gonzalez","tag-que-es-infraestructura-hospitalaria","tag-que-incluye-la-infraestructura-hospitalaria","tag-que-son-los-hospitales","tag-sesver","tag-xalapa"],"_links":{"self":[{"href":"https:\/\/www.ssaver.gob.mx\/difusion\/wp-json\/wp\/v2\/posts\/4520","targetHints":{"allow":["GET"]}}],"collection":[{"href":"https:\/\/www.ssaver.gob.mx\/difusion\/wp-json\/wp\/v2\/posts"}],"about":[{"href":"https:\/\/www.ssaver.gob.mx\/difusion\/wp-json\/wp\/v2\/types\/post"}],"author":[{"embeddable":true,"href":"https:\/\/www.ssaver.gob.mx\/difusion\/wp-json\/wp\/v2\/users\/59"}],"replies":[{"embeddable":true,"href":"https:\/\/www.ssaver.gob.mx\/difusion\/wp-json\/wp\/v2\/comments?post=4520"}],"version-history":[{"count":2,"href":"https:\/\/www.ssaver.gob.mx\/difusion\/wp-json\/wp\/v2\/posts\/4520\/revisions"}],"predecessor-version":[{"id":4523,"href":"https:\/\/www.ssaver.gob.mx\/difusion\/wp-json\/wp\/v2\/posts\/4520\/revisions\/4523"}],"wp:featuredmedia":[{"embeddable":true,"href":"https:\/\/www.ssaver.gob.mx\/difusion\/wp-json\/wp\/v2\/media\/4511"}],"wp:attachment":[{"href":"https:\/\/www.ssaver.gob.mx\/difusion\/wp-json\/wp\/v2\/media?parent=4520"}],"wp:term":[{"taxonomy":"category","embeddable":true,"href":"https:\/\/www.ssaver.gob.mx\/difusion\/wp-json\/wp\/v2\/categories?post=4520"},{"taxonomy":"post_tag","embeddable":true,"href":"https:\/\/www.ssaver.gob.mx\/difusion\/wp-json\/wp\/v2\/tags?post=4520"}],"curies":[{"name":"wp","href":"https:\/\/api.w.org\/{rel}","templated":true}]}}