{"id":4535,"date":"2025-03-14T15:23:16","date_gmt":"2025-03-14T21:23:16","guid":{"rendered":"https:\/\/www.ssaver.gob.mx\/difusion\/?p=4535"},"modified":"2025-09-11T13:54:44","modified_gmt":"2025-09-11T18:54:44","slug":"el-sueno-clave-para-una-vida-saludable-advierte-salud","status":"publish","type":"post","link":"https:\/\/www.ssaver.gob.mx\/difusion\/2025\/03\/14\/el-sueno-clave-para-una-vida-saludable-advierte-salud\/","title":{"rendered":"El sue\u00f1o, clave para una vida saludable, advierte Salud"},"content":{"rendered":"\n<p class=\"blockart-paragraph blockart-paragraph-8dc6c29c\"><strong><strong>El sue\u00f1o, clave para una vida saludable, advierte Salud<\/strong> <\/strong><\/p>\n\n\n\n<p class=\"blockart-paragraph blockart-paragraph-1c90eafb\"><br>&#8211; Dormir bien fortalece el sistema inmunol\u00f3gico, mejora la concentraci\u00f3n y el estado de \u00e1nimo<br><br><br><\/p>\n\n\n\n<p class=\"has-medium-font-size\"><\/p>\n\n\n\n<p class=\"has-medium-font-size\"><\/p>\n\n\n\n<p class=\"has-medium-font-size\">Xalapa, Ver., viernes 14 de marzo de 2025.- En el marco de la conmemoraci\u00f3n del <strong>D\u00eda Mundial del Sue\u00f1o<\/strong>,<strong> la Secretar\u00eda de Salud<\/strong> (SS), destaca su importancia como un soporte fundamental para la <strong>salud<\/strong> f\u00edsica y mental, ya que esta necesidad fisiol\u00f3gica b\u00e1sica suele ser desatendida por la poblaci\u00f3n, afectando su bienestar.<\/p>\n\n\n\n<p class=\"has-medium-font-size\"><strong>El sue\u00f1o <\/strong>es considerado el quinto signo vital en el \u00e1rea de salud mental, su alteraci\u00f3n puede derivar en problemas cognitivos, ausentismo laboral y escolar, adem\u00e1s de afectar la calidad de vida de quienes padecen insomnio u otros trastornos, explica el m\u00e9dico psiquiatra \u00c1ngel Javier Luna Z\u00e1rate, del Instituto Veracruzano de <strong>Salud Mental<\/strong>.<\/p>\n\n\n\n<p>A nivel nacional, alrededor del 45 por ciento de la poblaci\u00f3n presenta alg\u00fan tipo de trastorno del sue\u00f1o, desde insomnio, sonambulismo, apnea obstructiva y s\u00edndrome de piernas inquieta, agreg\u00f3 el especialista.<\/p>\n\n\n\n<p>La reducci\u00f3n del uso de pantallas antes de dormir, evitar bebidas estimulantes en la tarde o noche, establecer una rutina de <strong>sue\u00f1o<\/strong> y adoptar h\u00e1bitos alimenticios adecuados, contribuyen a mejorar la calidad del sue\u00f1o,<\/p>\n\n\n\n<p class=\"has-medium-font-size\">De acuerdo a la edad, las horas de <strong>sue\u00f1o<\/strong> var\u00edan: los reci\u00e9n nacidos requieren hasta 20 horas diarias, adolescentes alrededor de 10, adultos entre 6 y 8, y en adultos mayores la necesidad de <strong>sue\u00f1o<\/strong> puede reducirse a 5 horas, sin que esto represente un problema.<\/p>\n\n\n\n<p class=\"has-medium-font-size\">En cuanto a los riesgos de la automedicaci\u00f3n, el uso prolongado de ciertos f\u00e1rmacos para dormir puede generar resistencia. En caso de presentar dificultades persistentes para dormir, se recomienda acudir con profesionales especializados en las unidades m\u00e9dicas de los <strong>Servicios de Salud de Veracruz<\/strong>.<\/p>\n\n\n\n<p>Es importante que la poblaci\u00f3n comprenda que el<strong> sue\u00f1o <\/strong>es un proceso vital de reparaci\u00f3n f\u00edsica y mental; dormir bien, fortalece el sistema inmunol\u00f3gico, mejora la concentraci\u00f3n y el estado de \u00e1nimo. Una buena noche de descanso puede marcar la diferencia en la prevenci\u00f3n de enfermedades.<\/p>\n\n\n\n<p><\/p>\n\n\n\n<p class=\"has-text-color has-link-color has-medium-font-size wp-elements-cb8e8c1a3ed727172f9f4e9c98a191f4\" style=\"color:#660c0c\"><strong>Tambi\u00e9n te puede interesar.- <\/strong><\/p>\n\n\n\n<p class=\"has-text-color has-link-color has-medium-font-size wp-elements-200d92cbe1881a6259365dd201b2aade\" style=\"color:#660c0c\"><strong><a href=\"https:\/\/www.ssaver.gob.mx\/difusion\/2025\/03\/12\/modernizaran-area-de-hospitalizacion-en-el-instituto-veracruzano-de-salud-mental\/\" data-type=\"link\" data-id=\"https:\/\/www.ssaver.gob.mx\/difusion\/2025\/03\/12\/modernizaran-area-de-hospitalizacion-en-el-instituto-veracruzano-de-salud-mental\/\">Modernizar\u00e1n \u00e1rea de hospitalizaci\u00f3n en el Instituto Veracruzano de Salud Mental<\/a><\/strong><\/p>\n\n\n\n<p class=\"has-text-color has-link-color has-medium-font-size wp-elements-e077559fe35d4bfde6e590c012cddc12\" style=\"color:#660c0c\"><strong><a href=\"https:\/\/www.ssaver.gob.mx\/difusion\/2025\/01\/13\/secretaria-de-salud-refuerza-acciones-contra-la-depresion-en-veracruz\/\" data-type=\"link\" data-id=\"https:\/\/www.ssaver.gob.mx\/difusion\/2025\/01\/13\/secretaria-de-salud-refuerza-acciones-contra-la-depresion-en-veracruz\/\">Secretar\u00eda de Salud refuerza acciones contra la depresi\u00f3n en Veracruz<\/a><\/strong><\/p>\n\n\n\n<p class=\"has-text-color has-link-color has-medium-font-size wp-elements-fe3592fd993e76745fd3e4f55d27f5db\" style=\"color:#660c0c\"><strong> <\/strong><\/p>\n\n\n\n<p class=\"has-medium-font-size\"><\/p>\n\n\n\n<p><\/p>\n\n\n\n<hr class=\"wp-block-separator has-alpha-channel-opacity\" \/>\n","protected":false},"excerpt":{"rendered":"<p>Xalapa, Ver., viernes 14 de marzo de 2025.- En el marco de la conmemoraci\u00f3n del D\u00eda Mundial del Sue\u00f1o, la<\/p>\n","protected":false},"author":59,"featured_media":3365,"comment_status":"closed","ping_status":"closed","sticky":false,"template":"","format":"standard","meta":{"colormag_page_container_layout":"default_layout","colormag_page_sidebar_layout":"default_layout","footnotes":""},"categories":[119,115],"tags":[750,751,346,347,348,349,350,352,351,137],"class_list":["post-4535","post","type-post","status-publish","format-standard","has-post-thumbnail","hentry","category-comunicados","category-general","tag-apoyo-del-director-general","tag-juan-pablo-uribe-gonzalez","tag-sueno-igual-que-tu","tag-sueno-o-pesadilla","tag-sueno-o-realidad","tag-sueno-vs-realidad","tag-sueno-y-descanso","tag-sueno-y-dolor-de-cabeza","tag-sueno-y-vigilia","tag-xalapa"],"_links":{"self":[{"href":"https:\/\/www.ssaver.gob.mx\/difusion\/wp-json\/wp\/v2\/posts\/4535","targetHints":{"allow":["GET"]}}],"collection":[{"href":"https:\/\/www.ssaver.gob.mx\/difusion\/wp-json\/wp\/v2\/posts"}],"about":[{"href":"https:\/\/www.ssaver.gob.mx\/difusion\/wp-json\/wp\/v2\/types\/post"}],"author":[{"embeddable":true,"href":"https:\/\/www.ssaver.gob.mx\/difusion\/wp-json\/wp\/v2\/users\/59"}],"replies":[{"embeddable":true,"href":"https:\/\/www.ssaver.gob.mx\/difusion\/wp-json\/wp\/v2\/comments?post=4535"}],"version-history":[{"count":2,"href":"https:\/\/www.ssaver.gob.mx\/difusion\/wp-json\/wp\/v2\/posts\/4535\/revisions"}],"predecessor-version":[{"id":4539,"href":"https:\/\/www.ssaver.gob.mx\/difusion\/wp-json\/wp\/v2\/posts\/4535\/revisions\/4539"}],"wp:featuredmedia":[{"embeddable":true,"href":"https:\/\/www.ssaver.gob.mx\/difusion\/wp-json\/wp\/v2\/media\/3365"}],"wp:attachment":[{"href":"https:\/\/www.ssaver.gob.mx\/difusion\/wp-json\/wp\/v2\/media?parent=4535"}],"wp:term":[{"taxonomy":"category","embeddable":true,"href":"https:\/\/www.ssaver.gob.mx\/difusion\/wp-json\/wp\/v2\/categories?post=4535"},{"taxonomy":"post_tag","embeddable":true,"href":"https:\/\/www.ssaver.gob.mx\/difusion\/wp-json\/wp\/v2\/tags?post=4535"}],"curies":[{"name":"wp","href":"https:\/\/api.w.org\/{rel}","templated":true}]}}