{"id":4549,"date":"2025-03-15T11:14:39","date_gmt":"2025-03-15T17:14:39","guid":{"rendered":"https:\/\/www.ssaver.gob.mx\/difusion\/?p=4549"},"modified":"2025-09-11T13:49:50","modified_gmt":"2025-09-11T18:49:50","slug":"atencion-integral-contra-las-adicciones-21-anos-de-compromiso-en-cuspide","status":"publish","type":"post","link":"https:\/\/www.ssaver.gob.mx\/difusion\/2025\/03\/15\/atencion-integral-contra-las-adicciones-21-anos-de-compromiso-en-cuspide\/","title":{"rendered":"Atenci\u00f3n integral contra las adicciones: 21 a\u00f1os de compromiso en C\u00daSPIDE"},"content":{"rendered":"\n<p class=\"blockart-paragraph blockart-paragraph-fba1b479\"><strong><strong><strong>Atenci\u00f3n integral contra las adicciones: 21 a\u00f1os de compromiso en C\u00daSPIDE<\/strong><\/strong><\/strong><\/p>\n\n\n\n<p class=\"blockart-paragraph blockart-paragraph-98977948\"><br>&#8211; Adem\u00e1s de la rehabilitaci\u00f3n, tiene un enfoque en la reinserci\u00f3n social, escolar y laboral<br>&#8211; Ha desarrollado programas de prevenci\u00f3n y educaci\u00f3n en la comunidad<br>-Capacita a expertos en salud para mejorar la intervenci\u00f3n en adicciones.<br><br><br><\/p>\n\n\n\n<p class=\"has-medium-font-size\">Veracruz, Ver., s\u00e1bado 15 de marzo de 2025.- La <strong>Secretar\u00eda de Salud<\/strong> promueve la prevenci\u00f3n y tratamiento de las adicciones a trav\u00e9s del <strong>Centro Estatal contra las Adicciones C\u00daSPIDE<\/strong>, la \u00fanica cl\u00ednica gubernamental certificada por la Comisi\u00f3n Nacional contra las Adicciones (CONADIC) en el estado.<\/p>\n\n\n\n<p class=\"has-medium-font-size\">Desde su inauguraci\u00f3n el 13 de marzo de 2004, brinda atenci\u00f3n integral a personas con problemas de adicci\u00f3n y apoyo a sus familias, y en 21 a\u00f1os de servicio, ha realizado m\u00e1s de 7 mil 500 valoraciones m\u00e9dicas, tratado a 4 mil 600 pacientes en internamiento y ofrecido terapia a m\u00e1s de 20 mil familiares; adem\u00e1s, desarrolla programas de prevenci\u00f3n en escuelas y empresas para reducir el consumo de sustancias nocivas.<\/p>\n\n\n\n<p class=\"has-medium-font-size\"><strong>C\u00daSPIDE<\/strong> cuenta con un modelo de atenci\u00f3n mixta para hombres y mujeres, con capacidad para 60 pacientes (40 adultos y 20 menores de edad), e involucra a las familias en el proceso de rehabilitaci\u00f3n, brindando acompa\u00f1amiento hasta seis meses despu\u00e9s del egreso.<\/p>\n\n\n\n<p>El equipo multidisciplinario est\u00e1 conformado por m\u00e9dicos, psic\u00f3logos, enfermeros, trabajadores sociales, psiquiatras y nutri\u00f3logos, quienes trabajan en conjunto para garantizar un tratamiento integral, adem\u00e1s, el centro ofrece intervenci\u00f3n en crisis y seguimiento tras el egreso para reforzar la rehabilitaci\u00f3n.<\/p>\n\n\n\n<p>Entre sus iniciativas m\u00e1s destacadas se encuentra el Programa PIR (Profesionales en Residencial), que capacita a especialistas en salud para mejorar la intervenci\u00f3n en casos de adicci\u00f3n y fortalecer la red de apoyo del paciente.<\/p>\n\n\n\n<p class=\"has-medium-font-size\">El director, Carlos Jos\u00e9 S\u00e1enz \u00c1lvarez, destac\u00f3 que, aunque <strong>C\u00daSPIDE<\/strong> ofrece uno de los tratamientos m\u00e1s eficaces en el manejo de adicciones, el internamiento debe ser la \u00faltima opci\u00f3n tras agotar alternativas familiares, sociales y m\u00e9dicas.<\/p>\n\n\n\n<p>\u00abSi el usuario no acepta el internamiento, lo referimos a un CECOSAMA (Centro Comunitario de Salud Mental y Adicciones) y ofrecemos sesiones virtuales con su familia. Es fundamental que sepan que el Gobierno del Estado cuentan con una cl\u00ednica de calidad y personal capacitado para atender este problema de salud p\u00fablica\u00bb, se\u00f1al\u00f3.<\/p>\n\n\n\n<p class=\"has-medium-font-size\">El compromiso de los tres \u00f3rdenes de gobierno con la rehabilitaci\u00f3n y reinserci\u00f3n social de las personas con problemas de adicci\u00f3n ha sido reiterado por la presidenta Claudia Sheinbaum Pardo,<strong> la gobernadora, Roc\u00edo Nahle Garc\u00eda<\/strong>, y <strong>el secretario de Salud, Valent\u00edn H<\/strong>errera Alarc\u00f3n.<\/p>\n\n\n\n<p>En este esfuerzo, C\u00daSPIDE sigue siendo un referente en el tratamiento de adicciones.<\/p>\n\n\n\n<p class=\"has-medium-font-size\"><\/p>\n\n\n\n<p><\/p>\n\n\n\n<p class=\"has-text-color has-link-color has-medium-font-size wp-elements-cb8e8c1a3ed727172f9f4e9c98a191f4\" style=\"color:#660c0c\"><strong>Tambi\u00e9n te puede interesar.- <\/strong><\/p>\n\n\n\n<p class=\"has-text-color has-link-color has-medium-font-size wp-elements-e077559fe35d4bfde6e590c012cddc12\" style=\"color:#660c0c\"><strong><a href=\"https:\/\/www.ssaver.gob.mx\/difusion\/2025\/01\/13\/secretaria-de-salud-refuerza-acciones-contra-la-depresion-en-veracruz\/\" data-type=\"link\" data-id=\"https:\/\/www.ssaver.gob.mx\/difusion\/2025\/01\/13\/secretaria-de-salud-refuerza-acciones-contra-la-depresion-en-veracruz\/\">Secretar\u00eda de Salud refuerza acciones contra la depresi\u00f3n en Veracruz<\/a><\/strong><\/p>\n\n\n\n<p class=\"has-text-color has-link-color has-medium-font-size wp-elements-21cd49c852847004f3e5425245e557c2\" style=\"color:#660c0c\"><strong><a href=\"https:\/\/www.ssaver.gob.mx\/difusion\/2025\/02\/27\/rocio-nahle-anuncia-mejoras-en-infraestructura-y-atencion-del-haev\/\" data-type=\"link\" data-id=\"https:\/\/www.ssaver.gob.mx\/difusion\/2025\/02\/27\/rocio-nahle-anuncia-mejoras-en-infraestructura-y-atencion-del-haev\/\">Roc\u00edo Nahle anuncia mejoras en infraestructura y atenci\u00f3n del HAEV<\/a><\/strong><\/p>\n\n\n\n<p class=\"has-text-color has-link-color has-medium-font-size wp-elements-8b88eef6b4061e836281b597c64fed75\" style=\"color:#660c0c\"><\/p>\n\n\n\n<p class=\"has-black-color has-text-color has-link-color has-medium-font-size wp-elements-9ea9de3557edab6b4469dff93e6affdc\"><\/p>\n\n\n\n<p class=\"has-medium-font-size\"><\/p>\n\n\n\n<div class=\"blockart-slider blockart-slider-eb03450e\"><div class=\"splide\"><div class=\"splide__track\"><ul class=\"splide__list\">\n<li class=\"blockart-slide blockart-slide-45f212ee splide__slide\">\n<figure class=\"wp-block-image size-large\"><img loading=\"lazy\" decoding=\"async\" width=\"1024\" height=\"710\" src=\"https:\/\/www.ssaver.gob.mx\/difusion\/wp-content\/uploads\/sites\/23\/2025\/03\/PHOTO-2025-03-15-11-02-09-2-1024x710.jpg\" alt=\"\" class=\"wp-image-4550\" srcset=\"https:\/\/www.ssaver.gob.mx\/difusion\/wp-content\/uploads\/sites\/23\/2025\/03\/PHOTO-2025-03-15-11-02-09-2-1024x710.jpg 1024w, https:\/\/www.ssaver.gob.mx\/difusion\/wp-content\/uploads\/sites\/23\/2025\/03\/PHOTO-2025-03-15-11-02-09-2-300x208.jpg 300w, https:\/\/www.ssaver.gob.mx\/difusion\/wp-content\/uploads\/sites\/23\/2025\/03\/PHOTO-2025-03-15-11-02-09-2-768x533.jpg 768w, https:\/\/www.ssaver.gob.mx\/difusion\/wp-content\/uploads\/sites\/23\/2025\/03\/PHOTO-2025-03-15-11-02-09-2-392x272.jpg 392w, https:\/\/www.ssaver.gob.mx\/difusion\/wp-content\/uploads\/sites\/23\/2025\/03\/PHOTO-2025-03-15-11-02-09-2-130x90.jpg 130w, https:\/\/www.ssaver.gob.mx\/difusion\/wp-content\/uploads\/sites\/23\/2025\/03\/PHOTO-2025-03-15-11-02-09-2.jpg 1280w\" sizes=\"auto, (max-width: 1024px) 100vw, 1024px\" \/><\/figure>\n<\/li>\n\n\n\n<li class=\"blockart-slide blockart-slide-1fab9a5f splide__slide\">\n<figure class=\"wp-block-image size-large\"><img loading=\"lazy\" decoding=\"async\" width=\"1024\" height=\"635\" src=\"https:\/\/www.ssaver.gob.mx\/difusion\/wp-content\/uploads\/sites\/23\/2025\/03\/PHOTO-2025-03-15-11-02-09-3-1024x635.jpg\" alt=\"\" class=\"wp-image-4551\" srcset=\"https:\/\/www.ssaver.gob.mx\/difusion\/wp-content\/uploads\/sites\/23\/2025\/03\/PHOTO-2025-03-15-11-02-09-3-1024x635.jpg 1024w, https:\/\/www.ssaver.gob.mx\/difusion\/wp-content\/uploads\/sites\/23\/2025\/03\/PHOTO-2025-03-15-11-02-09-3-300x186.jpg 300w, https:\/\/www.ssaver.gob.mx\/difusion\/wp-content\/uploads\/sites\/23\/2025\/03\/PHOTO-2025-03-15-11-02-09-3-768x476.jpg 768w, https:\/\/www.ssaver.gob.mx\/difusion\/wp-content\/uploads\/sites\/23\/2025\/03\/PHOTO-2025-03-15-11-02-09-3.jpg 1280w\" sizes=\"auto, (max-width: 1024px) 100vw, 1024px\" \/><\/figure>\n<\/li>\n\n\n\n<li class=\"blockart-slide blockart-slide-3cbd9e95 splide__slide\">\n<figure class=\"wp-block-image size-large\"><img loading=\"lazy\" decoding=\"async\" width=\"1024\" height=\"694\" src=\"https:\/\/www.ssaver.gob.mx\/difusion\/wp-content\/uploads\/sites\/23\/2025\/03\/PHOTO-2025-03-15-11-02-09-4-1024x694.jpg\" alt=\"\" class=\"wp-image-4552\" srcset=\"https:\/\/www.ssaver.gob.mx\/difusion\/wp-content\/uploads\/sites\/23\/2025\/03\/PHOTO-2025-03-15-11-02-09-4-1024x694.jpg 1024w, https:\/\/www.ssaver.gob.mx\/difusion\/wp-content\/uploads\/sites\/23\/2025\/03\/PHOTO-2025-03-15-11-02-09-4-300x203.jpg 300w, https:\/\/www.ssaver.gob.mx\/difusion\/wp-content\/uploads\/sites\/23\/2025\/03\/PHOTO-2025-03-15-11-02-09-4-768x520.jpg 768w, https:\/\/www.ssaver.gob.mx\/difusion\/wp-content\/uploads\/sites\/23\/2025\/03\/PHOTO-2025-03-15-11-02-09-4.jpg 1280w\" sizes=\"auto, (max-width: 1024px) 100vw, 1024px\" \/><\/figure>\n<\/li>\n\n\n\n<li class=\"blockart-slide blockart-slide-7d6b3e45 splide__slide\">\n<figure class=\"wp-block-image size-large\"><img loading=\"lazy\" decoding=\"async\" width=\"1024\" height=\"594\" src=\"https:\/\/www.ssaver.gob.mx\/difusion\/wp-content\/uploads\/sites\/23\/2025\/03\/PHOTO-2025-03-15-11-02-09-5-1024x594.jpg\" alt=\"\" class=\"wp-image-4553\" srcset=\"https:\/\/www.ssaver.gob.mx\/difusion\/wp-content\/uploads\/sites\/23\/2025\/03\/PHOTO-2025-03-15-11-02-09-5-1024x594.jpg 1024w, https:\/\/www.ssaver.gob.mx\/difusion\/wp-content\/uploads\/sites\/23\/2025\/03\/PHOTO-2025-03-15-11-02-09-5-300x174.jpg 300w, https:\/\/www.ssaver.gob.mx\/difusion\/wp-content\/uploads\/sites\/23\/2025\/03\/PHOTO-2025-03-15-11-02-09-5-768x445.jpg 768w, https:\/\/www.ssaver.gob.mx\/difusion\/wp-content\/uploads\/sites\/23\/2025\/03\/PHOTO-2025-03-15-11-02-09-5.jpg 1280w\" sizes=\"auto, (max-width: 1024px) 100vw, 1024px\" \/><\/figure>\n<\/li>\n\n\n\n<li class=\"blockart-slide blockart-slide-26205741 splide__slide\">\n<figure class=\"wp-block-image size-large\"><img loading=\"lazy\" decoding=\"async\" width=\"1024\" height=\"689\" src=\"https:\/\/www.ssaver.gob.mx\/difusion\/wp-content\/uploads\/sites\/23\/2025\/03\/PHOTO-2025-03-15-11-02-09-1024x689.jpg\" alt=\"\" class=\"wp-image-4554\" srcset=\"https:\/\/www.ssaver.gob.mx\/difusion\/wp-content\/uploads\/sites\/23\/2025\/03\/PHOTO-2025-03-15-11-02-09-1024x689.jpg 1024w, https:\/\/www.ssaver.gob.mx\/difusion\/wp-content\/uploads\/sites\/23\/2025\/03\/PHOTO-2025-03-15-11-02-09-300x202.jpg 300w, https:\/\/www.ssaver.gob.mx\/difusion\/wp-content\/uploads\/sites\/23\/2025\/03\/PHOTO-2025-03-15-11-02-09-768x517.jpg 768w, https:\/\/www.ssaver.gob.mx\/difusion\/wp-content\/uploads\/sites\/23\/2025\/03\/PHOTO-2025-03-15-11-02-09.jpg 1280w\" sizes=\"auto, (max-width: 1024px) 100vw, 1024px\" \/><\/figure>\n<\/li>\n\n\n\n<li class=\"blockart-slide blockart-slide-b253a939 splide__slide\">\n<figure class=\"wp-block-image size-large\"><img loading=\"lazy\" decoding=\"async\" width=\"1024\" height=\"759\" src=\"https:\/\/www.ssaver.gob.mx\/difusion\/wp-content\/uploads\/sites\/23\/2025\/03\/PHOTO-2025-03-15-11-02-10-1024x759.jpg\" alt=\"\" class=\"wp-image-4555\" srcset=\"https:\/\/www.ssaver.gob.mx\/difusion\/wp-content\/uploads\/sites\/23\/2025\/03\/PHOTO-2025-03-15-11-02-10-1024x759.jpg 1024w, https:\/\/www.ssaver.gob.mx\/difusion\/wp-content\/uploads\/sites\/23\/2025\/03\/PHOTO-2025-03-15-11-02-10-300x222.jpg 300w, https:\/\/www.ssaver.gob.mx\/difusion\/wp-content\/uploads\/sites\/23\/2025\/03\/PHOTO-2025-03-15-11-02-10-768x569.jpg 768w, https:\/\/www.ssaver.gob.mx\/difusion\/wp-content\/uploads\/sites\/23\/2025\/03\/PHOTO-2025-03-15-11-02-10.jpg 1280w\" sizes=\"auto, (max-width: 1024px) 100vw, 1024px\" \/><\/figure>\n<\/li>\n<\/ul><\/div><div class=\"splide__arrows\"><div role=\"button\" class=\"splide__arrow splide__arrow--prev\"><\/div><div role=\"button\" class=\"splide__arrow splide__arrow--next\"><\/div><\/div><\/div><\/div>\n\n\n\n<p class=\"has-medium-font-size\"><\/p>\n\n\n\n<p><\/p>\n\n\n\n<p><\/p>\n\n\n\n<p class=\"has-medium-font-size\"><\/p>\n\n\n\n<hr class=\"wp-block-separator has-alpha-channel-opacity\" \/>\n","protected":false},"excerpt":{"rendered":"<p>Veracruz, Ver., s\u00e1bado 15 de marzo de 2025.- La Secretar\u00eda de Salud promueve la prevenci\u00f3n y tratamiento de las adicciones<\/p>\n","protected":false},"author":59,"featured_media":4556,"comment_status":"closed","ping_status":"closed","sticky":false,"template":"","format":"standard","meta":{"colormag_page_container_layout":"default_layout","colormag_page_sidebar_layout":"default_layout","footnotes":""},"categories":[119,115],"tags":[750,312,310,313,311,751,317,316,319,318,320,226,191,137],"class_list":["post-4549","post","type-post","status-publish","format-standard","has-post-thumbnail","hentry","category-comunicados","category-general","tag-apoyo-del-director-general","tag-como-trabajar-salud-mental","tag-cual-es-la-salud-mental-en-mexico","tag-cual-es-mi-salud-mental-test","tag-donde-esta-salud-mental","tag-juan-pablo-uribe-gonzalez","tag-por-que-es-importante-nuestra-salud-mental","tag-por-que-la-salud-mental-es-tan-importante","tag-quien-atiende-la-salud-mental","tag-quien-descubrio-la-salud-mental","tag-quien-estudia-la-salud-mental","tag-secretaria-de-salud","tag-valentin-herrera-alarcon","tag-xalapa"],"_links":{"self":[{"href":"https:\/\/www.ssaver.gob.mx\/difusion\/wp-json\/wp\/v2\/posts\/4549","targetHints":{"allow":["GET"]}}],"collection":[{"href":"https:\/\/www.ssaver.gob.mx\/difusion\/wp-json\/wp\/v2\/posts"}],"about":[{"href":"https:\/\/www.ssaver.gob.mx\/difusion\/wp-json\/wp\/v2\/types\/post"}],"author":[{"embeddable":true,"href":"https:\/\/www.ssaver.gob.mx\/difusion\/wp-json\/wp\/v2\/users\/59"}],"replies":[{"embeddable":true,"href":"https:\/\/www.ssaver.gob.mx\/difusion\/wp-json\/wp\/v2\/comments?post=4549"}],"version-history":[{"count":2,"href":"https:\/\/www.ssaver.gob.mx\/difusion\/wp-json\/wp\/v2\/posts\/4549\/revisions"}],"predecessor-version":[{"id":4562,"href":"https:\/\/www.ssaver.gob.mx\/difusion\/wp-json\/wp\/v2\/posts\/4549\/revisions\/4562"}],"wp:featuredmedia":[{"embeddable":true,"href":"https:\/\/www.ssaver.gob.mx\/difusion\/wp-json\/wp\/v2\/media\/4556"}],"wp:attachment":[{"href":"https:\/\/www.ssaver.gob.mx\/difusion\/wp-json\/wp\/v2\/media?parent=4549"}],"wp:term":[{"taxonomy":"category","embeddable":true,"href":"https:\/\/www.ssaver.gob.mx\/difusion\/wp-json\/wp\/v2\/categories?post=4549"},{"taxonomy":"post_tag","embeddable":true,"href":"https:\/\/www.ssaver.gob.mx\/difusion\/wp-json\/wp\/v2\/tags?post=4549"}],"curies":[{"name":"wp","href":"https:\/\/api.w.org\/{rel}","templated":true}]}}