{"id":4560,"date":"2025-03-15T11:13:00","date_gmt":"2025-03-15T17:13:00","guid":{"rendered":"https:\/\/www.ssaver.gob.mx\/difusion\/?p=4560"},"modified":"2025-09-11T13:49:55","modified_gmt":"2025-09-11T18:49:55","slug":"fotogaleria-atencion-integral-contra-las-adicciones-21-anos-de-compromiso-en-cuspide","status":"publish","type":"post","link":"https:\/\/www.ssaver.gob.mx\/difusion\/2025\/03\/15\/fotogaleria-atencion-integral-contra-las-adicciones-21-anos-de-compromiso-en-cuspide\/","title":{"rendered":"Fotogaler\u00eda: Atenci\u00f3n integral contra las adicciones: 21 a\u00f1os de compromiso en C\u00daSPIDE"},"content":{"rendered":"\n<div class=\"blockart-slider blockart-slider-12cb7061\"><div class=\"splide\"><div class=\"splide__track\"><ul class=\"splide__list\">\n<li class=\"blockart-slide blockart-slide-4aa09626 splide__slide\">\n<figure class=\"wp-block-image size-large\"><img loading=\"lazy\" decoding=\"async\" width=\"1024\" height=\"594\" src=\"https:\/\/www.ssaver.gob.mx\/difusion\/wp-content\/uploads\/sites\/23\/2025\/03\/PHOTO-2025-03-15-11-02-09-5-2-1024x594.jpg\" alt=\"\" class=\"wp-image-4561\" srcset=\"https:\/\/www.ssaver.gob.mx\/difusion\/wp-content\/uploads\/sites\/23\/2025\/03\/PHOTO-2025-03-15-11-02-09-5-2-1024x594.jpg 1024w, https:\/\/www.ssaver.gob.mx\/difusion\/wp-content\/uploads\/sites\/23\/2025\/03\/PHOTO-2025-03-15-11-02-09-5-2-300x174.jpg 300w, https:\/\/www.ssaver.gob.mx\/difusion\/wp-content\/uploads\/sites\/23\/2025\/03\/PHOTO-2025-03-15-11-02-09-5-2-768x445.jpg 768w, https:\/\/www.ssaver.gob.mx\/difusion\/wp-content\/uploads\/sites\/23\/2025\/03\/PHOTO-2025-03-15-11-02-09-5-2.jpg 1280w\" sizes=\"auto, (max-width: 1024px) 100vw, 1024px\" \/><figcaption class=\"wp-element-caption\">La&nbsp;<strong>Secretar\u00eda de Salud<\/strong>&nbsp;promueve la prevenci\u00f3n y tratamiento de las adicciones a trav\u00e9s del&nbsp;<strong>Centro Estatal contra las Adicciones C\u00daSPIDE<\/strong>, la \u00fanica cl\u00ednica gubernamental certificada por la Comisi\u00f3n Nacional contra las Adicciones (CONADIC) en el estado.. Foto: Marco Antonio\/ Secretar\u00eda de Salud.<\/figcaption><\/figure>\n<\/li>\n\n\n\n<li class=\"blockart-slide blockart-slide-5ea63f5b splide__slide\">\n<figure class=\"wp-block-image size-large\"><img loading=\"lazy\" decoding=\"async\" width=\"1024\" height=\"689\" src=\"https:\/\/www.ssaver.gob.mx\/difusion\/wp-content\/uploads\/sites\/23\/2025\/03\/PHOTO-2025-03-15-11-02-09-1-1024x689.jpg\" alt=\"\" class=\"wp-image-4563\" srcset=\"https:\/\/www.ssaver.gob.mx\/difusion\/wp-content\/uploads\/sites\/23\/2025\/03\/PHOTO-2025-03-15-11-02-09-1-1024x689.jpg 1024w, https:\/\/www.ssaver.gob.mx\/difusion\/wp-content\/uploads\/sites\/23\/2025\/03\/PHOTO-2025-03-15-11-02-09-1-300x202.jpg 300w, https:\/\/www.ssaver.gob.mx\/difusion\/wp-content\/uploads\/sites\/23\/2025\/03\/PHOTO-2025-03-15-11-02-09-1-768x517.jpg 768w, https:\/\/www.ssaver.gob.mx\/difusion\/wp-content\/uploads\/sites\/23\/2025\/03\/PHOTO-2025-03-15-11-02-09-1.jpg 1280w\" sizes=\"auto, (max-width: 1024px) 100vw, 1024px\" \/><figcaption class=\"wp-element-caption\"><strong>C\u00daSPIDE<\/strong>&nbsp;cuenta con un modelo de atenci\u00f3n mixta para hombres y mujeres, con capacidad para 60 pacientes (40 adultos y 20 menores de edad), e involucra a las familias en el proceso de rehabilitaci\u00f3n, brindando acompa\u00f1amiento hasta seis meses despu\u00e9s del egreso.. Foto: Marco Antonio \/Secretar\u00eda de Salud.<\/figcaption><\/figure>\n<\/li>\n\n\n\n<li class=\"blockart-slide blockart-slide-76c813ae splide__slide\">\n<figure class=\"wp-block-image size-large\"><img loading=\"lazy\" decoding=\"async\" width=\"1024\" height=\"759\" src=\"https:\/\/www.ssaver.gob.mx\/difusion\/wp-content\/uploads\/sites\/23\/2025\/03\/PHOTO-2025-03-15-11-02-10-1-1024x759.jpg\" alt=\"\" class=\"wp-image-4564\" srcset=\"https:\/\/www.ssaver.gob.mx\/difusion\/wp-content\/uploads\/sites\/23\/2025\/03\/PHOTO-2025-03-15-11-02-10-1-1024x759.jpg 1024w, https:\/\/www.ssaver.gob.mx\/difusion\/wp-content\/uploads\/sites\/23\/2025\/03\/PHOTO-2025-03-15-11-02-10-1-300x222.jpg 300w, https:\/\/www.ssaver.gob.mx\/difusion\/wp-content\/uploads\/sites\/23\/2025\/03\/PHOTO-2025-03-15-11-02-10-1-768x569.jpg 768w, https:\/\/www.ssaver.gob.mx\/difusion\/wp-content\/uploads\/sites\/23\/2025\/03\/PHOTO-2025-03-15-11-02-10-1.jpg 1280w\" sizes=\"auto, (max-width: 1024px) 100vw, 1024px\" \/><figcaption class=\"wp-element-caption\">Desde su inauguraci\u00f3n el 13 de marzo de 2004, brinda atenci\u00f3n integral a personas con problemas de adicci\u00f3n y apoyo a sus familias, y en 21 a\u00f1os de servicio, ha realizado m\u00e1s de 7 mil 500 valoraciones m\u00e9dicas, tratado a 4 mil 600 pacientes en internamiento y ofrecido terapia a m\u00e1s de 20 mil familiares; adem\u00e1s, desarrolla programas de prevenci\u00f3n en escuelas y empresas para reducir el consumo de sustancias nocivas. Foto: Marco Antonio \/Secretar\u00eda de Salud.<\/figcaption><\/figure>\n<\/li>\n\n\n\n<li class=\"blockart-slide blockart-slide-ad782473 splide__slide\">\n<figure class=\"wp-block-image size-large\"><img loading=\"lazy\" decoding=\"async\" width=\"1024\" height=\"694\" src=\"https:\/\/www.ssaver.gob.mx\/difusion\/wp-content\/uploads\/sites\/23\/2025\/03\/PHOTO-2025-03-15-11-02-09-4-1-1024x694.jpg\" alt=\"\" class=\"wp-image-4565\" srcset=\"https:\/\/www.ssaver.gob.mx\/difusion\/wp-content\/uploads\/sites\/23\/2025\/03\/PHOTO-2025-03-15-11-02-09-4-1-1024x694.jpg 1024w, https:\/\/www.ssaver.gob.mx\/difusion\/wp-content\/uploads\/sites\/23\/2025\/03\/PHOTO-2025-03-15-11-02-09-4-1-300x203.jpg 300w, https:\/\/www.ssaver.gob.mx\/difusion\/wp-content\/uploads\/sites\/23\/2025\/03\/PHOTO-2025-03-15-11-02-09-4-1-768x520.jpg 768w, https:\/\/www.ssaver.gob.mx\/difusion\/wp-content\/uploads\/sites\/23\/2025\/03\/PHOTO-2025-03-15-11-02-09-4-1.jpg 1280w\" sizes=\"auto, (max-width: 1024px) 100vw, 1024px\" \/><figcaption class=\"wp-element-caption\">Entre sus iniciativas m\u00e1s destacadas se encuentra el Programa PIR (Profesionales en Residencial), que capacita a especialistas en salud para mejorar la intervenci\u00f3n en casos de adicci\u00f3n y fortalecer la red de apoyo del paciente. Foto: Marco Antonio \/ Secretar\u00eda de Salud.<\/figcaption><\/figure>\n<\/li>\n\n\n\n<li class=\"blockart-slide blockart-slide-258aec49 splide__slide\">\n<figure class=\"wp-block-image size-large\"><img loading=\"lazy\" decoding=\"async\" width=\"1024\" height=\"635\" src=\"https:\/\/www.ssaver.gob.mx\/difusion\/wp-content\/uploads\/sites\/23\/2025\/03\/PHOTO-2025-03-15-11-02-09-3-1-1024x635.jpg\" alt=\"\" class=\"wp-image-4566\" srcset=\"https:\/\/www.ssaver.gob.mx\/difusion\/wp-content\/uploads\/sites\/23\/2025\/03\/PHOTO-2025-03-15-11-02-09-3-1-1024x635.jpg 1024w, https:\/\/www.ssaver.gob.mx\/difusion\/wp-content\/uploads\/sites\/23\/2025\/03\/PHOTO-2025-03-15-11-02-09-3-1-300x186.jpg 300w, https:\/\/www.ssaver.gob.mx\/difusion\/wp-content\/uploads\/sites\/23\/2025\/03\/PHOTO-2025-03-15-11-02-09-3-1-768x476.jpg 768w, https:\/\/www.ssaver.gob.mx\/difusion\/wp-content\/uploads\/sites\/23\/2025\/03\/PHOTO-2025-03-15-11-02-09-3-1.jpg 1280w\" sizes=\"auto, (max-width: 1024px) 100vw, 1024px\" \/><figcaption class=\"wp-element-caption\">El director, Carlos Jos\u00e9 S\u00e1enz \u00c1lvarez, destac\u00f3 que, aunque&nbsp;<strong>C\u00daSPIDE<\/strong>&nbsp;ofrece uno de los tratamientos m\u00e1s eficaces en el manejo de adicciones, el internamiento debe ser la \u00faltima opci\u00f3n tras agotar alternativas familiares, sociales y m\u00e9dicas.. Foto: Marco Antonio\/Secretar\u00eda de Salud.<\/figcaption><\/figure>\n<\/li>\n\n\n\n<li class=\"blockart-slide blockart-slide-3bee836f splide__slide\">\n<figure class=\"wp-block-image size-large\"><img loading=\"lazy\" decoding=\"async\" width=\"1024\" height=\"710\" src=\"https:\/\/www.ssaver.gob.mx\/difusion\/wp-content\/uploads\/sites\/23\/2025\/03\/PHOTO-2025-03-15-11-02-09-2-1-1024x710.jpg\" alt=\"\" class=\"wp-image-4567\" srcset=\"https:\/\/www.ssaver.gob.mx\/difusion\/wp-content\/uploads\/sites\/23\/2025\/03\/PHOTO-2025-03-15-11-02-09-2-1-1024x710.jpg 1024w, https:\/\/www.ssaver.gob.mx\/difusion\/wp-content\/uploads\/sites\/23\/2025\/03\/PHOTO-2025-03-15-11-02-09-2-1-300x208.jpg 300w, https:\/\/www.ssaver.gob.mx\/difusion\/wp-content\/uploads\/sites\/23\/2025\/03\/PHOTO-2025-03-15-11-02-09-2-1-768x533.jpg 768w, https:\/\/www.ssaver.gob.mx\/difusion\/wp-content\/uploads\/sites\/23\/2025\/03\/PHOTO-2025-03-15-11-02-09-2-1-392x272.jpg 392w, https:\/\/www.ssaver.gob.mx\/difusion\/wp-content\/uploads\/sites\/23\/2025\/03\/PHOTO-2025-03-15-11-02-09-2-1-130x90.jpg 130w, https:\/\/www.ssaver.gob.mx\/difusion\/wp-content\/uploads\/sites\/23\/2025\/03\/PHOTO-2025-03-15-11-02-09-2-1.jpg 1280w\" sizes=\"auto, (max-width: 1024px) 100vw, 1024px\" \/><figcaption class=\"wp-element-caption\">El compromiso de los tres \u00f3rdenes de gobierno con la rehabilitaci\u00f3n y reinserci\u00f3n social de las personas con problemas de adicci\u00f3n ha sido reiterado por la presidenta Claudia Sheinbaum Pardo,<strong>&nbsp;la gobernadora, Roc\u00edo Nahle Garc\u00eda<\/strong>, y&nbsp;<strong>el secretario de Salud, Valent\u00edn H<\/strong>errera Alarc\u00f3n. Foto: Marco Antonio \/Secretar\u00eda de Salud.<\/figcaption><\/figure>\n<\/li>\n<\/ul><\/div><div class=\"splide__arrows\"><div role=\"button\" class=\"splide__arrow splide__arrow--prev\"><\/div><div role=\"button\" class=\"splide__arrow splide__arrow--next\"><\/div><\/div><\/div><\/div>\n\n\n\n<p><\/p>\n","protected":false},"excerpt":{"rendered":"","protected":false},"author":59,"featured_media":4563,"comment_status":"closed","ping_status":"closed","sticky":false,"template":"","format":"standard","meta":{"colormag_page_container_layout":"default_layout","colormag_page_sidebar_layout":"default_layout","footnotes":""},"categories":[120,115],"tags":[356,355,750,337,353,751,341,357,189,184,343,354,142],"class_list":["post-4560","post","type-post","status-publish","format-standard","has-post-thumbnail","hentry","category-galeria-de-la-salud","category-general","tag-adicciones-son-enfermedades","tag-adicciones-son-malas","tag-apoyo-del-director-general","tag-cuando-surgieron-las-adicciones","tag-cuspide","tag-juan-pablo-uribe-gonzalez","tag-que-adicciones-hay","tag-quien-trata-adicciones","tag-secretaria-de-salud-de-veracruz","tag-sesver","tag-son-adicciones","tag-son-adicciones-hereditarias","tag-veracruz"],"_links":{"self":[{"href":"https:\/\/www.ssaver.gob.mx\/difusion\/wp-json\/wp\/v2\/posts\/4560","targetHints":{"allow":["GET"]}}],"collection":[{"href":"https:\/\/www.ssaver.gob.mx\/difusion\/wp-json\/wp\/v2\/posts"}],"about":[{"href":"https:\/\/www.ssaver.gob.mx\/difusion\/wp-json\/wp\/v2\/types\/post"}],"author":[{"embeddable":true,"href":"https:\/\/www.ssaver.gob.mx\/difusion\/wp-json\/wp\/v2\/users\/59"}],"replies":[{"embeddable":true,"href":"https:\/\/www.ssaver.gob.mx\/difusion\/wp-json\/wp\/v2\/comments?post=4560"}],"version-history":[{"count":3,"href":"https:\/\/www.ssaver.gob.mx\/difusion\/wp-json\/wp\/v2\/posts\/4560\/revisions"}],"predecessor-version":[{"id":4571,"href":"https:\/\/www.ssaver.gob.mx\/difusion\/wp-json\/wp\/v2\/posts\/4560\/revisions\/4571"}],"wp:featuredmedia":[{"embeddable":true,"href":"https:\/\/www.ssaver.gob.mx\/difusion\/wp-json\/wp\/v2\/media\/4563"}],"wp:attachment":[{"href":"https:\/\/www.ssaver.gob.mx\/difusion\/wp-json\/wp\/v2\/media?parent=4560"}],"wp:term":[{"taxonomy":"category","embeddable":true,"href":"https:\/\/www.ssaver.gob.mx\/difusion\/wp-json\/wp\/v2\/categories?post=4560"},{"taxonomy":"post_tag","embeddable":true,"href":"https:\/\/www.ssaver.gob.mx\/difusion\/wp-json\/wp\/v2\/tags?post=4560"}],"curies":[{"name":"wp","href":"https:\/\/api.w.org\/{rel}","templated":true}]}}