{"id":4573,"date":"2025-03-18T11:31:34","date_gmt":"2025-03-18T17:31:34","guid":{"rendered":"https:\/\/www.ssaver.gob.mx\/difusion\/?p=4573"},"modified":"2025-09-11T13:49:41","modified_gmt":"2025-09-11T18:49:41","slug":"sesver-exhorta-a-padres-y-madres-a-completar-esquema-de-vacunacion-de-menores","status":"publish","type":"post","link":"https:\/\/www.ssaver.gob.mx\/difusion\/2025\/03\/18\/sesver-exhorta-a-padres-y-madres-a-completar-esquema-de-vacunacion-de-menores\/","title":{"rendered":"SESVER exhorta a padres y madres a completar esquema de vacunaci\u00f3n de menores"},"content":{"rendered":"\n<p class=\"blockart-paragraph blockart-paragraph-f5a8ee4c\"><strong>SESVER exhorta a padres y madres a completar esquema de vacunaci\u00f3n de menores<\/strong><\/p>\n\n\n\n<p class=\"blockart-paragraph blockart-paragraph-2d7ff7ae\"><br>&#8211; En Veracruz no se registran casos de sarampi\u00f3n y actualmente se dispone de 269 mil dosis de la vacuna Triple Viral<br><br>&#8211; El sector salud atento y con abasto de vacunas ante alerta epidemiol\u00f3gica por tosferina y sarampi\u00f3n<br><br><br><\/p>\n\n\n\n<p class=\"has-medium-font-size\">Xalapa, Ver., martes 18 de marzo de 2025.- En Veracruz no hay registro de contagios por <strong>sarampi\u00f3n<\/strong>, sin embargo, la <strong>Secretar\u00eda de Salud<\/strong> exhorta a la poblaci\u00f3n a completar sus <strong>esquemas de vacunaci\u00f3n<\/strong>, especialmente en ni\u00f1os, ya que esta es la medida m\u00e1s efectiva para prevenir la enfermedad.&nbsp;<\/p>\n\n\n\n<p class=\"has-medium-font-size\">Hasta la Semana Epidemiol\u00f3gica 10, el Comit\u00e9 Nacional para la Vigilancia Epidemiol\u00f3gica ha confirmado <strong>22 casos de sarampi\u00f3n en M\u00e9xico: 18 en Chihuahua y 4 en Oaxaca<\/strong>.&nbsp;<\/p>\n\n\n\n<p class=\"has-medium-font-size\"><strong>En los hospitales, centros y unidades de salud en Veracruz<\/strong> <strong>se cuenta con total 269 mil dosis de la vacuna Triple Viral, que protege contra sarampi\u00f3n, rub\u00e9ola y parotiditis, disponibles para su aplicaci\u00f3n.&nbsp;<\/strong><\/p>\n\n\n\n<p class=\"has-medium-font-size\">El<strong> sarampi\u00f3n<\/strong> se transmite por gotas suspendidas en el aire o contacto con secreciones de personas infectadas; los s\u00edntomas incluyen fiebre alta, ojos enrojecidos, congesti\u00f3n nasal, tos, puntos blancos en la boca y un exantema (manchas rojas) que comienza en la cara y se extiende al cuerpo.&nbsp;<\/p>\n\n\n\n<p class=\"has-medium-font-size\"><strong>El Gobierno del Estado recomienda informarse a trav\u00e9s de fuentes oficiales, como el sitio web <\/strong><a href=\"https:\/\/www.ssaver.gob.mx \">https:\/\/www.ssaver.gob.mx <\/a> y redes sociales.<\/p>\n\n\n\n<p><\/p>\n\n\n\n<p class=\"has-text-color has-link-color has-medium-font-size wp-elements-cb8e8c1a3ed727172f9f4e9c98a191f4\" style=\"color:#660c0c\"><strong>Tambi\u00e9n te puede interesar.- <\/strong><\/p>\n\n\n\n<p class=\"has-text-color has-link-color has-medium-font-size wp-elements-a1c28c4b06f3006c9371ccc68ddbd0d0\" style=\"color:#660c0c\"><a href=\"https:\/\/www.ssaver.gob.mx\/difusion\/2025\/03\/11\/vacuna-contra-tosferina-disponible-en-hospitales-centros-de-salud\/\" data-type=\"link\" data-id=\"https:\/\/www.ssaver.gob.mx\/difusion\/2025\/03\/11\/vacuna-contra-tosferina-disponible-en-hospitales-centros-de-salud\/\"><strong>Vacuna contra la tosferina disponible en hospitales, centros de salud y unidades m\u00e9dicas\u00a0<\/strong><\/a><\/p>\n\n\n\n<p class=\"has-text-color has-link-color has-medium-font-size wp-elements-fe3592fd993e76745fd3e4f55d27f5db\" style=\"color:#660c0c\"><strong> <\/strong><\/p>\n\n\n\n<p class=\"has-medium-font-size\"><\/p>\n\n\n\n<p><\/p>\n\n\n\n<hr class=\"wp-block-separator has-alpha-channel-opacity\" \/>\n\n\n\n<p><\/p>\n","protected":false},"excerpt":{"rendered":"<p>Xalapa, Ver., martes 18 de marzo de 2025.- En Veracruz no hay registro de contagios por sarampi\u00f3n, sin embargo, la<\/p>\n","protected":false},"author":59,"featured_media":4579,"comment_status":"closed","ping_status":"closed","sticky":false,"template":"","format":"standard","meta":{"colormag_page_container_layout":"default_layout","colormag_page_sidebar_layout":"default_layout","footnotes":""},"categories":[119,115],"tags":[750,361,360,751,366,359,358,362,363,364,365,189,184,191,137],"class_list":["post-4573","post","type-post","status-publish","format-standard","has-post-thumbnail","hentry","category-comunicados","category-general","tag-apoyo-del-director-general","tag-casos-de-sarampion-en-mexico","tag-como-se-contagia-el-sarampion","tag-juan-pablo-uribe-gonzalez","tag-por-que-sale-sarampion","tag-que-es-sarampion","tag-sarampion","tag-sarampion-cual-es-el-virus","tag-sarampion-cual-es-la-vacuna","tag-sarampion-cuando-se-vacuna","tag-sarampion-quien-lo-descubrio","tag-secretaria-de-salud-de-veracruz","tag-sesver","tag-valentin-herrera-alarcon","tag-xalapa"],"_links":{"self":[{"href":"https:\/\/www.ssaver.gob.mx\/difusion\/wp-json\/wp\/v2\/posts\/4573","targetHints":{"allow":["GET"]}}],"collection":[{"href":"https:\/\/www.ssaver.gob.mx\/difusion\/wp-json\/wp\/v2\/posts"}],"about":[{"href":"https:\/\/www.ssaver.gob.mx\/difusion\/wp-json\/wp\/v2\/types\/post"}],"author":[{"embeddable":true,"href":"https:\/\/www.ssaver.gob.mx\/difusion\/wp-json\/wp\/v2\/users\/59"}],"replies":[{"embeddable":true,"href":"https:\/\/www.ssaver.gob.mx\/difusion\/wp-json\/wp\/v2\/comments?post=4573"}],"version-history":[{"count":3,"href":"https:\/\/www.ssaver.gob.mx\/difusion\/wp-json\/wp\/v2\/posts\/4573\/revisions"}],"predecessor-version":[{"id":4587,"href":"https:\/\/www.ssaver.gob.mx\/difusion\/wp-json\/wp\/v2\/posts\/4573\/revisions\/4587"}],"wp:featuredmedia":[{"embeddable":true,"href":"https:\/\/www.ssaver.gob.mx\/difusion\/wp-json\/wp\/v2\/media\/4579"}],"wp:attachment":[{"href":"https:\/\/www.ssaver.gob.mx\/difusion\/wp-json\/wp\/v2\/media?parent=4573"}],"wp:term":[{"taxonomy":"category","embeddable":true,"href":"https:\/\/www.ssaver.gob.mx\/difusion\/wp-json\/wp\/v2\/categories?post=4573"},{"taxonomy":"post_tag","embeddable":true,"href":"https:\/\/www.ssaver.gob.mx\/difusion\/wp-json\/wp\/v2\/tags?post=4573"}],"curies":[{"name":"wp","href":"https:\/\/api.w.org\/{rel}","templated":true}]}}